{"id":2037,"date":"2021-01-14T13:44:34","date_gmt":"2021-01-14T16:44:34","guid":{"rendered":"https:\/\/charming-archimedes.50-17-123-235.plesk.page\/index.php\/2021\/01\/14\/salario-minimo-aprovado-2021-2\/"},"modified":"2021-01-14T13:44:34","modified_gmt":"2021-01-14T16:44:34","slug":"salario-minimo-aprovado-2021-2","status":"publish","type":"post","link":"https:\/\/qrpoint.io\/blog\/salario-minimo-aprovado-2021-2\/","title":{"rendered":"Sal\u00e1rio m\u00ednimo 2021 aprovado: tabela INSS, al\u00edquotas e ajustes"},"content":{"rendered":"\n<p>Seja voc\u00ea gestor ou colaborador, \u00e9 muito importante estar atento \u00e0s mudan\u00e7as do sal\u00e1rio m\u00ednimo 2021 aprovado.<\/p>\n\n\n\n<p>Sobretudo porque, no dia 12 de janeiro, foi disponibilizado pelo Minist\u00e9rio da Economia, o novo reajuste dos benef\u00edcios pagos pelo Instituto Nacional do Seguro Social (INSS) e dos demais valores constantes do Regulamento da Previd\u00eancia Social &#8211; RPS.<\/p>\n\n\n\n<p>Por isso, se voc\u00ea ainda tem d\u00favidas sobre o sal\u00e1rio m\u00ednimo 2021,  esse artigo vai te ajudar! Coloquei nele  tudo que voc\u00ea precisa saber sobre o assunto, como:&nbsp;<\/p>\n\n\n\n<ul class=\"wp-block-list\"><li>Qual o valor do sal\u00e1rio m\u00ednimo 2021 aprovado?;<\/li><li>Como funciona para aposentados ?;<\/li><li>Qual o valor do sal\u00e1rio m\u00ednimo regional 2021?;<\/li><li>Quais as mudan\u00e7as nos benef\u00edcios de acordo com o Sal\u00e1rio m\u00ednimo 2021?;<\/li><li>Afinal, quais os descontos do Sal\u00e1rio Bruto 2021?;<\/li><li>Como fazer com o pagamento de sal\u00e1rios em 2021?;<\/li><li>Dicas para lidar com o <a href=\\\"http:\/\/charming-archimedes.50-17-123-235.plesk.page\/blog\/novo-normal\\\"><strong>Novo Normal<\/strong><\/a> na folha de pagamento;<\/li><\/ul>\n\n\n\n<p>Confira!<\/p>\n\n\n\n<h2 class=\"wp-block-heading\"><strong>Qual o valor do sal\u00e1rio m\u00ednimo 2021 aprovado?<\/strong><\/h2>\n\n\n\n<p>O <strong>sal\u00e1rio m\u00ednimo 2021 aprovado<\/strong> \u00e9 de R$ 1.045 para R$ 1.100. Por isso, o reajuste \u00e9 determinado a partir da Medida Provis\u00f3ria (MP) 1.021 \/2020. Assim, pelo segundo ano consecutivo n\u00e3o h\u00e1 aumento real no valor do sal\u00e1rio m\u00ednimo, que ocorria at\u00e9 o ano de 2019.<\/p>\n\n\n\n<p>Isso porque o \u00cdndice Nacional de Pre\u00e7os ao Consumidor (INPC), que \u00e9 tido como refer\u00eancia para o reequil\u00edbrio dos benef\u00edcios previdenci\u00e1rios, teve alta de 5,45%.<\/p>\n\n\n\n<p>Enquanto isso, o aumento no valor do <strong>sal\u00e1rio m\u00ednimo 2021 aprovado<\/strong> representa apenas 5,26%.<\/p>\n\n\n\n<p>Mas ent\u00e3o, como fica a situa\u00e7\u00e3o para os aposentados?<\/p>\n\n\n\n<h2 class=\"wp-block-heading\"><strong>Aumento no sal\u00e1rio m\u00ednimo 2021 aposentado<\/strong><\/h2>\n\n\n\n<p>Dessa forma, para aposentados e pensionistas do INSS, aqueles que recebem benef\u00edcios que s\u00e3o acima de um sal\u00e1rio m\u00ednimo contar\u00e3o com um reajuste de 5,45%.<\/p>\n\n\n\n<p>Sendo assim, o valor para eles ficar\u00e1 de R$ 1.101,95, n\u00e3o havendo perda no poder de compra.<\/p>\n\n\n\n<p>Por isso, com esse reajuste, o teto da previd\u00eancia social deve subir de R$ 6.101,06 para R$ 6.433,50.<\/p>\n\n\n\n<p>Portanto, o valor usado como refer\u00eancia para calcular o desconto salarial daqueles que trabalham de carteira assinada tamb\u00e9m ser\u00e1 esse.<\/p>\n\n\n\n<p>Assim, veja a seguir como fica o <strong>sal\u00e1rio m\u00ednimo 2021 aprovado<\/strong> em estados onde o valor se altera:<\/p>\n\n\n\n<h2 class=\"wp-block-heading\"><strong>Qual o valor do sal\u00e1rio m\u00ednimo regional 2021?<\/strong><\/h2>\n\n\n\n<p>Os cinco estados que n\u00e3o seguem o piso nacional de <a href=\\\"http:\/\/charming-archimedes.50-17-123-235.plesk.page\/blog\/aumento-do-salario-minimo-e-pra-todo-mundo\/\\\">aumento do <strong>sal\u00e1rio m\u00ednimo<\/strong><\/a><strong> 2021 aprovado<\/strong> s\u00e3o: Rio de Janeiro, Rio Grande do Sul, S\u00e3o Paulo, Paran\u00e1 e Santa Catarina.<\/p>\n\n\n\n<p>Por isso, os valores ir\u00e3o variar dentro da seguinte faixa:<\/p>\n\n\n\n<ul class=\"wp-block-list\"><li>(RJ) Rio de Janeiro: de R$ 1.238,11 a R$ 3.158,96 (ainda n\u00e3o aprovado)<\/li><li>(RS) Rio Grande do Sul: de R$ 1.237,15 a R$ 1.638,36 (ainda n\u00e3o aprovado)<\/li><li>(SC) Santa Catarina: de R$ 1.215,00 a R$ 1.391,00 (ainda n\u00e3o aprovado)<\/li><li>(SP) S\u00e3o Paulo: de R$ 1.163,55 a R$ 1.183,33 (ainda n\u00e3o aprovado)<\/li><li>(PR) Paran\u00e1: de R$ 1.467,40 a R$ 1.696,20 (J\u00e1 aprovado)<\/li><\/ul>\n\n\n\n<p>Assim, com os valores do <strong>sal\u00e1rio m\u00ednimo 2021 aprovado<\/strong> e da aposentadoria, veja a seguir os benef\u00edcios que ser\u00e3o alterados de acordo com eles.<\/p>\n\n\n\n<h2 class=\"wp-block-heading\"><strong>Veja as mudan\u00e7as nos benef\u00edcios de acordo com o Sal\u00e1rio m\u00ednimo 2021 aprovado<\/strong><\/h2>\n\n\n\n<p>Algumas verbas federais mudaram com a chegada do <a href=\\\"http:\/\/charming-archimedes.50-17-123-235.plesk.page\/blog\/aumento-do-salario-minimo-como-e-feito-o-calculo\/\\\">reajuste do ano<\/a> de 2021 do sal\u00e1rio m\u00ednimo. Veja abaixo as cinco principais mudan\u00e7as:<\/p>\n\n\n\n<h3 class=\"wp-block-heading\"><strong>INSS<\/strong><\/h3>\n\n\n\n<p>Assim, al\u00e9m do reajuste de teto e piso para os aposentados, que j\u00e1 foram citados, outras mudan\u00e7as tamb\u00e9m ocorreram.<\/p>\n\n\n\n<p>Portanto, uma delas foi no valor-limite com o qual o segurado pode ir \u00e0 Justi\u00e7a contra o INSS, sem a <a href=\\\"http:\/\/charming-archimedes.50-17-123-235.plesk.page\/blog\/processos-trabalhistas-saiba-o-que-pode-colocar-sua-empresa-em-risco\/\\\">necessidade de um advogado<\/a>. Esse aumento foi para at\u00e9 60 sal\u00e1rios.<\/p>\n\n\n\n<h4 class=\"wp-block-heading\"><strong>Como fica a tabela de INSS 2021?<\/strong><\/h4>\n\n\n\n<p>A <strong>tabela de INSS 2021<\/strong>, portanto, de acordo com as al\u00edquotas ficam da seguinte maneira:<\/p>\n\n\n\n<figure class=\\\"wp-block-image\\\"><img src=\\\"http:\/\/charming-archimedes.50-17-123-235.plesk.page\/wp-content\/uploads\/2021\/01\/salario-minimo-aprovado-2021-tabela-inss.png\\\" alt=\\\"\\\" class=\\\"wp-image-2045\\\"\/><\/figure>\n\n\n\n<h3 class=\"wp-block-heading\"><strong>Como fica o Calend\u00e1rio de pagamento de benef\u00edcios INSS 2021?<\/strong><\/h3>\n\n\n\n<p>O calend\u00e1rio de pagamento de benef\u00edcios INSS 2021 fica da seguinte forma:<\/p>\n\n\n\n<table class=\\\"wp-block-table\\\"><tbody><tr><td>   N\u00b0 de             inscri\u00e7\u00e3o<\/td><td>At\u00e9 1 sal\u00e1rio m\u00ednimo<\/td><td>Mais de 1 sal\u00e1rio m\u00ednimo<\/td><\/tr><tr><td>Com final 1<\/td><td>25\/1; 22\/2; 25\/3; 26\/4; 25\/5; 24\/6; 26\/7; 25\/8; 24\/9; 25\/10; 24\/11 e 23\/12<\/td><td>1\u00ba\/2; 1\u00ba\/3; 1\u00ba\/4; 3\/5; 1\u00ba\/6; 1\u00ba\/7; 2\/8; 1\u00ba\/9; 1\u00ba\/10; 1\u00ba\/11; 1\u00ba\/12 e 3\/1\/2022<\/td><\/tr><tr><td>Com final 2<\/td><td>26\/1; 23\/2; 26\/3; 27\/4; 26\/5; 25\/6; 27\/7; 26\/8; 27\/9; 26\/10; 25\/11 e 27\/12<\/td><td>1\u00ba\/2; 1\u00ba\/3; 1\u00ba\/4; 3\/5; 1\u00ba\/6; 1\u00ba\/7; 2\/8; 1\u00ba\/9; 1\u00ba\/10; 1\u00ba\/11; 1\u00ba\/12 e 3\/1\/2022<\/td><\/tr><tr><td>Com final 3<\/td><td>27\/1; 24\/2; 29\/3; 28\/4; 27\/5; 28\/6; 28\/7; 27\/8; 28\/9; 27\/10; 26\/11 e 28\/12<\/td><td>3\/2; 3\/3; 6\/4; 5\/5; 4\/6; 5\/7; 4\/8; 3\/9; 5\/10; 4\/11; 3\/12 e 5\/1\/2022<\/td><\/tr><tr><td>Com final 4<\/td><td>28\/1; 25\/2; 30\/3; 29\/4; 28\/5; 29\/6; 29\/7; 30\/8; 27\/9; 28\/10; 29\/11 e 29\/12<\/td><td>4\/2; 4\/3; 7\/4; 6\/5; 7\/6; 6\/7; 5\/8; 6\/9; 6\/10; 5\/11; 6\/12 e 6\/1\/2022<\/td><\/tr><tr><td>Com final 5<\/td><td>29\/1; 26\/2; 31\/3; 30\/4; 31\/5; 30\/6; 30\/7; 31\/8; 30\/9; 29\/10; 30\/11 e 30\/12<\/td><td>5\/2; 5\/3; 8\/4; 7\/5; 8\/6; 7\/7; 6\/8; 8\/9; 7\/10; 8\/11; 7\/12 e 7\/1\/2022<\/td><\/tr><tr><td>Com final 6<\/td><td>1\u00ba\/2; 1\u00ba\/3; 1\u00ba\/4; 3\/5; 1\u00ba\/6; 1\u00ba\/7; 2\/8; 1\u00ba\/9; 1\u00ba\/10; 1\u00ba\/11; 1\u00ba\/12 e 3\/1\/2022<\/td><td>1\u00ba\/2; 1\u00ba\/3; 1\u00ba\/4; 3\/5; 1\u00ba\/6; 1\u00ba\/7; 2\/8; 1\u00ba\/9; 1\u00ba\/10; 1\u00ba\/11; 1\u00ba\/12 e 3\/1\/2022<\/td><\/tr><tr><td>Com final 7<\/td><td>2\/2; 2\/3; 05\/4; 04\/5; 02\/6; 02\/7; 03\/8; 02\/9; 04\/10; 03\/11; 02\/12; 04\/1\/2020<\/td><td>1\u00ba\/2; 1\u00ba\/3; 1\u00ba\/4; 3\/5; 1\u00ba\/6; 1\u00ba\/7; 2\/8; 1\u00ba\/9; 1\u00ba\/10; 1\u00ba\/11; 1\u00ba\/12 e 3\/1\/2022<\/td><\/tr><tr><td>Com final 8<\/td><td>3\/2; 3\/3; 6\/4; 5\/5; 4\/6; 5\/7; 4\/8; 3\/9; 5\/10; 4\/11; 3\/12 e 5\/1\/2022<\/td><td>3\/2; 3\/3; 6\/4; 5\/5; 4\/6; 5\/7; 4\/8; 3\/9; 5\/10; 4\/11; 3\/12 e 5\/1\/2022<\/td><\/tr><tr><td>Com final 9<\/td><td>4\/2; 4\/3; 7\/4; 6\/5; 7\/6; 6\/7; 5\/8; 6\/9; 6\/10; 5\/11; 6\/12 e 6\/1\/2022<\/td><td>4\/2; 4\/3; 7\/4; 6\/5; 7\/6; 6\/7; 5\/8; 6\/9; 6\/10; 5\/11; 6\/12 e 6\/1\/2022<\/td><\/tr><tr><td>Com final 0<\/td><td>5\/2; 5\/3; 8\/4; 7\/5; 8\/6; 7\/7; 6\/8; 8\/9; 7\/10; 8\/11; 7\/12 e 7\/1\/2022<\/td><td>5\/2; 5\/3; 8\/4; 7\/5; 8\/6; 7\/7; 6\/8; 8\/9; 7\/10; 8\/11; 7\/12 e 7\/1\/2022<\/td><\/tr><\/tbody><\/table>\n\n\n\n<p>Dessa forma,  vale a pena tamb\u00e9m conferir:<\/p>\n\n\n\n<h4 class=\"wp-block-heading\"><strong>C\u00e1lculos do INSS para quem se aposentou em 2020<\/strong><\/h4>\n\n\n\n<p>Portanto, a tabela de reajustes das cobran\u00e7as e c\u00e1lculos do INSS para quem se aposentou no ano passado: <\/p>\n\n\n\n<figure class=\\\"wp-block-image\\\"><img src=\\\"http:\/\/charming-archimedes.50-17-123-235.plesk.page\/wp-content\/uploads\/2021\/01\/salario-minimo-aprovado-2021-3-1.png\\\" alt=\\\"\\\" class=\\\"wp-image-2056\\\"\/><\/figure>\n\n\n\n<h3 class=\"wp-block-heading\"><strong>Abono Salarial<\/strong><\/h3>\n\n\n\n<p>Neste ano, o valor fora reajustado em acordo com o <strong>sal\u00e1rio m\u00ednimo 2021 aprovado<\/strong> e aqueles que t\u00eam direito ao abono anual poder\u00e3o receber at\u00e9 R$ 1.100<\/p>\n\n\n\n<p>Assim, o benef\u00edcio \u00e9 pago proporcionalmente aos meses trabalhados.<\/p>\n\n\n\n<h3 class=\"wp-block-heading\"><strong>Benef\u00edcio de presta\u00e7\u00e3o continuada<\/strong><\/h3>\n\n\n\n<p>Assim, dia 31\/12\/2020 foi publicado no <a href=\\\"https:\/\/www.in.gov.br\/servicos\/diario-oficial-da-uniao\\\">Di\u00e1rio oficial da Uni\u00e3o<\/a> uma MP que estabelece os crit\u00e9rios de elegibilidade para recebimento do benef\u00edcio.<\/p>\n\n\n\n<p>Dessa forma, tal verba ser\u00e1 direcionada a idosos com 65 anos ou mais e, independente da idade, \u00e0s <a href=\\\"http:\/\/charming-archimedes.50-17-123-235.plesk.page\/blog\/como-realizar-a-gestao-de-pessoas-com-deficiencia\/\\\">PCDs<\/a>, contanto que tenham renda familiar mensal per capita abaixo de um quarto do <strong>sal\u00e1rio m\u00ednimo 2021 aprovado<\/strong>.<\/p>\n\n\n\n<h3 class=\"wp-block-heading\"><strong>Seguro <\/strong><a href=\\\"http:\/\/charming-archimedes.50-17-123-235.plesk.page\/blog\/demissao-de-colaboradores\/\\\"><strong>desemprego<\/strong><\/a><\/h3>\n\n\n\n<p>Para quem recebe o benef\u00edcio, ele \u00e9 calculado de acordo com o sal\u00e1rio que o trabalhador recebia no \u00faltimo emprego.<\/p>\n\n\n\n<p>Assim, a tabela divulgada pelo Minist\u00e9rio da Economia para tal benef\u00edcio \u00e9 lan\u00e7ada assim que ocorre um novo reajuste no sal\u00e1rio m\u00ednimo.<\/p>\n\n\n\n<p>Entretanto, ele \u00e9 calculado com base no INPC e, para 2021, o minist\u00e9rio ainda n\u00e3o fechou esse dado.<\/p>\n\n\n\n<h3 class=\"wp-block-heading\"><strong>DAS \u2013 Simples Nacional<\/strong><\/h3>\n\n\n\n<p>Por isso, com a divulga\u00e7\u00e3o do <strong>sal\u00e1rio m\u00ednimo 2021 aprovado<\/strong>, o <a href=\\\"https:\/\/agilize.com.br\/blog\/simples-nacional\/documento-de-arrecadacao-do-simples-nacional\/\\\"><strong>DAS<\/strong><\/a> traz tamb\u00e9m novas altera\u00e7\u00f5es. Portanto, veja a seguir os valores de contribui\u00e7\u00e3o mensal do MEI para este ano:<\/p>\n\n\n\n<table class=\\\"wp-block-table\\\"><tbody><tr><td><strong>Atividade MEI<\/strong> \/ <strong>Imposto<\/strong><\/td><td><strong>INSS<\/strong><\/td><td><strong>ICMS\/ISS<\/strong><\/td><td><strong>Valor mensal do DAS<\/strong><\/td><\/tr><tr><td>Com\u00e9rcio e Industria \/ <strong>ICMS<\/strong><\/td><td>R$ 55,00<\/td><td>R$ 1,00<\/td><td>R$ 56,00<\/td><\/tr><tr><td>Servi\u00e7os \/ <strong>ISS<\/strong><\/td><td>R$ 55,00<\/td><td>R$ 5,00<\/td><td>R$ 60,00<\/td><\/tr><tr><td>Com\u00e9rcio e Servi\u00e7os \/<strong> ICMS e ISS<\/strong><\/td><td>R$ 55,00<\/td><td>R$ 6,00<\/td><td>R$ 61,00<\/td><\/tr><\/tbody><\/table>\n\n\n\n<p>Assim, para al\u00e9m dessas mudan\u00e7as nos benef\u00edcios, h\u00e1 tamb\u00e9m a cobran\u00e7a de descontos no sal\u00e1rio bruto, tendo em vista a nova tributa\u00e7\u00e3o, quealteram o valor do <strong>sal\u00e1rio m\u00ednimo 2021<\/strong>. <\/p>\n\n\n\n<p>Dessa forma, veja a seguir uma lista com a porcentagem que pode ser cobrada:<\/p>\n\n\n\n<h2 class=\"wp-block-heading\"><strong>Quais os descontos do Sal\u00e1rio Bruto 2021?<\/strong><\/h2>\n\n\n\n<p>Os descontos do Sal\u00e1rio Bruto 2021 s\u00e3o:<\/p>\n\n\n\n<ul class=\"wp-block-list\"><li>Contribui\u00e7\u00e3o previdenci\u00e1ria \u2013 7,5% a 14%<\/li><li>Vale-refei\u00e7\u00e3o \u2013 At\u00e9 20%<\/li><li>Vale transporte \u2013 At\u00e9 6%<\/li><li>Imposto de Renda Pessoa F\u00edsica \u2013 0 a 27,5%<\/li><li>Pens\u00e3o aliment\u00edcia \u2013 At\u00e9 50%<\/li><li>Fundo de Garantia por Tempo de Servi\u00e7o \u2013 8%<\/li><\/ul>\n\n\n\n<p>Portanto, para entender de fato qual recebimento l\u00edquido do <strong>sal\u00e1rio m\u00ednimo 2021 aprovado<\/strong> o colaborador ir\u00e1 ter, ele precisar\u00e1 levar em conta alguns desses descontos, al\u00e9m de assist\u00eancia m\u00e9dica e odontol\u00f3gica, dependendo do local de trabalho.<\/p>\n\n\n\n<h2 class=\"wp-block-heading\"><strong>Como fazer com o pagamento de sal\u00e1rios em 2021?<\/strong><\/h2>\n\n\n\n<p>Para fazer o pagamento de sal\u00e1rios em 2021, os <a href=\\\"http:\/\/charming-archimedes.50-17-123-235.plesk.page\/blog\/o-que-e-gestao-de-rh\/\\\">gestores de RH<\/a> precisam se atentar ao definir quanto e como o colaborador ir\u00e1 receber.<\/p>\n\n\n\n<p>Afinal, a procura dos profissionais da atualidade por empresas que, al\u00e9m do sal\u00e1rio, tamb\u00e9m deem benef\u00edcios \u00e9 grande!<\/p>\n\n\n\n<p>Portanto, os benef\u00edcios devem ser dados com a inten\u00e7\u00e3o de melhorar a sa\u00fade financeira do colaborador e mant\u00ea-lo motivado, <a href=\\\"http:\/\/charming-archimedes.50-17-123-235.plesk.page\/blog\/como-fazer-planejamento-financeiro\/\\\"><strong>auxiliando seu planejamento financeiro<\/strong><\/a>.<\/p>\n\n\n\n<p>O ano vigente \u00e9 particularmente desafiador nesse sentido j\u00e1 que, como vimos, o <strong>sal\u00e1rio m\u00ednimo 2021 aprovado<\/strong> n\u00e3o apresenta aumento real no poder de compra.<\/p>\n\n\n\n<p>Por isso, outro fator que tamb\u00e9m tem sido determinante na hora de escolher quais benef\u00edcios fornecer \u00e9 o <a href=\\\"http:\/\/charming-archimedes.50-17-123-235.plesk.page\/blog\/cuidados-para-empresas-com-funcionarios-idosos\/\\\">Novo Contexto que est\u00e1 sendo vivido<\/a> desde meados de 2020.<\/p>\n\n\n\n<p>Assim, veja a seguir os impactos desse novo cen\u00e1rio no dia a dia pr\u00e1tico do RH e na opta\u00e7\u00e3o por benef\u00edcios:<\/p>\n\n\n\n<h2 class=\"wp-block-heading\"><a href=\\\"http:\/\/charming-archimedes.50-17-123-235.plesk.page\/blog\/novo-normal\/\\\"><strong>Como lidar com o Novo Normal<\/strong><\/a><strong> na folha de pagamento?<\/strong><\/h2>\n\n\n\n<p>Dessa forma, para lidar com o Novo Normal na folha de pagamento, existem dois pontos important\u00edssimos a se considerar este ano na hora de pagar seus colaboradores: <a href=\\\"http:\/\/charming-archimedes.50-17-123-235.plesk.page\/blog\/trabalho-remoto-e-controle-de-ponto\/\\\">o controle de ponto<\/a> nas novas rela\u00e7\u00f5es de trabalho (<a href=\\\"http:\/\/charming-archimedes.50-17-123-235.plesk.page\/blog\/gerenciamento-home-office\/\\\">como home office<\/a>) e a ger\u00eancia de benef\u00edcios.<\/p>\n\n\n\n<p>Portanto, veja a seguir mais sobre ambos:<\/p>\n\n\n\n<h3 class=\"wp-block-heading\"><strong>Como gerir benef\u00edcios pode trazer vantagens a sua empresa<\/strong><\/h3>\n\n\n\n<p>Por isso, a pandemia do Covid 19 mudou completamente o mercado e a forma de consumir e trabalhar dos colaboradores, n\u00e3o \u00e9 verdade?<\/p>\n\n\n\n<p>Assim, para acompanhar tais mudan\u00e7as no h\u00e1bito de consumo (consequentemente, na necessidade de benef\u00edcios) o uso de<a href=\\\"https:\/\/blog.allya.com.br\/desconto-para-funcionarios\/\\\"> pacotes flex\u00edveis de benef\u00edcios<\/a> tem sido uma escolha eficaz dos gestores.<\/p>\n\n\n\n<p>Portanto, os pr\u00f3prios colaboradores s\u00e3o capazes de escolher quais benef\u00edcios lhe cabem melhor e o gestor n\u00e3o perde tempo com essas fun\u00e7\u00f5es, podendo focar no que mais importa: as pessoas!<\/p>\n\n\n\n<p>Ademais, os profissionais t\u00eam optado bastante por benef\u00edcios de aux\u00edlio-financeiro, o que tamb\u00e9m \u00e9 uma \u00f3tima op\u00e7\u00e3o para se atentar e investir!<\/p>\n\n\n\n<h3 class=\"wp-block-heading\"><strong>Benef\u00edcios do controle de ponto virtual<\/strong><\/h3>\n\n\n\n<p>Assim, com o novo panorama de rela\u00e7\u00f5es de trabalho, onde o<a href=\\\"http:\/\/charming-archimedes.50-17-123-235.plesk.page\/blog\/anywhere-office-como-pode-beneficiar-sua-empresa\/\\\"> anywhere office<\/a> foi amplamente disseminado, dando \u00f3timos resultados, saber<a href=\\\"http:\/\/charming-archimedes.50-17-123-235.plesk.page\/blog\/trabalho-remoto-e-controle-de-ponto\/\\\"> conciliar trabalho remoto e controle de ponto<\/a> \u00e9 fundamental.<\/p>\n\n\n\n<p>Portanto, esse problema comum \u00e9 enfrentado pelos gestores desde antes, com o<a href=\\\"http:\/\/charming-archimedes.50-17-123-235.plesk.page\/blog\/controle-de-ponto-para-vendedor-externo\/\\\"> controle de ponto para vendedores externos<\/a>, por\u00e9m se tornou uma <strong>necessidade<\/strong> com a vinda do Covid-19.<\/p>\n\n\n\n<p>Dessa forma, al\u00e9m das<a href=\\\"http:\/\/charming-archimedes.50-17-123-235.plesk.page\/blog\/5-economias-que-o-home-office-pode-trazer-a-sua-empresa\/\\\"> economias que o home office traz<\/a>, usar um software como o da<a href=\\\"http:\/\/charming-archimedes.50-17-123-235.plesk.page\/funcionalidades\/\\\"> QRPoint<\/a> traz diversos benef\u00edcios na hora de gerenciar o sal\u00e1rio dos colaboradores.<\/p>\n\n\n\n<p>Por isso, o QRPoint facilita, por exemplo, o c\u00e1lculo de<a href=\\\"http:\/\/charming-archimedes.50-17-123-235.plesk.page\/funcionalidades\/calculo-de-horas-adicionais-e-faltas\/\\\"> horas adicionais e faltas<\/a> e o envio de<a href=\\\"http:\/\/charming-archimedes.50-17-123-235.plesk.page\/funcionalidades\/envio-de-atestados\/\\\"> atestados<\/a>, al\u00e9m de criar<a href=\\\"http:\/\/charming-archimedes.50-17-123-235.plesk.page\/funcionalidades\/dashboards-indicadores\/\\\"> dashboards indicadores<\/a> que te permitem uma vis\u00e3o panor\u00e2mica dos colaboradores presentes e ausentes!<\/p>\n\n\n\n<p>Afinal, tendo o <strong>sal\u00e1rio m\u00ednimo 2021 aprovado<\/strong>, voc\u00ea pode contar com a gente para gerir os dias dos colaboradores da sua empresa!<br><\/p>\n","protected":false},"excerpt":{"rendered":"<p>Ainda est\u00e1 com d\u00favidas sobre o INSS e o sal\u00e1rio m\u00ednimo 2021 ? Veja como ficam os benef\u00edcios de aposentadoria, INSS, seguro desemprego, simples nacional e mais!<\/p>\n","protected":false},"author":5,"featured_media":2043,"comment_status":"open","ping_status":"open","sticky":false,"template":"","format":"standard","meta":{"site-sidebar-layout":"default","site-content-layout":"default","ast-global-header-display":"","ast-main-header-display":"","ast-hfb-above-header-display":"","ast-hfb-below-header-display":"","ast-hfb-mobile-header-display":"","site-post-title":"","ast-breadcrumbs-content":"","ast-featured-img":"","footer-sml-layout":"","theme-transparent-header-meta":"default","adv-header-id-meta":"","stick-header-meta":"","header-above-stick-meta":"","header-main-stick-meta":"","header-below-stick-meta":"","footnotes":""},"categories":[29,49],"tags":[80,81,82],"class_list":["post-2037","post","type-post","status-publish","format-standard","has-post-thumbnail","hentry","category-legislacao","category-noticias","tag-planejamento-de-rh","tag-planejamento-financeiro","tag-salario-minimo"],"yoast_head":"<!-- This site is optimized with the Yoast SEO Premium plugin v19.2 (Yoast SEO v20.2.1) - https:\/\/yoast.com\/wordpress\/plugins\/seo\/ -->\n<title>Sal\u00e1rio m\u00ednimo 2021 aprovado: tabela INSS, al\u00edquotas e mais<\/title>\n<meta name=\"description\" content=\"Ainda est\u00e1 com tudo sobre o sal\u00e1rio m\u00ednimo 2021 aprovado? Veja como ficam os benef\u00edcios de aposentadoria, INSS, seguro desemprego, simples nacional e mais!\" \/>\n<meta name=\"robots\" content=\"index, follow, max-snippet:-1, max-image-preview:large, max-video-preview:-1\" \/>\n<link rel=\"canonical\" href=\"https:\/\/qrpoint.io\/blog\/salario-minimo-aprovado-2021-2\/\" \/>\n<meta property=\"og:locale\" content=\"pt_BR\" \/>\n<meta property=\"og:type\" content=\"article\" \/>\n<meta property=\"og:title\" content=\"Sal\u00e1rio m\u00ednimo 2021 aprovado: tabela INSS, al\u00edquotas e ajustes\" \/>\n<meta property=\"og:description\" content=\"Ainda est\u00e1 com tudo sobre o sal\u00e1rio m\u00ednimo 2021 aprovado? Veja como ficam os benef\u00edcios de aposentadoria, INSS, seguro desemprego, simples nacional e mais!\" \/>\n<meta property=\"og:url\" content=\"https:\/\/qrpoint.io\/blog\/salario-minimo-aprovado-2021-2\/\" \/>\n<meta property=\"og:site_name\" content=\"QRpoint\" \/>\n<meta property=\"article:publisher\" content=\"https:\/\/pt-br.facebook.com\/qrpoint\/\" \/>\n<meta property=\"article:published_time\" content=\"2021-01-14T16:44:34+00:00\" \/>\n<meta name=\"author\" content=\"Marcos Lobo\" \/>\n<meta name=\"twitter:card\" content=\"summary_large_image\" \/>\n<meta name=\"twitter:label1\" content=\"Escrito por\" \/>\n\t<meta name=\"twitter:data1\" content=\"Marcos Lobo\" \/>\n\t<meta name=\"twitter:label2\" content=\"Est. tempo de leitura\" \/>\n\t<meta name=\"twitter:data2\" content=\"8 minutos\" \/>\n<script type=\"application\/ld+json\" class=\"yoast-schema-graph\">{\"@context\":\"https:\/\/schema.org\",\"@graph\":[{\"@type\":\"Article\",\"@id\":\"https:\/\/qrpoint.io\/blog\/salario-minimo-aprovado-2021-2\/#article\",\"isPartOf\":{\"@id\":\"https:\/\/qrpoint.io\/blog\/salario-minimo-aprovado-2021-2\/\"},\"author\":{\"name\":\"Marcos Lobo\",\"@id\":\"https:\/\/qrpoint.io\/blog\/#\/schema\/person\/1036f73b811b0bb10bcf74106da22cc8\"},\"headline\":\"Sal\u00e1rio m\u00ednimo 2021 aprovado: tabela INSS, al\u00edquotas e ajustes\",\"datePublished\":\"2021-01-14T16:44:34+00:00\",\"dateModified\":\"2021-01-14T16:44:34+00:00\",\"mainEntityOfPage\":{\"@id\":\"https:\/\/qrpoint.io\/blog\/salario-minimo-aprovado-2021-2\/\"},\"wordCount\":1645,\"commentCount\":0,\"publisher\":{\"@id\":\"https:\/\/qrpoint.io\/blog\/#organization\"},\"keywords\":[\"planejamento de rh\",\"planejamento financeiro\",\"sal\u00e1rio m\u00ednimo\"],\"articleSection\":[\"Legisla\u00e7\u00e3o\",\"Not\u00edcias\"],\"inLanguage\":\"pt-BR\",\"potentialAction\":[{\"@type\":\"CommentAction\",\"name\":\"Comment\",\"target\":[\"https:\/\/qrpoint.io\/blog\/salario-minimo-aprovado-2021-2\/#respond\"]}]},{\"@type\":\"WebPage\",\"@id\":\"https:\/\/qrpoint.io\/blog\/salario-minimo-aprovado-2021-2\/\",\"url\":\"https:\/\/qrpoint.io\/blog\/salario-minimo-aprovado-2021-2\/\",\"name\":\"Sal\u00e1rio m\u00ednimo 2021 aprovado: tabela INSS, al\u00edquotas e mais\",\"isPartOf\":{\"@id\":\"https:\/\/qrpoint.io\/blog\/#website\"},\"datePublished\":\"2021-01-14T16:44:34+00:00\",\"dateModified\":\"2021-01-14T16:44:34+00:00\",\"description\":\"Ainda est\u00e1 com tudo sobre o sal\u00e1rio m\u00ednimo 2021 aprovado? Veja como ficam os benef\u00edcios de aposentadoria, INSS, seguro desemprego, simples nacional e mais!\",\"breadcrumb\":{\"@id\":\"https:\/\/qrpoint.io\/blog\/salario-minimo-aprovado-2021-2\/#breadcrumb\"},\"inLanguage\":\"pt-BR\",\"potentialAction\":[{\"@type\":\"ReadAction\",\"target\":[\"https:\/\/qrpoint.io\/blog\/salario-minimo-aprovado-2021-2\/\"]}]},{\"@type\":\"BreadcrumbList\",\"@id\":\"https:\/\/qrpoint.io\/blog\/salario-minimo-aprovado-2021-2\/#breadcrumb\",\"itemListElement\":[{\"@type\":\"ListItem\",\"position\":1,\"name\":\"Home\",\"item\":\"https:\/\/qrpoint.io\/blog\/\"},{\"@type\":\"ListItem\",\"position\":2,\"name\":\"Sal\u00e1rio m\u00ednimo 2021 aprovado: tabela INSS, al\u00edquotas e ajustes\"}]},{\"@type\":\"WebSite\",\"@id\":\"https:\/\/qrpoint.io\/blog\/#website\",\"url\":\"https:\/\/qrpoint.io\/blog\/\",\"name\":\"QRpoint\",\"description\":\"Melhor Sistema de Controle de Ponto do Brasil! Tecnologia de RH capaz de simplificar os processos do RH da sua empresa! Confira!\",\"publisher\":{\"@id\":\"https:\/\/qrpoint.io\/blog\/#organization\"},\"potentialAction\":[{\"@type\":\"SearchAction\",\"target\":{\"@type\":\"EntryPoint\",\"urlTemplate\":\"https:\/\/qrpoint.io\/blog\/?s={search_term_string}\"},\"query-input\":\"required name=search_term_string\"}],\"inLanguage\":\"pt-BR\"},{\"@type\":\"Organization\",\"@id\":\"https:\/\/qrpoint.io\/blog\/#organization\",\"name\":\"QRpoint\",\"url\":\"https:\/\/qrpoint.io\/blog\/\",\"logo\":{\"@type\":\"ImageObject\",\"inLanguage\":\"pt-BR\",\"@id\":\"https:\/\/qrpoint.io\/blog\/#\/schema\/logo\/image\/\",\"url\":\"https:\/\/qrpoint.io\/wp-content\/uploads\/2022\/09\/Twitter-avatar-100x100-1.png\",\"contentUrl\":\"https:\/\/qrpoint.io\/wp-content\/uploads\/2022\/09\/Twitter-avatar-100x100-1.png\",\"width\":100,\"height\":100,\"caption\":\"QRpoint\"},\"image\":{\"@id\":\"https:\/\/qrpoint.io\/blog\/#\/schema\/logo\/image\/\"},\"sameAs\":[\"https:\/\/pt-br.facebook.com\/qrpoint\/\",\"https:\/\/www.instagram.com\/qrpoint\/\"]},{\"@type\":\"Person\",\"@id\":\"https:\/\/qrpoint.io\/blog\/#\/schema\/person\/1036f73b811b0bb10bcf74106da22cc8\",\"name\":\"Marcos Lobo\",\"image\":{\"@type\":\"ImageObject\",\"inLanguage\":\"pt-BR\",\"@id\":\"https:\/\/qrpoint.io\/blog\/#\/schema\/person\/image\/\",\"url\":\"https:\/\/secure.gravatar.com\/avatar\/?s=96&d=mm&r=g\",\"contentUrl\":\"https:\/\/secure.gravatar.com\/avatar\/?s=96&d=mm&r=g\",\"caption\":\"Marcos Lobo\"},\"url\":\"https:\/\/qrpoint.io\/blog\/author\/marcos-lobo\/\"}]}<\/script>\n<!-- \/ Yoast SEO Premium plugin. -->","yoast_head_json":{"title":"Sal\u00e1rio m\u00ednimo 2021 aprovado: tabela INSS, al\u00edquotas e mais","description":"Ainda est\u00e1 com tudo sobre o sal\u00e1rio m\u00ednimo 2021 aprovado? Veja como ficam os benef\u00edcios de aposentadoria, INSS, seguro desemprego, simples nacional e mais!","robots":{"index":"index","follow":"follow","max-snippet":"max-snippet:-1","max-image-preview":"max-image-preview:large","max-video-preview":"max-video-preview:-1"},"canonical":"https:\/\/qrpoint.io\/blog\/salario-minimo-aprovado-2021-2\/","og_locale":"pt_BR","og_type":"article","og_title":"Sal\u00e1rio m\u00ednimo 2021 aprovado: tabela INSS, al\u00edquotas e ajustes","og_description":"Ainda est\u00e1 com tudo sobre o sal\u00e1rio m\u00ednimo 2021 aprovado? Veja como ficam os benef\u00edcios de aposentadoria, INSS, seguro desemprego, simples nacional e mais!","og_url":"https:\/\/qrpoint.io\/blog\/salario-minimo-aprovado-2021-2\/","og_site_name":"QRpoint","article_publisher":"https:\/\/pt-br.facebook.com\/qrpoint\/","article_published_time":"2021-01-14T16:44:34+00:00","author":"Marcos Lobo","twitter_card":"summary_large_image","twitter_misc":{"Escrito por":"Marcos Lobo","Est. tempo de leitura":"8 minutos"},"schema":{"@context":"https:\/\/schema.org","@graph":[{"@type":"Article","@id":"https:\/\/qrpoint.io\/blog\/salario-minimo-aprovado-2021-2\/#article","isPartOf":{"@id":"https:\/\/qrpoint.io\/blog\/salario-minimo-aprovado-2021-2\/"},"author":{"name":"Marcos Lobo","@id":"https:\/\/qrpoint.io\/blog\/#\/schema\/person\/1036f73b811b0bb10bcf74106da22cc8"},"headline":"Sal\u00e1rio m\u00ednimo 2021 aprovado: tabela INSS, al\u00edquotas e ajustes","datePublished":"2021-01-14T16:44:34+00:00","dateModified":"2021-01-14T16:44:34+00:00","mainEntityOfPage":{"@id":"https:\/\/qrpoint.io\/blog\/salario-minimo-aprovado-2021-2\/"},"wordCount":1645,"commentCount":0,"publisher":{"@id":"https:\/\/qrpoint.io\/blog\/#organization"},"keywords":["planejamento de rh","planejamento financeiro","sal\u00e1rio m\u00ednimo"],"articleSection":["Legisla\u00e7\u00e3o","Not\u00edcias"],"inLanguage":"pt-BR","potentialAction":[{"@type":"CommentAction","name":"Comment","target":["https:\/\/qrpoint.io\/blog\/salario-minimo-aprovado-2021-2\/#respond"]}]},{"@type":"WebPage","@id":"https:\/\/qrpoint.io\/blog\/salario-minimo-aprovado-2021-2\/","url":"https:\/\/qrpoint.io\/blog\/salario-minimo-aprovado-2021-2\/","name":"Sal\u00e1rio m\u00ednimo 2021 aprovado: tabela INSS, al\u00edquotas e mais","isPartOf":{"@id":"https:\/\/qrpoint.io\/blog\/#website"},"datePublished":"2021-01-14T16:44:34+00:00","dateModified":"2021-01-14T16:44:34+00:00","description":"Ainda est\u00e1 com tudo sobre o sal\u00e1rio m\u00ednimo 2021 aprovado? Veja como ficam os benef\u00edcios de aposentadoria, INSS, seguro desemprego, simples nacional e mais!","breadcrumb":{"@id":"https:\/\/qrpoint.io\/blog\/salario-minimo-aprovado-2021-2\/#breadcrumb"},"inLanguage":"pt-BR","potentialAction":[{"@type":"ReadAction","target":["https:\/\/qrpoint.io\/blog\/salario-minimo-aprovado-2021-2\/"]}]},{"@type":"BreadcrumbList","@id":"https:\/\/qrpoint.io\/blog\/salario-minimo-aprovado-2021-2\/#breadcrumb","itemListElement":[{"@type":"ListItem","position":1,"name":"Home","item":"https:\/\/qrpoint.io\/blog\/"},{"@type":"ListItem","position":2,"name":"Sal\u00e1rio m\u00ednimo 2021 aprovado: tabela INSS, al\u00edquotas e ajustes"}]},{"@type":"WebSite","@id":"https:\/\/qrpoint.io\/blog\/#website","url":"https:\/\/qrpoint.io\/blog\/","name":"QRpoint","description":"Melhor Sistema de Controle de Ponto do Brasil! Tecnologia de RH capaz de simplificar os processos do RH da sua empresa! Confira!","publisher":{"@id":"https:\/\/qrpoint.io\/blog\/#organization"},"potentialAction":[{"@type":"SearchAction","target":{"@type":"EntryPoint","urlTemplate":"https:\/\/qrpoint.io\/blog\/?s={search_term_string}"},"query-input":"required name=search_term_string"}],"inLanguage":"pt-BR"},{"@type":"Organization","@id":"https:\/\/qrpoint.io\/blog\/#organization","name":"QRpoint","url":"https:\/\/qrpoint.io\/blog\/","logo":{"@type":"ImageObject","inLanguage":"pt-BR","@id":"https:\/\/qrpoint.io\/blog\/#\/schema\/logo\/image\/","url":"https:\/\/qrpoint.io\/wp-content\/uploads\/2022\/09\/Twitter-avatar-100x100-1.png","contentUrl":"https:\/\/qrpoint.io\/wp-content\/uploads\/2022\/09\/Twitter-avatar-100x100-1.png","width":100,"height":100,"caption":"QRpoint"},"image":{"@id":"https:\/\/qrpoint.io\/blog\/#\/schema\/logo\/image\/"},"sameAs":["https:\/\/pt-br.facebook.com\/qrpoint\/","https:\/\/www.instagram.com\/qrpoint\/"]},{"@type":"Person","@id":"https:\/\/qrpoint.io\/blog\/#\/schema\/person\/1036f73b811b0bb10bcf74106da22cc8","name":"Marcos Lobo","image":{"@type":"ImageObject","inLanguage":"pt-BR","@id":"https:\/\/qrpoint.io\/blog\/#\/schema\/person\/image\/","url":"https:\/\/secure.gravatar.com\/avatar\/?s=96&d=mm&r=g","contentUrl":"https:\/\/secure.gravatar.com\/avatar\/?s=96&d=mm&r=g","caption":"Marcos Lobo"},"url":"https:\/\/qrpoint.io\/blog\/author\/marcos-lobo\/"}]}},"_links":{"self":[{"href":"https:\/\/qrpoint.io\/blog\/wp-json\/wp\/v2\/posts\/2037","targetHints":{"allow":["GET"]}}],"collection":[{"href":"https:\/\/qrpoint.io\/blog\/wp-json\/wp\/v2\/posts"}],"about":[{"href":"https:\/\/qrpoint.io\/blog\/wp-json\/wp\/v2\/types\/post"}],"author":[{"embeddable":true,"href":"https:\/\/qrpoint.io\/blog\/wp-json\/wp\/v2\/users\/5"}],"replies":[{"embeddable":true,"href":"https:\/\/qrpoint.io\/blog\/wp-json\/wp\/v2\/comments?post=2037"}],"version-history":[{"count":0,"href":"https:\/\/qrpoint.io\/blog\/wp-json\/wp\/v2\/posts\/2037\/revisions"}],"wp:featuredmedia":[{"embeddable":true,"href":"https:\/\/qrpoint.io\/blog\/wp-json\/"}],"wp:attachment":[{"href":"https:\/\/qrpoint.io\/blog\/wp-json\/wp\/v2\/media?parent=2037"}],"wp:term":[{"taxonomy":"category","embeddable":true,"href":"https:\/\/qrpoint.io\/blog\/wp-json\/wp\/v2\/categories?post=2037"},{"taxonomy":"post_tag","embeddable":true,"href":"https:\/\/qrpoint.io\/blog\/wp-json\/wp\/v2\/tags?post=2037"}],"curies":[{"name":"wp","href":"https:\/\/api.w.org\/{rel}","templated":true}]}}