{"id":3056,"date":"2021-09-23T10:39:51","date_gmt":"2021-09-23T13:39:51","guid":{"rendered":"https:\/\/charming-archimedes.50-17-123-235.plesk.page\/index.php\/2021\/09\/23\/ferias\/"},"modified":"2022-09-04T16:33:12","modified_gmt":"2022-09-04T19:33:12","slug":"ferias","status":"publish","type":"post","link":"https:\/\/qrpoint.io\/blog\/ferias\/","title":{"rendered":"F\u00e9rias: tudo que o seu RH precisa saber!"},"content":{"rendered":"\r\n<p>De fato, a grande maioria das pessoas j\u00e1 ouviram falar sobre f\u00e9rias, n\u00e3o \u00e9 verdade? E claro, tamb\u00e9m sabem que \u00e9 um <a href=\"\\&quot;http:\/\/charming-archimedes.50-17-123-235.plesk.page\/blog\/sindrome-de-burnout\/\\&quot;\">direito de todo trabalhador<\/a>, de acordo com a<a href=\"\\&quot;http:\/\/charming-archimedes.50-17-123-235.plesk.page\/blog\/clt\/\\&quot;\"> CLT<\/a>, correto? Apesar disso, possivelmente ainda existem pessoas que n\u00e3o sabem como funciona, como resolver alguns problemas relacionados a este <a href=\"\\&quot;http:\/\/charming-archimedes.50-17-123-235.plesk.page\/blog\/seguro-desemprego\/\\&quot;\">direito<\/a>. Por isso, estamos aqui, iremos sanar todas as suas d\u00favidas e encontrar a <a href=\"\\&quot;http:\/\/charming-archimedes.50-17-123-235.plesk.page\/blog\/seguro-desemprego\/\\&quot;\">solu\u00e7\u00e3o<\/a> que voc\u00ea precisa.\u00a0<\/p>\r\n\r\n\r\n\r\n<p>Primeiramente, qual \u00e9 o <a href=\"\\&quot;http:\/\/charming-archimedes.50-17-123-235.plesk.page\/blog\/sindrome-de-burnout\/\\&quot;\">trabalhador<\/a> que n\u00e3o gosta de tirar seus dias de descanso? Esse momento \u00e9 um dos mais esperados pelos empregados, depois de um ano longo de muito trabalho. Mas ser\u00e1 que entendemos realmente o que s\u00e3o as f\u00e9rias no <a href=\"\\&quot;http:\/\/charming-archimedes.50-17-123-235.plesk.page\/blog\/controle-de-ponto\/\\&quot;\">mundo corporativo<\/a>?\u00a0<\/p>\r\n\r\n\r\n\r\n<p>Para que voc\u00ea possa entender melhor sobre esse assunto, continue a leitura deste artigo.\u00a0<\/p>\r\n\r\n\r\n\r\n<figure class=\"\\&quot;wp-block-image\\&quot;\"><img decoding=\"async\" class=\"\\&quot;wp-image-3057\\&quot;\/\" src=\"\\&quot;http:\/\/charming-archimedes.50-17-123-235.plesk.page\/wp-content\/uploads\/2021\/09\/businessman-in-his-office-with-pilot-hat-1024x682.jpg\\&quot;\" alt=\"\\&quot;F\u00e9rias\\&quot;\" \/>\r\n<figcaption>F\u00e9rias<\/figcaption>\r\n<\/figure>\r\n\r\n\r\n\r\n<h2 class=\"wp-block-heading\"><strong>Antes de tudo, que tal entendermos o que s\u00e3o as f\u00e9rias?\u00a0<\/strong><\/h2>\r\n\r\n\r\n\r\n<p>Como voc\u00ea j\u00e1 sabe, as f\u00e9rias s\u00e3o um<a href=\"\\&quot;http:\/\/charming-archimedes.50-17-123-235.plesk.page\/blog\/sindrome-de-burnout\/\\&quot;\"> direito de todo trabalhador<\/a> previsto na <a href=\"\\&quot;http:\/\/charming-archimedes.50-17-123-235.plesk.page\/blog\/clt\/\\&quot;\">CLT<\/a>, onde a <a href=\"\\&quot;http:\/\/charming-archimedes.50-17-123-235.plesk.page\/blog\/gente-e-gestao\/\\&quot;\">empresa<\/a> fornece o momento de descanso ao <a href=\"\\&quot;http:\/\/charming-archimedes.50-17-123-235.plesk.page\/blog\/sindrome-de-burnout\/\\&quot;\">trabalhador<\/a>, sem que o sal\u00e1rio do mesmo seja prejudicado.\u00a0<\/p>\r\n\r\n\r\n\r\n<p>No caso, quando dissemos ser um direito legal do <a href=\"\\&quot;http:\/\/charming-archimedes.50-17-123-235.plesk.page\/blog\/sindrome-de-burnout\/\\&quot;\">trabalhador<\/a>, \u00e9 porque est\u00e1 no Artigo 129 da <a href=\"\\&quot;http:\/\/charming-archimedes.50-17-123-235.plesk.page\/blog\/clt\/\\&quot;\">CLT<\/a>, que:<\/p>\r\n\r\n\r\n\r\n<p><em>\\&#8221;Todo empregado ter\u00e1 direito anualmente ao gozo de um per\u00edodo de f\u00e9rias, sem preju\u00edzo da remunera\u00e7\u00e3o.<\/em><em>\u201d<\/em><\/p>\r\n\r\n\r\n\r\n<h2 class=\"wp-block-heading\"><strong>Mas afinal, como as f\u00e9rias funcionam?<\/strong><\/h2>\r\n\r\n\r\n\r\n<p>Antecipadamente, \u00e9 a <a href=\"\\&quot;http:\/\/charming-archimedes.50-17-123-235.plesk.page\/blog\/clt\/\\&quot;\">CLT <\/a>que determinou que o funcion\u00e1rio possui direito \u00e0s f\u00e9rias ap\u00f3s 12 meses de contrato vigente. Isso significa que, o trabalhador precisar\u00e1 trabalhar no m\u00ednimo um ano para ter os seus dias de descanso. No entanto, tamb\u00e9m est\u00e1 na <a href=\"\\&quot;http:\/\/charming-archimedes.50-17-123-235.plesk.page\/blog\/clt\/\\&quot;\">CLT<\/a> que o <a href=\"\\&quot;http:\/\/charming-archimedes.50-17-123-235.plesk.page\/blog\/como-ter-o-controle-da-jornada-de-trabalho-dos-colaboradores\/\\&quot;\">colaborador<\/a> possui 30 dias de f\u00e9rias, mas, n\u00e3o necessariamente as mesmas precisam ser tiradas em uma \u00fanica vez.\u00a0<\/p>\r\n\r\n\r\n\r\n<p>Entretanto, \u00e9 v\u00e1lido ressaltar que as f\u00e9rias dilu\u00eddas, para algumas<a href=\"\\&quot;http:\/\/charming-archimedes.50-17-123-235.plesk.page\/blog\/gente-e-gestao\/\\&quot;\"> empresas <\/a>podem ser mais vantajosas, bem como para os <a href=\"\\&quot;http:\/\/charming-archimedes.50-17-123-235.plesk.page\/blog\/como-ter-o-controle-da-jornada-de-trabalho-dos-colaboradores\/\\&quot;\">colaboradores<\/a>, mas n\u00e3o \u00e9 t\u00e3o simples quanto parece. Isso porque, para ter esse direito, \u00e9 preciso seguir algumas <a href=\"\\&quot;http:\/\/charming-archimedes.50-17-123-235.plesk.page\/blog\/tipo-aviso-previo\/\\&quot;\">regras <\/a>que foram orientadas na <a href=\"\\&quot;http:\/\/charming-archimedes.50-17-123-235.plesk.page\/blog\/clt\/\\&quot;\">CLT<\/a>.\u00a0<\/p>\r\n\r\n\r\n\r\n<p>Para que voc\u00ea compreenda o que estamos falando, separamos um trecho do artigo da<a href=\"\\&quot;http:\/\/charming-archimedes.50-17-123-235.plesk.page\/blog\/processos-trabalhistas\/\\&quot;\"> legisla\u00e7\u00e3o trabalhista<\/a>:<\/p>\r\n\r\n\r\n\r\n<p><strong><em>\u201cArt<\/em><\/strong><em>. <\/em><strong><em>134<\/em><\/strong><em>. As f\u00e9rias ser\u00e3o concedidas por ato do empregador, em um s\u00f3 per\u00edodo nos 12 (doze) meses subsequentes \u00e0 data em que o empregado tiver adquirido o direito. \u00a7 <\/em><strong><em>1\u00ba<\/em><\/strong><em> Somente em casos excepcionais ser\u00e3o as f\u00e9rias concedidas em dois per\u00edodos, um dos quais n\u00e3o poder\u00e1 ser inferior a 10 (dez) dias corridos.<\/em>\u201d<\/p>\r\n\r\n\r\n\r\n<p>Neste caso, o <a href=\"\\&quot;http:\/\/charming-archimedes.50-17-123-235.plesk.page\/blog\/como-ter-o-controle-da-jornada-de-trabalho-dos-colaboradores\/\\&quot;\">colaborador<\/a> poder\u00e1 utilizar as f\u00e9rias da forma que acordar com a <a href=\"\\&quot;http:\/\/charming-archimedes.50-17-123-235.plesk.page\/blog\/gente-e-gestao\/\\&quot;\">empresa<\/a>, por\u00e9m, \u00e9 necess\u00e1rio respeitar essas<a href=\"\\&quot;http:\/\/charming-archimedes.50-17-123-235.plesk.page\/blog\/tipo-aviso-previo\/\\&quot;\"> regras<\/a>. Veja alguns exemplos de f\u00e9rias fracionadas!<\/p>\r\n\r\n\r\n\r\n<h3 class=\"wp-block-heading\"><strong>Exemplos<\/strong><\/h3>\r\n\r\n\r\n\r\n<p><strong>F\u00e9rias divididas em 2 vezes<\/strong>: o<a href=\"\\&quot;http:\/\/charming-archimedes.50-17-123-235.plesk.page\/blog\/como-ter-o-controle-da-jornada-de-trabalho-dos-colaboradores\/\\&quot;\"> colaborador<\/a> poder\u00e1, por exemplo, dividir em 15 dias + 15 dias ou 20 dias + 5 dias.\u00a0<\/p>\r\n\r\n\r\n\r\n<p><strong>F\u00e9rias divididas em 3 vezes<\/strong>: o <a href=\"\\&quot;http:\/\/charming-archimedes.50-17-123-235.plesk.page\/blog\/como-ter-o-controle-da-jornada-de-trabalho-dos-colaboradores\/\\&quot;\">colaborador<\/a> poder\u00e1, por exemplo, fracionar em 14 dias + 8 dias + 8 dias ou 15 dias + 10 dias + 5 dias.\u00a0<\/p>\r\n\r\n\r\n\r\n<p>Isso significa que, contanto que d\u00ea 30 dias e as <a href=\"\\&quot;http:\/\/charming-archimedes.50-17-123-235.plesk.page\/blog\/tipo-aviso-previo\/\\&quot;\">regras<\/a> sejam seguidas e respeitadas, voc\u00ea poder\u00e1 tirar suas f\u00e9rias, mas claro, a<a href=\"\\&quot;http:\/\/charming-archimedes.50-17-123-235.plesk.page\/blog\/gente-e-gestao\/\\&quot;\"> empresa <\/a>n\u00e3o poder\u00e1 obrig\u00e1-lo a fracionar, ou seja, o <a href=\"\\&quot;http:\/\/charming-archimedes.50-17-123-235.plesk.page\/blog\/como-ter-o-controle-da-jornada-de-trabalho-dos-colaboradores\/\\&quot;\">colaborador<\/a> necessita autorizar.\u00a0<\/p>\r\n\r\n\r\n\r\n<h2 class=\"wp-block-heading\"><strong>O que diz a legisla\u00e7\u00e3o?<\/strong><\/h2>\r\n\r\n\r\n\r\n<p>Ao longo do artigo, voc\u00ea poder\u00e1 desfrutar de todos os <a href=\"\\&quot;http:\/\/charming-archimedes.50-17-123-235.plesk.page\/blog\/rescisao-do-contrato\/\\&quot;\">direitos legais<\/a> das f\u00e9rias, para que voc\u00ea possa entender qual \u00e9 a melhor forma de fazer o <a href=\"\\&quot;http:\/\/charming-archimedes.50-17-123-235.plesk.page\/blog\/controle-de-ponto\/\\&quot;\">controle<\/a> das mesmas. Veja s\u00f3 como funciona a legisla\u00e7\u00e3o:<\/p>\r\n\r\n\r\n\r\n<h4 class=\"wp-block-heading\"><strong>Antecipa\u00e7\u00e3o das F\u00e9rias:<\/strong><\/h4>\r\n\r\n\r\n\r\n<p>Com o per\u00edodo pand\u00eamico, a medida provis\u00f3ria <a href=\"\\&quot;https:\/\/www.in.gov.br\/en\/web\/dou\/-\/medida-provisoria-n-1.046-de-27-de-abril-de-2021-316265470\\&quot;\">n\u00ba.1.046\/2021<\/a> estabeleceu algumas orienta\u00e7\u00f5es trabalhistas para enfrentar o Covid-19. Com isso, entre as medidas, est\u00e1 a antecipa\u00e7\u00e3o dos dias de lazer.\u00a0<\/p>\r\n\r\n\r\n\r\n<p>No entanto, caso a <a href=\"\\&quot;http:\/\/charming-archimedes.50-17-123-235.plesk.page\/blog\/gente-e-gestao\/\\&quot;\">empresa<\/a> tome essa decis\u00e3o, a mesma dever\u00e1 avisar seu funcion\u00e1rio em at\u00e9 48 horas, por meio eletr\u00f4nico ou por escrito. Entretanto, se essa medida for escolhida, existem algumas orienta\u00e7\u00f5es previstas. Veja quais s\u00e3o:<\/p>\r\n\r\n\r\n\r\n<p><em>\u201cArt. 5\u00ba O empregador informar\u00e1 ao empregado, durante o prazo previsto no art. 1\u00ba, sobre a antecipa\u00e7\u00e3o de suas f\u00e9rias com anteced\u00eancia de, no m\u00ednimo, quarenta e oito horas, por escrito ou por meio eletr\u00f4nico, com a indica\u00e7\u00e3o do per\u00edodo a ser gozado pelo empregado.<\/em><\/p>\r\n\r\n\r\n\r\n<p><em>\u00a7 1\u00ba As f\u00e9rias antecipadas nos termos do disposto no <\/em><strong><em>caput<\/em><\/strong><em>:<\/em><\/p>\r\n\r\n\r\n\r\n<p><em>I &#8211; n\u00e3o poder\u00e3o ser gozadas em per\u00edodos inferiores a cinco dias corridos; e<\/em><\/p>\r\n\r\n\r\n\r\n<p><em>II &#8211; poder\u00e3o ser concedidas por ato do empregador, ainda que o per\u00edodo aquisitivo a elas relativo n\u00e3o tenha transcorrido.\u201d<\/em><\/p>\r\n\r\n\r\n\r\n<p>Ap\u00f3s isso, a empresa dever\u00e1 fazer um acordo escrito para que o funcion\u00e1rio possa assinar. Ademais, neste caso, \u00e9 v\u00e1lido ressaltar que os trabalhadores de grupo de risco, t\u00eam direito a tirar f\u00e9rias com prioridade aos demais empregados.\u00a0<\/p>\r\n\r\n\r\n\r\n<h4 class=\"wp-block-heading\"><strong>Pagamento das f\u00e9rias:<\/strong><\/h4>\r\n\r\n\r\n\r\n<p>As empresas precisam saber sobre o adicional de um ter\u00e7o relativo durante o tempo de antecipa\u00e7\u00e3o das f\u00e9rias. Pois bem! As organiza\u00e7\u00f5es dever\u00e3o fazer o pagamento at\u00e9 a data de vencimento do 13\u00ba sal\u00e1rio.\u00a0<\/p>\r\n\r\n\r\n\r\n<p>Neste caso, o pagamento dever\u00e1 ser feito at\u00e9 o m\u00eas seguinte das pausas do trabalhador, com o prazo de at\u00e9 5 dias \u00fateis.\u00a0<\/p>\r\n\r\n\r\n\r\n<p>Mas, pode ser que o empregado ou o empregador queira converter um ter\u00e7o do per\u00edodo de f\u00e9rias em \u201cvenda das f\u00e9rias\u201d, tamb\u00e9m conhecido como abono pecuni\u00e1rio.<\/p>\r\n\r\n\r\n\r\n<p>Agora, se o empregado for mandado embora do trabalho sem justa causa, as f\u00e9rias que n\u00e3o foram tiradas, dever\u00e3o ser pagas juntamente com a rescis\u00e3o.\u00a0<\/p>\r\n\r\n\r\n\r\n<p>Por fim, as f\u00e9rias que tiverem sido antecipadas, mas o per\u00edodo n\u00e3o tenha sido adquirido ser\u00e3o descontadas da rescis\u00e3o a ser paga ao empregado no caso de pedido de demiss\u00e3o.<\/p>\r\n\r\n\r\n\r\n<h4 class=\"wp-block-heading\"><strong>Abono Pecuni\u00e1rio:<\/strong><\/h4>\r\n\r\n\r\n\r\n<p>Voc\u00ea j\u00e1 ouviu falar nas vendas das f\u00e9rias? Pois ent\u00e3o, esse \u00e9 o abono pecuni\u00e1rio. Antes de mais nada, o RH da sua empresa precisa saber tudo sobre as <a href=\"\\&quot;http:\/\/charming-archimedes.50-17-123-235.plesk.page\/blog\/tipo-aviso-previo\/\\&quot;\">regras<\/a> trabalhistas, para que a empresa n\u00e3o sofra na justi\u00e7a.\u00a0<\/p>\r\n\r\n\r\n\r\n<p>O <a href=\"\\&quot;http:\/\/legislacao.planalto.gov.br\/legisla\/legislacao.nsf\/Viw_Identificacao\/DEL%201.535-1977?OpenDocument\\&quot;\"><strong>DECRETO-LEI N\u00ba 1.535,\u00a0 DE 15 DE ABRIL DE 1977<\/strong><\/a>, diz que:<\/p>\r\n\r\n\r\n\r\n<p>\u201c<a href=\"\\&quot;http:\/\/www.planalto.gov.br\/ccivil_03\/decreto-lei\/Del5452.htm#art143\\&quot;\"><em>Art. 143.<\/em><\/a><em> \u00c9 facultado ao empregado converter 1\/3 (um ter\u00e7o) do per\u00edodo de f\u00e9rias a que tiver direito em abono pecuni\u00e1rio, no valor da remunera\u00e7\u00e3o que lhe seria devida nos dias correspondentes.<\/em><\/p>\r\n\r\n\r\n\r\n<p><em>\u00a7 1\u00ba O abono de f\u00e9rias dever\u00e1 ser requerido at\u00e9 15 (quinze) dias antes do t\u00e9rmino do per\u00edodo aquisitivo.<\/em><\/p>\r\n\r\n\r\n\r\n<p><em>\u00a7 2\u00ba Tratando-se de f\u00e9rias coletivas, a convers\u00e3o a que se refere este artigo dever\u00e1 ser objeto de acordo coletivo entre o empregados, e o sindicato representativo da respectiva categoria profissional, independente de requerimento individual a concess\u00e3o do abono.\u201d<\/em><\/p>\r\n\r\n\r\n\r\n<h4 class=\"wp-block-heading\"><strong>Aviso de F\u00e9rias:<\/strong><\/h4>\r\n\r\n\r\n\r\n<p>Como dissemos, as f\u00e9rias s\u00e3o dadas ap\u00f3s 12 meses de contrato, correto? No entanto, a comunica\u00e7\u00e3o das f\u00e9rias do empregado deve ser feita com anteced\u00eancia, para que o mesmo possa se programar. A legisla\u00e7\u00e3o diz, que:<\/p>\r\n\r\n\r\n\r\n<p><em>\u201c<\/em><a href=\"\\&quot;http:\/\/www.planalto.gov.br\/ccivil_03\/decreto-lei\/Del5452.htm#art135.\\&quot;\"><em>Art. 135.<\/em><\/a><em> A concess\u00e3o das f\u00e9rias ser\u00e1 participada, por escrito, ao empregado, com anteced\u00eancia de, no m\u00ednimo, 10 (dez) dias, cabendo a este assinar a respectiva notifica\u00e7\u00e3o.\u201d<\/em><\/p>\r\n\r\n\r\n\r\n<p>O objetivo deste aviso \u00e9 fazer com que o funcion\u00e1rio possa se planejar caso o mesmo queira viajar ou resolver algo durante o seu per\u00edodo de descanso.\u00a0<\/p>\r\n\r\n\r\n\r\n<h4 class=\"wp-block-heading\"><strong>F\u00e9rias na Carteira de Trabalho:<\/strong><\/h4>\r\n\r\n\r\n\r\n<p>De fato, um funcion\u00e1rio jamais poder\u00e1 sair de f\u00e9rias sem que esteja anotado na sua carteira de trabalho. Pois \u00e9! Essa orienta\u00e7\u00e3o \u00e9 v\u00e1lida tanto para a carteira de trabalho f\u00edsica quanto para a carteira de trabalho digital.\u00a0<\/p>\r\n\r\n\r\n\r\n<p>Al\u00e9m disso, \u00e9 necess\u00e1rio que o empregador fa\u00e7a o registro de f\u00e9rias do funcion\u00e1rio na ficha de <a href=\"\\&quot;http:\/\/charming-archimedes.50-17-123-235.plesk.page\/blog\/como-ter-o-controle-da-jornada-de-trabalho-dos-colaboradores\/\\&quot;\">colaborador<\/a>, que geralmente, fica armazenada na empresa. Ademais, isso tamb\u00e9m \u00e9 muito relevante para a empresa em quest\u00f5es judiciais.\u00a0<\/p>\r\n\r\n\r\n\r\n<h4 class=\"wp-block-heading\"><strong>Demiss\u00e3o em per\u00edodo de F\u00e9rias:<\/strong><\/h4>\r\n\r\n\r\n\r\n<p>Em hip\u00f3tese alguma um <a href=\"\\&quot;http:\/\/charming-archimedes.50-17-123-235.plesk.page\/blog\/como-ter-o-controle-da-jornada-de-trabalho-dos-colaboradores\/\\&quot;\">colaborador<\/a> pode ser demitido em per\u00edodo de f\u00e9rias. Bem como, o funcion\u00e1rio tamb\u00e9m n\u00e3o poder\u00e1 pedir a sua demiss\u00e3o durante os seus dias de descanso.\u00a0<\/p>\r\n\r\n\r\n\r\n<p>No entanto, a empresa poder\u00e1 esperar o funcion\u00e1rio voltar do seu per\u00edodo de f\u00e9rias e, apenas nesta circunst\u00e2ncia ser\u00e1 aberta a possibilidade da demiss\u00e3o.\u00a0<\/p>\r\n\r\n\r\n\r\n<h4 class=\"wp-block-heading\"><strong>Quem possui e n\u00e3o possui direito \u00e0s f\u00e9rias:<\/strong><\/h4>\r\n\r\n\r\n\r\n<p>At\u00e9 aqui, voc\u00ea j\u00e1 conseguiu perceber que todo trabalhador CLT com vig\u00eancia de 12 meses de contrato, possui direito \u00e0s f\u00e9rias, certo? No entanto, iremos abordar outras situa\u00e7\u00f5es que tamb\u00e9m levam a um trabalhador a ter esse direito de descanso.\u00a0<\/p>\r\n\r\n\r\n\r\n<h4 class=\"wp-block-heading\"><strong>Quem t\u00eam direito \u00e0s f\u00e9rias?<\/strong><\/h4>\r\n\r\n\r\n\r\n<ul class=\"wp-block-list\">\r\n<li>Os trabalhadores que possuem tempo de trabalho inferior a 12 meses, podem tirar f\u00e9rias coletivas;<\/li>\r\n<li>Trabalhadores urbanos e rurais;<\/li>\r\n<li>Servidores P\u00fablicos;<\/li>\r\n<li>Trabalhadores dom\u00e9sticos com carteira assinada;<\/li>\r\n<li>Membros das For\u00e7as Armadas.<\/li>\r\n<\/ul>\r\n\r\n\r\n\r\n<h4 class=\"wp-block-heading\"><strong>Quem n\u00e3o t\u00eam direito \u00e0s f\u00e9rias?\u00a0<\/strong><\/h4>\r\n\r\n\r\n\r\n<p>Para darmos in\u00edcio, \u00e9 muito importante entender quem perde o direito de tirar f\u00e9rias, de acordo com a legisla\u00e7\u00e3o trabalhista. Confira tudo no artigo <a href=\"\\&quot;http:\/\/www.planalto.gov.br\/ccivil_03\/decreto-lei\/del1535.htm\\&quot;\">133 da CLT<\/a>!<\/p>\r\n\r\n\r\n\r\n<p>\u201c<a href=\"\\&quot;http:\/\/www.planalto.gov.br\/ccivil_03\/decreto-lei\/Del5452.htm#art133\\&quot;\"><em>Art. 133.<\/em><\/a><em> N\u00e3o ter\u00e1 direito a f\u00e9rias o empregado que, no curso do per\u00edodo aquisitivo:<\/em><\/p>\r\n\r\n\r\n\r\n<p><em>I &#8211; deixar o emprego e n\u00e3o for readmitido dentro dos 60 (sessenta) dias subseq\u00fcentes \u00e0 sua sa\u00edda;<\/em><\/p>\r\n\r\n\r\n\r\n<p><em>II &#8211; permanecer em gozo de licen\u00e7a, com percep\u00e7\u00e3o de sal\u00e1rios, por mais de 30 (trinta) dias;<\/em><\/p>\r\n\r\n\r\n\r\n<p><em>III &#8211; deixar de trabalhar, com percep\u00e7\u00e3o do sal\u00e1rio, por mais de 30 (trinta) dias em virtude de paralisa\u00e7\u00e3o parcial ou total dos servi\u00e7os da empresa; e<\/em><\/p>\r\n\r\n\r\n\r\n<p><em>IV &#8211; tiver percebido da Previd\u00eancia Social presta\u00e7\u00f5es de acidente de trabalho ou de aux\u00edlio-doen\u00e7a por mais de 6 (seis) meses, embora descont\u00ednuos.<\/em><\/p>\r\n\r\n\r\n\r\n<p><em>\u00a7 1\u00ba A interrup\u00e7\u00e3o da presta\u00e7\u00e3o de servi\u00e7os dever\u00e1 ser anotada na Carteira de Trabalho e Previd\u00eancia Social.<\/em><\/p>\r\n\r\n\r\n\r\n<p><em>\u00a7 2\u00ba Iniciar-se-\u00e1 o decurso de novo per\u00edodo aquisitivo quando o empregado, ap\u00f3s o implemento de qualquer das condi\u00e7\u00f5es previstas neste artigo, retornar ao servi\u00e7o.\u201d<\/em><\/p>\r\n\r\n\r\n\r\n<h4 class=\"wp-block-heading\"><strong>F\u00e9rias e Afastamento Tempor\u00e1rio:<\/strong><\/h4>\r\n\r\n\r\n\r\n<p>Voc\u00ea sabe como funciona o cen\u00e1rio de perda do direito \u00e0s f\u00e9rias em caso de afastamento tempor\u00e1rio do trabalho? N\u00e3o? Mantenha a calma, pois n\u00f3s tentaremos explicar tudo o que voc\u00ea precisa saber.\u00a0<\/p>\r\n\r\n\r\n\r\n<p>Um \u00f3timo exemplo, \u00e9 quando um <a href=\"\\&quot;http:\/\/charming-archimedes.50-17-123-235.plesk.page\/blog\/como-ter-o-controle-da-jornada-de-trabalho-dos-colaboradores\/\\&quot;\">colaborador<\/a>, infelizmente, sofre algum acidente e precisa ficar afastado com uma indeniza\u00e7\u00e3o da Previd\u00eancia Social por mais de 6 meses. Neste caso, \u00e9 bem prov\u00e1vel que o funcion\u00e1rio perca o seu direito de f\u00e9rias.<\/p>\r\n\r\n\r\n\r\n<p>Desta forma, quando o funcion\u00e1rio retorna ao trabalho, o mesmo recome\u00e7a a contagem do per\u00edodo aquisitivo, que s\u00e3o 12 meses de vig\u00eancia. No entanto, \u00e9 v\u00e1lido ressaltar que, caso um trabalhador tenha um afastamento de mais de 6 meses, por\u00e9m, entre idas e vindas, ou seja, dilu\u00eddos em per\u00edodos aquisitivos diferentes, o mesmo n\u00e3o perder\u00e1 o seu direito \u00e0s f\u00e9rias.<\/p>\r\n\r\n\r\n\r\n<p>Al\u00e9m disso, tamb\u00e9m \u00e9 relevante saber que os primeiros 15 dias de afastamento n\u00e3o entram nesta contagem, afinal, esses, s\u00e3o o empregador que faz o pagamento ao <a href=\"\\&quot;http:\/\/charming-archimedes.50-17-123-235.plesk.page\/blog\/como-ter-o-controle-da-jornada-de-trabalho-dos-colaboradores\/\\&quot;\">colaborador<\/a>.\u00a0<\/p>\r\n\r\n\r\n\r\n<p>Ademais, n\u00f3s temos um artigo tamb\u00e9m referente ao afastamento tempor\u00e1rio em rela\u00e7\u00e3o ao Covid-19, que tamb\u00e9m gerou uma nova medida provis\u00f3ria, confira em <a href=\"\\&quot;http:\/\/charming-archimedes.50-17-123-235.plesk.page\/blog\/reducao-salarial\/\\&quot;\">Redu\u00e7\u00e3o Salarial 2021: confira as regras da MP1045\/21!<\/a><\/p>\r\n\r\n\r\n\r\n<h4 class=\"wp-block-heading\"><strong>Demiss\u00e3o por justa causa:<\/strong><\/h4>\r\n\r\n\r\n\r\n<p>Apesar de n\u00e3o ser uma grande novidade, muitas pessoas podem n\u00e3o saber que o direito \u00e0s f\u00e9rias n\u00e3o precisa ser somente em situa\u00e7\u00f5es de dias de descanso, o mesmo tamb\u00e9m pode ser pago proporcionalmente ou integralmente. Mas como funciona?\u00a0<\/p>\r\n\r\n\r\n\r\n<p>Por exemplo, caso um funcion\u00e1rio seja demitido antes de obter os seus dias de f\u00e9rias, o mesmo receber\u00e1 o pagamento dos seus dias de gozo na rescis\u00e3o contratual. No entanto, isso n\u00e3o d\u00e1 direito para quem foi demitido por justa causa. Isso porque, as justificativas s\u00e3o inaceit\u00e1veis de acordo com a legisla\u00e7\u00e3o, mais precisamente, com o artigo <a href=\"\\&quot;http:\/\/www.planalto.gov.br\/ccivil_03\/decreto-lei\/del5452.htm\\&quot;\">482 da CLT<\/a>.<\/p>\r\n\r\n\r\n\r\n<p>Para entender melhor, voc\u00ea poder\u00e1 ver tudo em nosso artigo <a href=\"\\&quot;http:\/\/charming-archimedes.50-17-123-235.plesk.page\/blog\/demissao-por-justa-causa\/\\&quot;\">Demiss\u00e3o por justa causa.<\/a><\/p>\r\n\r\n\r\n\r\n<p>Agora que voc\u00ea j\u00e1 sabe tudo o que est\u00e1 na legisla\u00e7\u00e3o referente \u00e0s f\u00e9rias, que tal entender melhor quais s\u00e3o os tipos de dias de descanso? Entenda!<\/p>\r\n\r\n\r\n\r\n<h2 class=\"wp-block-heading\"><strong>Quais s\u00e3o os tipos de f\u00e9rias?<\/strong><\/h2>\r\n\r\n\r\n\r\n<p>Voc\u00ea sabia que existem alguns diferentes tipos de per\u00edodos de descanso? Pois \u00e9! Para ajudar voc\u00ea a compreender melhor, explicaremos alguns deles. Vamos come\u00e7ar?<\/p>\r\n\r\n\r\n\r\n<h4 class=\"wp-block-heading\"><strong>F\u00e9rias Individuais:<\/strong><\/h4>\r\n\r\n\r\n\r\n<p>As f\u00e9rias individuais s\u00e3o a que o trabalhador precisa concluir 12 meses de vig\u00eancia do contrato para desfrutar dos seus momentos de lazer e, claro, conversar com a empresa para combinar a data melhor para que o funcion\u00e1rio tire as suas f\u00e9rias.\u00a0<\/p>\r\n\r\n\r\n\r\n<p>Ademais, o empregado, n\u00e3o ter\u00e1 preju\u00edzo na sua remunera\u00e7\u00e3o e geralmente, recebem um valor um pouco mais alto em seu sal\u00e1rio, que seria o \u2153 constitucional.\u00a0<\/p>\r\n\r\n\r\n\r\n<h4 class=\"wp-block-heading\"><strong>F\u00e9rias Coletivas:<\/strong><\/h4>\r\n\r\n\r\n\r\n<p>Voc\u00ea j\u00e1 ouviu falar em f\u00e9rias coletivas? Pois bem, elas s\u00e3o as famosas f\u00e9rias em conjunto, ou seja, quanto todos os <a href=\"\\&quot;http:\/\/charming-archimedes.50-17-123-235.plesk.page\/blog\/como-ter-o-controle-da-jornada-de-trabalho-dos-colaboradores\/\\&quot;\">colaboradores<\/a> de uma empresa ou do mesmo setor tiram f\u00e9rias ao mesmo tempo. Mas isso pode? Sim! De acordo com a legisla\u00e7\u00e3o, essa regra \u00e9 totalmente regulamentada.\u00a0<\/p>\r\n\r\n\r\n\r\n<p>Normalmente, isso acontece quando a empresa passa por alguma necessidade, ou seja, baixa demanda no mercado. Al\u00e9m disso, com menos trabalho, a empresa jamais ser\u00e1 prejudicada internamente com as f\u00e9rias coletivas.\u00a0<\/p>\r\n\r\n\r\n\r\n<p>N\u00f3s j\u00e1 falamos um pouco da legisla\u00e7\u00e3o de f\u00e9rias coletivas, mas iremos detalhar-l\u00e1 um pouco mais, entenda:<\/p>\r\n\r\n\r\n\r\n<p><em>\u201c<\/em><a href=\"\\&quot;https:\/\/edisciplinas.usp.br\/mod\/book\/view.php?id=44526&amp;chapterid=342\\&quot;\"><em>Art. 139<\/em><\/a><em> &#8211; Poder\u00e3o ser concedidas f\u00e9rias coletivas a todos os empregados de uma empresa ou de determinados estabelecimentos ou setores da empresa.\u00a0<\/em><\/p>\r\n\r\n\r\n\r\n<p><em> 1\u00ba &#8211; As f\u00e9rias poder\u00e3o ser gozadas em 2 (dois) per\u00edodos anuais desde que nenhum deles seja inferior a 10 (dez) dias corridos.\u00a0<\/em><\/p>\r\n\r\n\r\n\r\n<p><em>2\u00ba &#8211; Para os fins previstos neste artigo, o empregador comunicar\u00e1 ao \u00f3rg\u00e3o local do Minist\u00e9rio do Trabalho, com a anteced\u00eancia m\u00ednima de 15 (quinze) dias, as datas de in\u00edcio e fim das f\u00e9rias, precisando quais os estabelecimentos ou setores abrangidos pela medida.\u00a0<\/em><\/p>\r\n\r\n\r\n\r\n<p><em>3\u00ba &#8211; Em igual prazo, o empregador enviar\u00e1 c\u00f3pia da aludida comunica\u00e7\u00e3o aos sindicatos representativos da respectiva categoria profissional, e providenciar\u00e1 a afixa\u00e7\u00e3o de aviso nos locais de trabalho.\u201d<\/em><\/p>\r\n\r\n\r\n\r\n<p>E lembre-se, como dissemos, neste caso, em espec\u00edfico, os trabalhadores <strong>n\u00e3o necessariamente precisam trabalhar os 12 meses.\u00a0<\/strong><\/p>\r\n\r\n\r\n\r\n<h4 class=\"wp-block-heading\"><strong>F\u00e9rias Proporcionais:<\/strong><\/h4>\r\n\r\n\r\n\r\n<p>Se voc\u00ea j\u00e1 demitiu algu\u00e9m da sua empresa, sabe que na rescis\u00e3o contratual sempre aparece as f\u00e9rias proporcionais do funcion\u00e1rio, correto? Isso acontece, pois nem sempre essas f\u00e9rias s\u00e3o dadas no per\u00edodo em que o<a href=\"\\&quot;http:\/\/charming-archimedes.50-17-123-235.plesk.page\/blog\/como-ter-o-controle-da-jornada-de-trabalho-dos-colaboradores\/\\&quot;\"> colaborador<\/a> est\u00e1 em seus dias de gozo. No entanto, em algumas situa\u00e7\u00f5es podem aparecer, como por exemplo, em f\u00e9rias coletivas.\u00a0<\/p>\r\n\r\n\r\n\r\n<p>Entretanto, o <a href=\"\\&quot;http:\/\/charming-archimedes.50-17-123-235.plesk.page\/blog\/como-ter-o-controle-da-jornada-de-trabalho-dos-colaboradores\/\\&quot;\">colaborador<\/a> ter\u00e1 direito ao valor relativo ao per\u00edodo incompleto de f\u00e9rias, somente na propor\u00e7\u00e3o de 1\/12 por m\u00eas de servi\u00e7o ou fra\u00e7\u00e3o superior a 14 dias.\u00a0\u00a0<\/p>\r\n\r\n\r\n\r\n<p>Por isso, o c\u00e1lculo das f\u00e9rias proporcionais precisa ser feito conforme\u00a0 CLT:<\/p>\r\n\r\n\r\n\r\n<ul class=\"wp-block-list\">\r\n<li>O <a href=\"\\&quot;http:\/\/charming-archimedes.50-17-123-235.plesk.page\/blog\/como-ter-o-controle-da-jornada-de-trabalho-dos-colaboradores\/\\&quot;\">colaborador<\/a> pede sua demiss\u00e3o ou \u00e9 demitido sem justa causa;<\/li>\r\n<li>A dura\u00e7\u00e3o do per\u00edodo aquisitivo deve ser inferior a 12 meses, ou seja, o funcion\u00e1rio n\u00e3o poder\u00e1 ter desfrutado das suas f\u00e9rias;<\/li>\r\n<li>Por fim, em caso de f\u00e9rias coletivas, por\u00e9m, o funcion\u00e1rio precisar\u00e1 ter um contrato inferior a 12 meses tamb\u00e9m.\u00a0<\/li>\r\n<\/ul>\r\n\r\n\r\n\r\n<h4 class=\"wp-block-heading\"><strong>Recesso de F\u00e9rias:<\/strong><\/h4>\r\n\r\n\r\n\r\n<p>Infelizmente, muitas pessoas ainda confundem recesso com as f\u00e9rias, por isso, o t\u00f3pico iniciou-se desta forma, j\u00e1 que \u00e9 uma express\u00e3o bem conhecida. Pois ent\u00e3o, o recesso n\u00e3o s\u00e3o as f\u00e9rias coletivas, afinal, ele n\u00e3o est\u00e1 previsto na legisla\u00e7\u00e3o, logo, n\u00e3o pode ser descontado dos<a href=\"\\&quot;http:\/\/charming-archimedes.50-17-123-235.plesk.page\/blog\/mensurar-a-produtividade-dos-colaboradores\/\\&quot;\"> colaboradores<\/a>.\u00a0<\/p>\r\n\r\n\r\n\r\n<p>Para que o entendimento fique claro, os recessos s\u00e3o uma forma de descanso aos trabalhadores sem prejudicar o sal\u00e1rio dos mesmos. Em geral, cada empresa sabe a forma mais adequada.\u00a0<\/p>\r\n\r\n\r\n\r\n<h2 class=\"wp-block-heading\"><strong>Quais s\u00e3o as principais d\u00favidas sobre as f\u00e9rias?\u00a0<\/strong><\/h2>\r\n\r\n\r\n\r\n<p>Por ser t\u00e3o bem detalhada, falar sobre f\u00e9rias existem muitos pontos e claro, iremos esclarec\u00ea-los da melhor forma poss\u00edvel. Veja os principais detalhes que voc\u00ea precisa saber antes de come\u00e7ar a organizar as f\u00e9rias dos seus <a href=\"\\&quot;http:\/\/charming-archimedes.50-17-123-235.plesk.page\/blog\/mensurar-a-produtividade-dos-colaboradores\/\\&quot;\">colaboradores<\/a>.\u00a0<\/p>\r\n\r\n\r\n\r\n<h4 class=\"wp-block-heading\"><strong>Per\u00edodo Aquisitivo:<\/strong><\/h4>\r\n\r\n\r\n\r\n<p>N\u00f3s temos certeza que voc\u00ea j\u00e1 compreendeu sobre o per\u00edodo aquisitivo, mas n\u00f3s iremos refor\u00e7ar. Esse per\u00edodo \u00e9 aquele com vig\u00eancia do contrato de 12 meses. No entanto, ele \u00e9 renovado.<\/p>\r\n\r\n\r\n\r\n<h4 class=\"wp-block-heading\"><strong>Per\u00edodo Concessivo:<\/strong><\/h4>\r\n\r\n\r\n\r\n<p>Para come\u00e7ar, o per\u00edodo concessivo \u00e9 o intervalo de 12 meses, contados a partir do per\u00edodo aquisitivo. Vamos l\u00e1!<\/p>\r\n\r\n\r\n\r\n<p>Para que voc\u00ea entenda melhor, se um <a href=\"\\&quot;http:\/\/charming-archimedes.50-17-123-235.plesk.page\/blog\/mensurar-a-produtividade-dos-colaboradores\/\\&quot;\">colaborador<\/a> entrou na empresa dia 01\/02\/2020, para tirar os seus dias de lazer do per\u00edodo aquisitivo ele precisar\u00e1 trabalhar at\u00e9 01\/02\/2021, certo? No entanto, as f\u00e9rias n\u00e3o precisam ser imediatas, ou seja, o empregador ter\u00e1 exatamente 12 meses para dar as pausas para o <a href=\"\\&quot;http:\/\/charming-archimedes.50-17-123-235.plesk.page\/blog\/mensurar-a-produtividade-dos-colaboradores\/\\&quot;\">colaborador<\/a>, sendo assim, at\u00e9 o dia 01\/02\/2022.\u00a0<\/p>\r\n\r\n\r\n\r\n<p>Caso n\u00e3o seja cumprido, problemas judiciais podem ser acarretados para a sua empresa.\u00a0<\/p>\r\n\r\n\r\n\r\n<h4 class=\"wp-block-heading\"><strong>Per\u00edodo Indenizat\u00f3rio:<\/strong><\/h4>\r\n\r\n\r\n\r\n<p>Neste caso, se o empregador n\u00e3o der os dias de descanso do per\u00edodo concessivo ao<a href=\"\\&quot;http:\/\/charming-archimedes.50-17-123-235.plesk.page\/blog\/mensurar-a-produtividade-dos-colaboradores\/\\&quot;\"> colaborador<\/a>, entra o per\u00edodo indenizat\u00f3rio. A s\u00famula 81 do TST, diz que o per\u00edodo deve ser pago em dobro.\u00a0<\/p>\r\n\r\n\r\n\r\n<p>Al\u00e9m disso, a empresa tamb\u00e9m dever\u00e1 dar o per\u00edodo de descanso devido, caso isso n\u00e3o aconte\u00e7a, ser\u00e3o causadas penaliza\u00e7\u00f5es legais.\u00a0<\/p>\r\n\r\n\r\n\r\n<h4 class=\"wp-block-heading\"><strong>Faltas e a dura\u00e7\u00e3o das f\u00e9rias:<\/strong><\/h4>\r\n\r\n\r\n\r\n<p>Em geral, qualquer per\u00edodo de f\u00e9rias pode durar at\u00e9 30 dias. No entanto, as faltas justificadas podem at\u00e9 ser abatidas, mas isso n\u00e3o acontece quando s\u00e3o injustificadas. Confira no <a href=\"\\&quot;http:\/\/www.planalto.gov.br\/ccivil_03\/decreto-lei\/Del5452.htm#art130\\&quot;\"><em>Art. 130<\/em><\/a> da CLT, o que cada trabalhador tem direito em per\u00edodo de descanso:<\/p>\r\n\r\n\r\n\r\n<p>\u201c<a href=\"\\&quot;http:\/\/www.planalto.gov.br\/ccivil_03\/decreto-lei\/Del5452.htm#art130\\&quot;\"><em>Art. 130.<\/em><\/a><em> Ap\u00f3s cada per\u00edodo de 12 (doze) meses de vig\u00eancia do contrato de trabalho, o empregado ter\u00e1 direito a f\u00e9rias, na seguinte propor\u00e7\u00e3o:<\/em><\/p>\r\n\r\n\r\n\r\n<p><em>I &#8211; 30 (trinta) dias corridos, quando n\u00e3o houver faltado ao servi\u00e7o mais de 5 (cinco) vezes;<\/em><\/p>\r\n\r\n\r\n\r\n<p><em>Il &#8211; 24 (vinte e quatro) dias corridos quando houver tido 6 (seis) a 14 (quatorze) faltas;<\/em><\/p>\r\n\r\n\r\n\r\n<p><em>III &#8211; 18 (dezoito) dias corridos, quando houver tido de 15 (quinze) a 23 (vinte e tr\u00eas) faltas;<\/em><\/p>\r\n\r\n\r\n\r\n<p><em>IV &#8211; 12 (doze) dias corridos, quando houver tido de 24 (vinte e quatro) a 32 (trinta e duas) faltas.\u201d<\/em><\/p>\r\n\r\n\r\n\r\n<p>Por isso, al\u00e9m de lembrar os <a href=\"\\&quot;http:\/\/charming-archimedes.50-17-123-235.plesk.page\/blog\/mensurar-a-produtividade-dos-colaboradores\/\\&quot;\">colaboradores<\/a> de suas perdas caso eles n\u00e3o sejam comprometidos, a melhor solu\u00e7\u00e3o \u00e9 contratar uma empresa focada em fazer os processos de recursos humanos, para que essas e outras situa\u00e7\u00f5es n\u00e3o aconte\u00e7am.\u00a0<\/p>\r\n\r\n\r\n\r\n<p>Aqui, na QRPoint n\u00f3s temos o que voc\u00ea precisa e com funcionalidades essenciais para voc\u00ea cuidar de todos os <a href=\"\\&quot;http:\/\/charming-archimedes.50-17-123-235.plesk.page\/blog\/mensurar-a-produtividade-dos-colaboradores\/\\&quot;\">colaboradores<\/a> da sua empresa em tempo real, utilizando apenas um dispositivo m\u00f3vel.\u00a0<\/p>\r\n\r\n\r\n\r\n<h2 class=\"wp-block-heading\"><strong>Quais s\u00e3o as novas regras da Reforma Trabalhista?<\/strong><\/h2>\r\n\r\n\r\n\r\n<p>Confira todas as <a href=\"\\&quot;http:\/\/charming-archimedes.50-17-123-235.plesk.page\/blog\/gente-e-gestao\/\\&quot;\">mudan\u00e7as <\/a>publicadas, de acordo com a Reforma Trabalhista ou lei <a href=\"\\&quot;http:\/\/www.planalto.gov.br\/ccivil_03\/_ato2015-2018\/2017\/lei\/l13467.htm\\&quot;\">n\u00b0 13.467 <\/a>que foi publicada em 2017:<\/p>\r\n\r\n\r\n\r\n<ul class=\"wp-block-list\">\r\n<li>Agora, com a reforma trabalhista, o per\u00edodo de pausas pode ser fracionado em at\u00e9 3 vezes;<\/li>\r\n<li>Atualmente, \u00e9 poss\u00edvel encontrar per\u00edodos menores para fracionar os dias de descanso, como por exemplo, no m\u00ednimo 5 dias corridos;<\/li>\r\n<li>Qualquer trabalhador, independente da idade, poder\u00e1 tirar f\u00e9rias fracionadas. Exceto, os<a href=\"\\&quot;http:\/\/charming-archimedes.50-17-123-235.plesk.page\/blog\/mensurar-a-produtividade-dos-colaboradores\/\\&quot;\"> colaboradores<\/a> menores de 18 anos que ainda s\u00e3o obrigados a cumprirem o per\u00edodo de 30 dias em uma \u00fanica vez.\u00a0<\/li>\r\n<li>Os trabalhadores de jornada parcial podem tirar 30 dias de f\u00e9rias, al\u00e9m de conseguirem converter um ter\u00e7o das suas pausas em abono pecuni\u00e1rio, ou seja, em vendas das f\u00e9rias;<\/li>\r\n<li>No fracionamento das f\u00e9rias, todos os <a href=\"\\&quot;http:\/\/charming-archimedes.50-17-123-235.plesk.page\/blog\/mensurar-a-produtividade-dos-colaboradores\/\\&quot;\">colaboradores<\/a> devem tir\u00e1-las no mesmo per\u00edodo concessivo;<\/li>\r\n<li>Os trabalhadores n\u00e3o podem tirar f\u00e9rias caso 2 dias ap\u00f3s tenha um feriado ou 1 dia ap\u00f3s seja o seu descanso semanal remunerado;<\/li>\r\n<li>Para o regime intermitente de trabalho, agora, possui direito \u00e0s f\u00e9rias proporcionais.\u00a0<\/li>\r\n<\/ul>\r\n\r\n\r\n\r\n<h2 class=\"wp-block-heading\"><strong>Como fazer o controle de f\u00e9rias da sua empresa?<\/strong><\/h2>\r\n\r\n\r\n\r\n<p>Antes de mais nada, \u00e9 importante saber que o <a href=\"\\&quot;http:\/\/charming-archimedes.50-17-123-235.plesk.page\/blog\/controle-de-ponto\/\\&quot;\">controle<\/a> dos dias de descanso deve ser feito de forma organizada, principalmente para que n\u00e3o haja penaliza\u00e7\u00f5es legais trabalhistas. Para isso, separamos 7 dicas para voc\u00ea:<\/p>\r\n\r\n\r\n\r\n<p><strong>1- Tenha um hist\u00f3rico de todas as f\u00e9rias j\u00e1 tiradas:<\/strong><\/p>\r\n\r\n\r\n\r\n<p><strong>2- Defina qual \u00e9 a pol\u00edtica de f\u00e9rias da sua empresa, sempre cumprindo as orienta\u00e7\u00f5es da legisla\u00e7\u00e3o;<\/strong><\/p>\r\n\r\n\r\n\r\n<p><strong>3- Fa\u00e7a com que todos os funcion\u00e1rios saibam da pol\u00edtica de f\u00e9rias da sua empresa;<\/strong><\/p>\r\n\r\n\r\n\r\n<p><strong>4- Determine um prazo para que seus<a href=\"\\&quot;http:\/\/charming-archimedes.50-17-123-235.plesk.page\/blog\/mensurar-a-produtividade-dos-colaboradores\/\\&quot;\"> colaboradores <\/a>apresentem os seus pedidos de f\u00e9rias;<\/strong><\/p>\r\n\r\n\r\n\r\n<p><strong>5- Deixe a sua equipe preparada para lidar com a aus\u00eancia, ou seja, fa\u00e7a com que o<a href=\"\\&quot;http:\/\/charming-archimedes.50-17-123-235.plesk.page\/blog\/mensurar-a-produtividade-dos-colaboradores\/\\&quot;\"> colaborador <\/a>que ir\u00e1 tirar f\u00e9rias, repasse suas atividades para outras pessoas, sem sobrecarregar apenas um funcion\u00e1rio;<\/strong><\/p>\r\n\r\n\r\n\r\n<p><strong>6- Como disso, n\u00e3o sobrecarregue nenhum setor, ou seja, organize quem s\u00e3o as pessoas que ir\u00e3o tirar f\u00e9rias para que ningu\u00e9m seja prejudicado;<\/strong><\/p>\r\n\r\n\r\n\r\n<p><strong>7- Conte com o nosso sistema de <a href=\"\\&quot;http:\/\/charming-archimedes.50-17-123-235.plesk.page\/blog\/controle-de-ponto\/\\&quot;\">controle<\/a> de ponto para ajudar voc\u00ea a organizar as f\u00e9rias da sua empresa. Afinal, com a nossa tecnologia voc\u00ea poder\u00e1 ter \u00f3timas solu\u00e7\u00f5es para a sua empresa, principalmente para acompanhar os seus <a href=\"\\&quot;http:\/\/charming-archimedes.50-17-123-235.plesk.page\/blog\/mensurar-a-produtividade-dos-colaboradores\/\\&quot;\">colaboradores<\/a> durante a jornada de trabalho a garantir que os mesmos est\u00e3o se comprometendo no cotidiano da organiza\u00e7\u00e3o.\u00a0<\/strong><\/p>\r\n\r\n\r\n\r\n<h2 class=\"wp-block-heading\"><strong>Qual \u00e9 a rela\u00e7\u00e3o entre F\u00e9rias e Controle de Ponto?<\/strong><\/h2>\r\n\r\n\r\n\r\n<p>De fato, se voc\u00ea n\u00e3o tiver um bom <a href=\"\\&quot;http:\/\/charming-archimedes.50-17-123-235.plesk.page\/blog\/controle-de-ponto\/\\&quot;\">controle de ponto<\/a> na sua empresa, o c\u00e1lculo das f\u00e9rias podem ser prejudicados. As f\u00f3rmulas dos c\u00e1lculos s\u00e3o b\u00e1sicas, mas, no entanto, cada funcion\u00e1rio pode ter uma situa\u00e7\u00e3o diferente.\u00a0<\/p>\r\n\r\n\r\n\r\n<p>Por isso, \u00e9 de extrema import\u00e2ncia ter um bom <a href=\"\\&quot;http:\/\/charming-archimedes.50-17-123-235.plesk.page\/blog\/controle-de-ponto\/\\&quot;\">controle de ponto<\/a> na sua organiza\u00e7\u00e3o, principalmente quando algumas informa\u00e7\u00f5es importantes est\u00e3o armazenadas nele, como por exemplo, as horas extras.\u00a0<\/p>\r\n\r\n\r\n\r\n<p>Ent\u00e3o pense, j\u00e1 chegamos at\u00e9 aqui, entendemos tudo sobre as f\u00e9rias e j\u00e1 sabemos que existem solu\u00e7\u00f5es estrat\u00e9gicas para que voc\u00ea organize as mesmas na sua empresa, mas como fazer isso sem ter um bom<a href=\"\\&quot;http:\/\/charming-archimedes.50-17-123-235.plesk.page\/blog\/controle-de-ponto\/\\&quot;\"> controle de ponto<\/a>?<\/p>\r\n\r\n\r\n\r\n<p>Neste caso, a melhor solu\u00e7\u00e3o continua sendo ter um <a href=\"\\&quot;http:\/\/charming-archimedes.50-17-123-235.plesk.page\/blog\/controle-de-ponto\/\\&quot;\">controle de ponto alternativo<\/a>, onde a sua empresa d\u00e1 foco nas pessoas e deixa o<a href=\"\\&quot;http:\/\/charming-archimedes.50-17-123-235.plesk.page\/blog\/controle-de-ponto\/\\&quot;\"> aplicativo focar nos processos.\u00a0<\/a><\/p>\r\n\r\n\r\n\r\n<p>Portanto\u2026<\/p>\r\n\r\n\r\n\r\n<h2 class=\"wp-block-heading\"><strong>Conte com a QRPoint!<\/strong><\/h2>\r\n\r\n\r\n\r\n<p>Para dar in\u00edcio, n\u00f3s fornecemos o <a href=\"\\&quot;http:\/\/charming-archimedes.50-17-123-235.plesk.page\/funcionalidades\/registro-rapido\/\\&quot;\">registro r\u00e1pido<\/a> dos seus <a href=\"\\&quot;http:\/\/charming-archimedes.50-17-123-235.plesk.page\/blog\/mensurar-a-produtividade-dos-colaboradores\/\\&quot;\">colaboradores<\/a> no software de controle de ponto, reduzindo a dificuldade na hora de adotar o novo sistema.<\/p>\r\n\r\n\r\n\r\n<p>Uma vez que tudo j\u00e1 estiver nos conformes, voc\u00ea vai poder aproveitar do app do gestor, um dos nossos maiores benef\u00edcios.<\/p>\r\n\r\n\r\n\r\n<p>\u00c9 atrav\u00e9s do<a href=\"\\&quot;http:\/\/charming-archimedes.50-17-123-235.plesk.page\/funcionalidades\/aplicativo-do-gestor\/\\&quot;\"> aplicativo do gestor<\/a> que voc\u00ea ter\u00e1 acesso a <a href=\"\\&quot;http:\/\/charming-archimedes.50-17-123-235.plesk.page\/funcionalidades\/dashboards-indicadores\/\\&quot;\">dashboards de indicadores<\/a>, mostrando todos os<a href=\"\\&quot;http:\/\/charming-archimedes.50-17-123-235.plesk.page\/blog\/mensurar-a-produtividade-dos-colaboradores\/\\&quot;\"> colaboradores <\/a>que est\u00e3o dentro da organiza\u00e7\u00e3o trabalhando, al\u00e9m daqueles que est\u00e3o de f\u00e9rias e muito mais!<\/p>\r\n\r\n\r\n\r\n<p>Portanto, para garantir a estadia do<a href=\"\\&quot;http:\/\/charming-archimedes.50-17-123-235.plesk.page\/blog\/mensurar-a-produtividade-dos-colaboradores\/\\&quot;\"> colaborador <\/a>dentro do local de trabalho, n\u00f3s usamos os recursos de <a href=\"\\&quot;http:\/\/charming-archimedes.50-17-123-235.plesk.page\/funcionalidades\/geolocalizacao\/\\&quot;\">geolocaliza\u00e7\u00e3o<\/a> para criar uma <a href=\"\\&quot;http:\/\/charming-archimedes.50-17-123-235.plesk.page\/funcionalidades\/cerca-digital\/\\&quot;\">cerca digital<\/a> que garante exatamente onde <strong>o <\/strong>ponto online ou o ponto offline est\u00e1 sendo registrado.<\/p>\r\n\r\n\r\n\r\n<p>E pensando na seguran\u00e7a tanto do<a href=\"\\&quot;http:\/\/charming-archimedes.50-17-123-235.plesk.page\/blog\/mensurar-a-produtividade-dos-colaboradores\/\\&quot;\"> colaborador<\/a> quanto do gestor, o controle de ponto \u00e9 registrado atrav\u00e9s do <a href=\"\\&quot;http:\/\/charming-archimedes.50-17-123-235.plesk.page\/funcionalidades\/reconhecimento-facial\/\\&quot;\">reconhecimento biom\u00e9trico<\/a> do profissional. N\u00f3s tamb\u00e9m mantemos o <a href=\"\\&quot;http:\/\/charming-archimedes.50-17-123-235.plesk.page\/funcionalidades\/banco-de-horas\/\\&quot;\">banco de horas<\/a> de todos os<a href=\"\\&quot;http:\/\/charming-archimedes.50-17-123-235.plesk.page\/blog\/mensurar-a-produtividade-dos-colaboradores\/\\&quot;\"> colaboradores<\/a>, permitindo mudan\u00e7as nele se necess\u00e1rio.<\/p>\r\n\r\n\r\n\r\n<p><a href=\"\\&quot;http:\/\/charming-archimedes.50-17-123-235.plesk.page\/contato\/\\&quot;\">Entre em contato<\/a> para tirar qualquer d\u00favida sobre o nosso sistema de controle de ponto com nossa equipe. Ficou interessado e quer os benef\u00edcios do QRPoint na sua empresa? Fa\u00e7a hoje mesmo um <a href=\"\\&quot;https:\/\/cadastro.qrpoint.com.br\/\\&quot;\">teste do controle de ponto gratuito<\/a> e prove a facilidade de ter o <a href=\"\\&quot;http:\/\/charming-archimedes.50-17-123-235.plesk.page\/funcionalidades\/calculo-de-horas-adicionais-e-faltas\/\\&quot;\">c\u00e1lculo de horas, adicionais e faltas feito automaticamente<\/a>.<\/p>\r\n\r\n\r\n\r\n<p>N\u00e3o vai perder a oportunidade de automatizar a sua empresa com o melhor software de controle de ponto online, n\u00e9? Saiba mais sobre o nosso controle de ponto em nosso site!Voc\u00ea pode acompanhar mais conte\u00fados em nossas redes sociais: <a href=\"\\&quot;https:\/\/www.linkedin.com\/company\/qrpoint\\&quot;\">LinkedIn<\/a>, <a href=\"\\&quot;https:\/\/www.instagram.com\/qrpoint\/\\&quot;\">Instagram<\/a> e <a href=\"\\&quot;https:\/\/www.facebook.com\/qrpoint\\&quot;\">Facebook<\/a><\/p>\r\n","protected":false},"excerpt":{"rendered":"<p>Entenda tudo sobre as f\u00e9rias, como elas funcionam, como est\u00e1 inserida na CLT e saiba as informa\u00e7\u00f5es principais sobre esse direito.<\/p>\n","protected":false},"author":8,"featured_media":6820,"comment_status":"open","ping_status":"open","sticky":false,"template":"","format":"standard","meta":{"site-sidebar-layout":"default","site-content-layout":"default","ast-global-header-display":"","ast-main-header-display":"","ast-hfb-above-header-display":"","ast-hfb-below-header-display":"","ast-hfb-mobile-header-display":"","site-post-title":"","ast-breadcrumbs-content":"","ast-featured-img":"","footer-sml-layout":"","theme-transparent-header-meta":"default","adv-header-id-meta":"","stick-header-meta":"","header-above-stick-meta":"","header-main-stick-meta":"","header-below-stick-meta":"","footnotes":""},"categories":[14,29],"tags":[],"class_list":["post-3056","post","type-post","status-publish","format-standard","has-post-thumbnail","hentry","category-gestao-da-jornada-de-trabalho","category-legislacao"],"yoast_head":"<!-- This site is optimized with the Yoast SEO Premium plugin v19.2 (Yoast SEO v20.2.1) - https:\/\/yoast.com\/wordpress\/plugins\/seo\/ -->\n<title>F\u00e9rias: o que \u00e9, o que diz a legisla\u00e7\u00e3o e como funciona? Confira!<\/title>\n<meta name=\"description\" content=\"Entenda tudo sobre as f\u00e9rias, como elas funcionam, como est\u00e1 inserida na CLT e saiba as informa\u00e7\u00f5es principais sobre esse direito.\" \/>\n<meta name=\"robots\" content=\"index, follow, max-snippet:-1, max-image-preview:large, max-video-preview:-1\" \/>\n<link rel=\"canonical\" href=\"https:\/\/qrpoint.io\/blog\/ferias\/\" \/>\n<meta property=\"og:locale\" content=\"pt_BR\" \/>\n<meta property=\"og:type\" content=\"article\" \/>\n<meta property=\"og:title\" content=\"F\u00e9rias: tudo que o seu RH precisa saber!\" \/>\n<meta property=\"og:description\" content=\"Entenda tudo sobre as f\u00e9rias, como elas funcionam, como est\u00e1 inserida na CLT e saiba as informa\u00e7\u00f5es principais sobre esse direito.\" \/>\n<meta property=\"og:url\" content=\"https:\/\/qrpoint.io\/blog\/ferias\/\" \/>\n<meta property=\"og:site_name\" content=\"QRpoint\" \/>\n<meta property=\"article:publisher\" content=\"https:\/\/pt-br.facebook.com\/qrpoint\/\" \/>\n<meta property=\"article:published_time\" content=\"2021-09-23T13:39:51+00:00\" \/>\n<meta property=\"article:modified_time\" content=\"2022-09-04T19:33:12+00:00\" \/>\n<meta property=\"og:image\" content=\"https:\/\/qrpoint.io\/blog\/wp-content\/uploads\/2021\/09\/businessman-in-his-office-with-pilot-hat-300x300-1.webp\" \/>\n\t<meta property=\"og:image:width\" content=\"300\" \/>\n\t<meta property=\"og:image:height\" content=\"300\" \/>\n\t<meta property=\"og:image:type\" content=\"image\/webp\" \/>\n<meta name=\"author\" content=\"Mariana Miranda\" \/>\n<meta name=\"twitter:card\" content=\"summary_large_image\" \/>\n<meta name=\"twitter:label1\" content=\"Escrito por\" \/>\n\t<meta name=\"twitter:data1\" content=\"Mariana Miranda\" \/>\n\t<meta name=\"twitter:label2\" content=\"Est. tempo de leitura\" \/>\n\t<meta name=\"twitter:data2\" content=\"21 minutos\" \/>\n<script type=\"application\/ld+json\" class=\"yoast-schema-graph\">{\"@context\":\"https:\/\/schema.org\",\"@graph\":[{\"@type\":\"Article\",\"@id\":\"https:\/\/qrpoint.io\/blog\/ferias\/#article\",\"isPartOf\":{\"@id\":\"https:\/\/qrpoint.io\/blog\/ferias\/\"},\"author\":{\"name\":\"Mariana Miranda\",\"@id\":\"https:\/\/qrpoint.io\/blog\/#\/schema\/person\/b220cd9663897e8d071907110957749e\"},\"headline\":\"F\u00e9rias: tudo que o seu RH precisa saber!\",\"datePublished\":\"2021-09-23T13:39:51+00:00\",\"dateModified\":\"2022-09-04T19:33:12+00:00\",\"mainEntityOfPage\":{\"@id\":\"https:\/\/qrpoint.io\/blog\/ferias\/\"},\"wordCount\":3998,\"commentCount\":0,\"publisher\":{\"@id\":\"https:\/\/qrpoint.io\/blog\/#organization\"},\"articleSection\":[\"Gest\u00e3o da jornada de trabalho\",\"Legisla\u00e7\u00e3o\"],\"inLanguage\":\"pt-BR\",\"potentialAction\":[{\"@type\":\"CommentAction\",\"name\":\"Comment\",\"target\":[\"https:\/\/qrpoint.io\/blog\/ferias\/#respond\"]}]},{\"@type\":\"WebPage\",\"@id\":\"https:\/\/qrpoint.io\/blog\/ferias\/\",\"url\":\"https:\/\/qrpoint.io\/blog\/ferias\/\",\"name\":\"F\u00e9rias: o que \u00e9, o que diz a legisla\u00e7\u00e3o e como funciona? Confira!\",\"isPartOf\":{\"@id\":\"https:\/\/qrpoint.io\/blog\/#website\"},\"datePublished\":\"2021-09-23T13:39:51+00:00\",\"dateModified\":\"2022-09-04T19:33:12+00:00\",\"description\":\"Entenda tudo sobre as f\u00e9rias, como elas funcionam, como est\u00e1 inserida na CLT e saiba as informa\u00e7\u00f5es principais sobre esse direito.\",\"breadcrumb\":{\"@id\":\"https:\/\/qrpoint.io\/blog\/ferias\/#breadcrumb\"},\"inLanguage\":\"pt-BR\",\"potentialAction\":[{\"@type\":\"ReadAction\",\"target\":[\"https:\/\/qrpoint.io\/blog\/ferias\/\"]}]},{\"@type\":\"BreadcrumbList\",\"@id\":\"https:\/\/qrpoint.io\/blog\/ferias\/#breadcrumb\",\"itemListElement\":[{\"@type\":\"ListItem\",\"position\":1,\"name\":\"Home\",\"item\":\"https:\/\/qrpoint.io\/blog\/\"},{\"@type\":\"ListItem\",\"position\":2,\"name\":\"F\u00e9rias: tudo que o seu RH precisa saber!\"}]},{\"@type\":\"WebSite\",\"@id\":\"https:\/\/qrpoint.io\/blog\/#website\",\"url\":\"https:\/\/qrpoint.io\/blog\/\",\"name\":\"QRpoint\",\"description\":\"Melhor Sistema de Controle de Ponto do Brasil! Tecnologia de RH capaz de simplificar os processos do RH da sua empresa! Confira!\",\"publisher\":{\"@id\":\"https:\/\/qrpoint.io\/blog\/#organization\"},\"potentialAction\":[{\"@type\":\"SearchAction\",\"target\":{\"@type\":\"EntryPoint\",\"urlTemplate\":\"https:\/\/qrpoint.io\/blog\/?s={search_term_string}\"},\"query-input\":\"required name=search_term_string\"}],\"inLanguage\":\"pt-BR\"},{\"@type\":\"Organization\",\"@id\":\"https:\/\/qrpoint.io\/blog\/#organization\",\"name\":\"QRpoint\",\"url\":\"https:\/\/qrpoint.io\/blog\/\",\"logo\":{\"@type\":\"ImageObject\",\"inLanguage\":\"pt-BR\",\"@id\":\"https:\/\/qrpoint.io\/blog\/#\/schema\/logo\/image\/\",\"url\":\"https:\/\/qrpoint.io\/wp-content\/uploads\/2022\/09\/Twitter-avatar-100x100-1.png\",\"contentUrl\":\"https:\/\/qrpoint.io\/wp-content\/uploads\/2022\/09\/Twitter-avatar-100x100-1.png\",\"width\":100,\"height\":100,\"caption\":\"QRpoint\"},\"image\":{\"@id\":\"https:\/\/qrpoint.io\/blog\/#\/schema\/logo\/image\/\"},\"sameAs\":[\"https:\/\/pt-br.facebook.com\/qrpoint\/\",\"https:\/\/www.instagram.com\/qrpoint\/\"]},{\"@type\":\"Person\",\"@id\":\"https:\/\/qrpoint.io\/blog\/#\/schema\/person\/b220cd9663897e8d071907110957749e\",\"name\":\"Mariana Miranda\",\"image\":{\"@type\":\"ImageObject\",\"inLanguage\":\"pt-BR\",\"@id\":\"https:\/\/qrpoint.io\/blog\/#\/schema\/person\/image\/\",\"url\":\"https:\/\/secure.gravatar.com\/avatar\/7f696fbea5d327fb33d8920c527ae5e5a424e5b26421f0c8a4f774ecc49e5348?s=96&d=mm&r=g\",\"contentUrl\":\"https:\/\/secure.gravatar.com\/avatar\/7f696fbea5d327fb33d8920c527ae5e5a424e5b26421f0c8a4f774ecc49e5348?s=96&d=mm&r=g\",\"caption\":\"Mariana Miranda\"},\"url\":\"https:\/\/qrpoint.io\/blog\/author\/mariana-miranda\/\"}]}<\/script>\n<!-- \/ Yoast SEO Premium plugin. -->","yoast_head_json":{"title":"F\u00e9rias: o que \u00e9, o que diz a legisla\u00e7\u00e3o e como funciona? Confira!","description":"Entenda tudo sobre as f\u00e9rias, como elas funcionam, como est\u00e1 inserida na CLT e saiba as informa\u00e7\u00f5es principais sobre esse direito.","robots":{"index":"index","follow":"follow","max-snippet":"max-snippet:-1","max-image-preview":"max-image-preview:large","max-video-preview":"max-video-preview:-1"},"canonical":"https:\/\/qrpoint.io\/blog\/ferias\/","og_locale":"pt_BR","og_type":"article","og_title":"F\u00e9rias: tudo que o seu RH precisa saber!","og_description":"Entenda tudo sobre as f\u00e9rias, como elas funcionam, como est\u00e1 inserida na CLT e saiba as informa\u00e7\u00f5es principais sobre esse direito.","og_url":"https:\/\/qrpoint.io\/blog\/ferias\/","og_site_name":"QRpoint","article_publisher":"https:\/\/pt-br.facebook.com\/qrpoint\/","article_published_time":"2021-09-23T13:39:51+00:00","article_modified_time":"2022-09-04T19:33:12+00:00","og_image":[{"width":300,"height":300,"url":"https:\/\/qrpoint.io\/blog\/wp-content\/uploads\/2021\/09\/businessman-in-his-office-with-pilot-hat-300x300-1.webp","type":"image\/webp"}],"author":"Mariana Miranda","twitter_card":"summary_large_image","twitter_misc":{"Escrito por":"Mariana Miranda","Est. tempo de leitura":"21 minutos"},"schema":{"@context":"https:\/\/schema.org","@graph":[{"@type":"Article","@id":"https:\/\/qrpoint.io\/blog\/ferias\/#article","isPartOf":{"@id":"https:\/\/qrpoint.io\/blog\/ferias\/"},"author":{"name":"Mariana Miranda","@id":"https:\/\/qrpoint.io\/blog\/#\/schema\/person\/b220cd9663897e8d071907110957749e"},"headline":"F\u00e9rias: tudo que o seu RH precisa saber!","datePublished":"2021-09-23T13:39:51+00:00","dateModified":"2022-09-04T19:33:12+00:00","mainEntityOfPage":{"@id":"https:\/\/qrpoint.io\/blog\/ferias\/"},"wordCount":3998,"commentCount":0,"publisher":{"@id":"https:\/\/qrpoint.io\/blog\/#organization"},"articleSection":["Gest\u00e3o da jornada de trabalho","Legisla\u00e7\u00e3o"],"inLanguage":"pt-BR","potentialAction":[{"@type":"CommentAction","name":"Comment","target":["https:\/\/qrpoint.io\/blog\/ferias\/#respond"]}]},{"@type":"WebPage","@id":"https:\/\/qrpoint.io\/blog\/ferias\/","url":"https:\/\/qrpoint.io\/blog\/ferias\/","name":"F\u00e9rias: o que \u00e9, o que diz a legisla\u00e7\u00e3o e como funciona? Confira!","isPartOf":{"@id":"https:\/\/qrpoint.io\/blog\/#website"},"datePublished":"2021-09-23T13:39:51+00:00","dateModified":"2022-09-04T19:33:12+00:00","description":"Entenda tudo sobre as f\u00e9rias, como elas funcionam, como est\u00e1 inserida na CLT e saiba as informa\u00e7\u00f5es principais sobre esse direito.","breadcrumb":{"@id":"https:\/\/qrpoint.io\/blog\/ferias\/#breadcrumb"},"inLanguage":"pt-BR","potentialAction":[{"@type":"ReadAction","target":["https:\/\/qrpoint.io\/blog\/ferias\/"]}]},{"@type":"BreadcrumbList","@id":"https:\/\/qrpoint.io\/blog\/ferias\/#breadcrumb","itemListElement":[{"@type":"ListItem","position":1,"name":"Home","item":"https:\/\/qrpoint.io\/blog\/"},{"@type":"ListItem","position":2,"name":"F\u00e9rias: tudo que o seu RH precisa saber!"}]},{"@type":"WebSite","@id":"https:\/\/qrpoint.io\/blog\/#website","url":"https:\/\/qrpoint.io\/blog\/","name":"QRpoint","description":"Melhor Sistema de Controle de Ponto do Brasil! Tecnologia de RH capaz de simplificar os processos do RH da sua empresa! Confira!","publisher":{"@id":"https:\/\/qrpoint.io\/blog\/#organization"},"potentialAction":[{"@type":"SearchAction","target":{"@type":"EntryPoint","urlTemplate":"https:\/\/qrpoint.io\/blog\/?s={search_term_string}"},"query-input":"required name=search_term_string"}],"inLanguage":"pt-BR"},{"@type":"Organization","@id":"https:\/\/qrpoint.io\/blog\/#organization","name":"QRpoint","url":"https:\/\/qrpoint.io\/blog\/","logo":{"@type":"ImageObject","inLanguage":"pt-BR","@id":"https:\/\/qrpoint.io\/blog\/#\/schema\/logo\/image\/","url":"https:\/\/qrpoint.io\/wp-content\/uploads\/2022\/09\/Twitter-avatar-100x100-1.png","contentUrl":"https:\/\/qrpoint.io\/wp-content\/uploads\/2022\/09\/Twitter-avatar-100x100-1.png","width":100,"height":100,"caption":"QRpoint"},"image":{"@id":"https:\/\/qrpoint.io\/blog\/#\/schema\/logo\/image\/"},"sameAs":["https:\/\/pt-br.facebook.com\/qrpoint\/","https:\/\/www.instagram.com\/qrpoint\/"]},{"@type":"Person","@id":"https:\/\/qrpoint.io\/blog\/#\/schema\/person\/b220cd9663897e8d071907110957749e","name":"Mariana Miranda","image":{"@type":"ImageObject","inLanguage":"pt-BR","@id":"https:\/\/qrpoint.io\/blog\/#\/schema\/person\/image\/","url":"https:\/\/secure.gravatar.com\/avatar\/7f696fbea5d327fb33d8920c527ae5e5a424e5b26421f0c8a4f774ecc49e5348?s=96&d=mm&r=g","contentUrl":"https:\/\/secure.gravatar.com\/avatar\/7f696fbea5d327fb33d8920c527ae5e5a424e5b26421f0c8a4f774ecc49e5348?s=96&d=mm&r=g","caption":"Mariana Miranda"},"url":"https:\/\/qrpoint.io\/blog\/author\/mariana-miranda\/"}]}},"_links":{"self":[{"href":"https:\/\/qrpoint.io\/blog\/wp-json\/wp\/v2\/posts\/3056","targetHints":{"allow":["GET"]}}],"collection":[{"href":"https:\/\/qrpoint.io\/blog\/wp-json\/wp\/v2\/posts"}],"about":[{"href":"https:\/\/qrpoint.io\/blog\/wp-json\/wp\/v2\/types\/post"}],"author":[{"embeddable":true,"href":"https:\/\/qrpoint.io\/blog\/wp-json\/wp\/v2\/users\/8"}],"replies":[{"embeddable":true,"href":"https:\/\/qrpoint.io\/blog\/wp-json\/wp\/v2\/comments?post=3056"}],"version-history":[{"count":0,"href":"https:\/\/qrpoint.io\/blog\/wp-json\/wp\/v2\/posts\/3056\/revisions"}],"wp:featuredmedia":[{"embeddable":true,"href":"https:\/\/qrpoint.io\/blog\/wp-json\/wp\/v2\/media\/6820"}],"wp:attachment":[{"href":"https:\/\/qrpoint.io\/blog\/wp-json\/wp\/v2\/media?parent=3056"}],"wp:term":[{"taxonomy":"category","embeddable":true,"href":"https:\/\/qrpoint.io\/blog\/wp-json\/wp\/v2\/categories?post=3056"},{"taxonomy":"post_tag","embeddable":true,"href":"https:\/\/qrpoint.io\/blog\/wp-json\/wp\/v2\/tags?post=3056"}],"curies":[{"name":"wp","href":"https:\/\/api.w.org\/{rel}","templated":true}]}}