{"id":3073,"date":"2021-09-25T13:52:15","date_gmt":"2021-09-25T16:52:15","guid":{"rendered":"https:\/\/charming-archimedes.50-17-123-235.plesk.page\/index.php\/2021\/09\/25\/ferias-coletivas\/"},"modified":"2022-09-04T16:30:46","modified_gmt":"2022-09-04T19:30:46","slug":"ferias-coletivas","status":"publish","type":"post","link":"https:\/\/qrpoint.io\/blog\/ferias-coletivas\/","title":{"rendered":"F\u00e9rias coletivas: tudo o que voc\u00ea precisa saber!"},"content":{"rendered":"\r\n<p>Antes de mais nada, as f\u00e9rias coletivas s\u00e3o acordadas, geralmente, por uma quest\u00e3o de<a href=\"\\&quot;http:\/\/charming-archimedes.50-17-123-235.plesk.page\/blog\/gestao-de-pessoas\/\\&quot;\"> gest\u00e3o estrat\u00e9gica<\/a> de uma<a href=\"\\&quot;http:\/\/charming-archimedes.50-17-123-235.plesk.page\/blog\/gestao-inteligente\/\\&quot;\"> organiza\u00e7\u00e3o<\/a>. Voc\u00ea sabia? De fato, existem alguns momentos espec\u00edficos durante o ano, como por exemplo, as f\u00e9rias escolares, que a escola opta por seus <a href=\"\\&quot;http:\/\/charming-archimedes.50-17-123-235.plesk.page\/blog\/beneficios-para-funcionarios\/\\&quot;\">funcion\u00e1rios <\/a>tirarem f\u00e9rias juntos, j\u00e1 que as demandas podem <a href=\"\\&quot;http:\/\/charming-archimedes.50-17-123-235.plesk.page\/blog\/como-reduzir-custos-da-sua-empresa-com-energia-pos-pandemia\/\\&quot;\">reduzir <\/a>de uma forma consider\u00e1vel.\u00a0<\/p>\r\n\r\n\r\n\r\n<p>No entanto, muitas empresas fazem f\u00e9rias coletivas em <a href=\"\\&quot;http:\/\/charming-archimedes.50-17-123-235.plesk.page\/blog\/como-reduzir-custos-da-sua-empresa-com-energia-pos-pandemia\/\\&quot;\">momentos de crise<\/a>, como por exemplo, <a href=\"\\&quot;http:\/\/charming-archimedes.50-17-123-235.plesk.page\/blog\/reducao-salarial\/\\&quot;\">redu\u00e7\u00e3o<\/a> de vendas ou at\u00e9 mesmo de <a href=\"\\&quot;http:\/\/charming-archimedes.50-17-123-235.plesk.page\/blog\/mensurar-a-produtividade-dos-colaboradores\/\\&quot;\">produtividade<\/a>. Al\u00e9m disso, os <a href=\"\\&quot;http:\/\/charming-archimedes.50-17-123-235.plesk.page\/blog\/beneficios-para-funcionarios\/\\&quot;\">funcion\u00e1rios<\/a> tamb\u00e9m n\u00e3o s\u00e3o demitidos e a <a href=\"\\&quot;http:\/\/charming-archimedes.50-17-123-235.plesk.page\/blog\/gestao-inteligente\/\\&quot;\">organiza\u00e7\u00e3o<\/a> j\u00e1 cumpre o seu dever legal, que \u00e9 fornecer as f\u00e9rias para os seus <a href=\"\\&quot;http:\/\/charming-archimedes.50-17-123-235.plesk.page\/blog\/como-fazer-planejamento-financeiro\/\\&quot;\">colaboradores<\/a>.\u00a0<\/p>\r\n\r\n\r\n\r\n<p>Ademais, existem muitas vantagens em tirar as f\u00e9rias coletivas, ent\u00e3o, quer entender melhor sobre o assunto? Continue a leitura deste artigo!<\/p>\r\n\r\n\r\n\r\n<figure class=\"\\&quot;wp-block-image\\&quot;\"><img decoding=\"async\" class=\"\\&quot;wp-image-3074\\&quot;\/\" src=\"\\&quot;http:\/\/charming-archimedes.50-17-123-235.plesk.page\/wp-content\/uploads\/2021\/09\/group-of-people-working-out-business-plan-in-an-office-1024x683.jpg\\&quot;\" alt=\"\\&quot;F\u00e9rias\" \/>\r\n<figcaption>F\u00e9rias Coletivas<\/figcaption>\r\n<\/figure>\r\n\r\n\r\n\r\n<h2 class=\"wp-block-heading\"><strong>O que s\u00e3o as f\u00e9rias coletivas?<\/strong><\/h2>\r\n\r\n\r\n\r\n<p>Como n\u00f3s j\u00e1 dissemos anteriormente, as f\u00e9rias coletivas s\u00e3o as concedidas aos colaboradores de uma<a href=\"\\&quot;http:\/\/charming-archimedes.50-17-123-235.plesk.page\/blog\/gestao-inteligente\/\\&quot;\"> organiza\u00e7\u00e3o <\/a>em momentos que a empresa n\u00e3o est\u00e1 produzindo tanto.\u00a0<\/p>\r\n\r\n\r\n\r\n<p>De acordo com o artigo 139 e 141 da <a href=\"\\&quot;http:\/\/charming-archimedes.50-17-123-235.plesk.page\/blog\/clt\/\\&quot;\">CLT<\/a>, esta op\u00e7\u00e3o de f\u00e9rias coletivas est\u00e1 totalmente regulamentada. No entanto, n\u00f3s iremos ver sobre isso um pouco mais para frente.\u00a0<\/p>\r\n\r\n\r\n\r\n<p>Al\u00e9m disso, as f\u00e9rias coletivas tamb\u00e9m s\u00f3 acontecem com a autoriza\u00e7\u00e3o do gestor, ou seja, ele \u00e9 a \u00fanica pessoa da empresa que poder\u00e1 dar in\u00edcio e o fim das f\u00e9rias, mesmo se elas forem fracionadas.\u00a0<\/p>\r\n\r\n\r\n\r\n<p>Outro ponto importante \u00e9: as f\u00e9rias coletivas n\u00e3o se comparam com as f\u00e9rias individuais e com recessos, al\u00e9m disso, voc\u00ea poder\u00e1 entender melhor essa diferen\u00e7a em nosso conte\u00fado sobre as f\u00e9rias.\u00a0<\/p>\r\n\r\n\r\n\r\n<p>Para finalizar, tamb\u00e9m \u00e9 v\u00e1lido ressaltar que as f\u00e9rias n\u00e3o podem, de forma alguma, serem tiradas iniciando em um final de semana.<\/p>\r\n\r\n\r\n\r\n<h2 class=\"wp-block-heading\"><strong>Afinal, como funcionam as f\u00e9rias coletivas?\u00a0<\/strong><\/h2>\r\n\r\n\r\n\r\n<p>As f\u00e9rias coletivas deixam muitas d\u00favidas e por isso, vamos tentar san\u00e1-las da forma mais simples poss\u00edvel. Afinal, apesar de estar prevista na <a href=\"\\&quot;http:\/\/charming-archimedes.50-17-123-235.plesk.page\/blog\/clt\/\\&quot;\">CLT<\/a>, ainda sofreu mudan\u00e7as com a Reforma Trabalhista.\u00a0<\/p>\r\n\r\n\r\n\r\n<p>Para come\u00e7armos, as f\u00e9rias em conjunto n\u00e3o precisam ser aprovadas pelos colaboradores de uma empresa, por\u00e9m, os mesmos precisam ser avisados. E, para isso, uma dica \u00e9 deixar um comunicado por escrito espalhados por alguns lugares estrat\u00e9gicos dentro da <a href=\"\\&quot;http:\/\/charming-archimedes.50-17-123-235.plesk.page\/blog\/gestao-inteligente\/\\&quot;\">organiza\u00e7\u00e3o<\/a>.\u00a0<\/p>\r\n\r\n\r\n\r\n<p>Al\u00e9m disso, segundo a Secretaria do Trabalho do Minist\u00e9rio da Economia, o comunicado aos <a href=\"\\&quot;http:\/\/charming-archimedes.50-17-123-235.plesk.page\/blog\/beneficios-para-funcionarios\/\\&quot;\">funcion\u00e1rios<\/a> deve ser feito com at\u00e9 15 dias de anteced\u00eancia. E mais, para que tudo ocorra de forma legal, as exig\u00eancias s\u00e3o:<\/p>\r\n\r\n\r\n\r\n<ul class=\"wp-block-list\">\r\n<li>anota\u00e7\u00e3o na carteira de trabalho;<\/li>\r\n<li>envio da GFIP (Guia de Recolhimento do FGTS e de Informa\u00e7\u00f5es \u00e0 Previd\u00eancia Social).<\/li>\r\n<\/ul>\r\n\r\n\r\n\r\n<p>Ainda sim, \u00e9 importante ressaltar que as f\u00e9rias coletivas devem ser pagas\u00a0 em at\u00e9 2 dias \u00fateis antes da data de in\u00edcio do descanso.\u00a0<\/p>\r\n\r\n\r\n\r\n<h2 class=\"wp-block-heading\"><strong>O que diz a legisla\u00e7\u00e3o sobre as f\u00e9rias coletivas?\u00a0<\/strong><\/h2>\r\n\r\n\r\n\r\n<p>Agora que voc\u00ea j\u00e1 sabe o que s\u00e3o e como funcionam as f\u00e9rias coletivas, \u00e9 preciso compreender o que est\u00e1 na legisla\u00e7\u00e3o, al\u00e9m de ser uma forma de acompanhar tudo o que \u00e9 preciso para estar dentro da lei, tamb\u00e9m auxilia para que o seu setor de recursos humanos possa organizar as f\u00e9rias coletivas de forma mais eficiente.\u00a0<\/p>\r\n\r\n\r\n\r\n<p>Entenda agora alguns pontos importantes que est\u00e3o previstos na <a href=\"\\&quot;http:\/\/charming-archimedes.50-17-123-235.plesk.page\/blog\/clt\/\\&quot;\">CLT<\/a>, referente \u00e0s f\u00e9rias coletivas:<\/p>\r\n\r\n\r\n\r\n<h4 class=\"wp-block-heading\"><a href=\"\\&quot;http:\/\/www.planalto.gov.br\/ccivil_03\/decreto-lei\/del1535.htm\\&quot;\"><strong>Artigo 141 da <\/strong><\/a><strong><a href=\"\\&quot;http:\/\/charming-archimedes.50-17-123-235.plesk.page\/blog\/clt\/\\&quot;\">CLT<\/a>:<\/strong><\/h4>\r\n\r\n\r\n\r\n<p>Neste artigo est\u00e1 previsto que:<\/p>\r\n\r\n\r\n\r\n<p>\u201c<a href=\"\\&quot;http:\/\/www.planalto.gov.br\/ccivil_03\/decreto-lei\/Del5452.htm#art141\\&quot;\"><em>Art. 141.<\/em><\/a><em>Quando o n\u00famero de empregados contemplados com as f\u00e9rias coletivas for superior a 300 (trezentos), a empresa poder\u00e1 promover, mediante carimbo, as anota\u00e7\u00f5es de que trata o art. 135, \u00a7 1\u00ba.<\/em><\/p>\r\n\r\n\r\n\r\n<p><em>1\u00ba O carimbo, cujo modelo ser\u00e1 aprovado pelo Minist\u00e9rio do Trabalho, dispensar\u00e1 a refer\u00eancia ao per\u00edodo aquisitivo a que correspondem, para cada empregado, as f\u00e9rias concedidas.<\/em><\/p>\r\n\r\n\r\n\r\n<p><em>2\u00ba Adotado o procedimento indicado neste artigo, caber\u00e1, \u00e0 empresa fornecer ao empregado c\u00f3pia visada do recibo correspondente \u00e0 quita\u00e7\u00e3o mencionada no par\u00e1grafo \u00fanico do art. 145.<\/em><\/p>\r\n\r\n\r\n\r\n<p><em>3\u00ba Quando da cessa\u00e7\u00e3o do contrato de trabalho, o empregador anotar\u00e1 na CTPS as datas dos per\u00edodos aquisitivos correspondentes \u00e0s f\u00e9rias coletivas gozadas pelo empregado.\u201d<\/em><\/p>\r\n\r\n\r\n\r\n<h4 class=\"wp-block-heading\"><a href=\"\\&quot;http:\/\/www.planalto.gov.br\/ccivil_03\/decreto-lei\/del1535.htm\\&quot;\"><strong>Artigo 139 da <\/strong><\/a><strong><a href=\"\\&quot;http:\/\/charming-archimedes.50-17-123-235.plesk.page\/blog\/clt\/\\&quot;\">CLT<\/a>:<\/strong><\/h4>\r\n\r\n\r\n\r\n<p>Antes de tudo, o <a href=\"\\&quot;http:\/\/www.planalto.gov.br\/ccivil_03\/decreto-lei\/del1535.htm\\&quot;\">Artigo 139 da <\/a><a href=\"\\&quot;http:\/\/charming-archimedes.50-17-123-235.plesk.page\/blog\/clt\/\\&quot;\">CLT<\/a> diz como as f\u00e9rias coletivas poder\u00e3o ser concedidas. De acordo com o artigo:<\/p>\r\n\r\n\r\n\r\n<p><em>\\&#8221;1\u00ba As f\u00e9rias poder\u00e3o ser gozadas em dois per\u00edodos anuais, desde que nenhum deles seja inferior a 10 (dez) dias corridos.<\/em><\/p>\r\n\r\n\r\n\r\n<p><em>2\u00ba Para os fins previstos neste artigo, o empregador comunicar\u00e1 ao \u00f3rg\u00e3o local do Minist\u00e9rio do Trabalho, com a anteced\u00eancia m\u00ednima de 15 (quinze) dias, as datas de in\u00edcio e fim das f\u00e9rias, precisando quais os estabelecimentos ou setores abrangidos pela medida.<\/em><\/p>\r\n\r\n\r\n\r\n<p><em>3\u00ba Em igual prazo o empregador enviar\u00e1 c\u00f3pia da aludida comunica\u00e7\u00e3o aos sindicatos representativos da respectiva categoria profissional, e providenciar\u00e1 a fixa\u00e7\u00e3o de aviso nos locais de trabalho.\u201d<\/em><\/p>\r\n\r\n\r\n\r\n<p>Al\u00e9m disso, algumas mudan\u00e7as tamb\u00e9m foram feitas com a Reforma Trabalhista e, claro, continue lendo este artigo para saber mais!<\/p>\r\n\r\n\r\n\r\n<h2 class=\"wp-block-heading\"><strong>O que mudou com a Reforma Trabalhista?<\/strong><\/h2>\r\n\r\n\r\n\r\n<p>Voc\u00ea sabe quais foram as altera\u00e7\u00f5es feitas na Reforma Trabalhista em rela\u00e7\u00e3o \u00e0s f\u00e9rias coletivas? Pois bem, n\u00e3o ocorreram muitas mudan\u00e7as, apesar de existirem informa\u00e7\u00f5es important\u00edssimas, como por exemplo, a jornada de trabalho, horas extras, o pr\u00f3prio per\u00edodo de f\u00e9rias que passaram por algumas altera\u00e7\u00f5es.\u00a0<\/p>\r\n\r\n\r\n\r\n<p>No entanto, para que voc\u00ea tenha um melhor conhecimento em rela\u00e7\u00e3o \u00e0s f\u00e9rias coletivas, confira o que est\u00e1 previsto no <a href=\"\\&quot;https:\/\/www.jusbrasil.com.br\/topicos\/10752876\/artigo-134-do-decreto-lei-n-5452-de-01-de-maio-de-1943\\&quot;\">Artigo 134 da <\/a><a href=\"\\&quot;http:\/\/charming-archimedes.50-17-123-235.plesk.page\/blog\/clt\/\\&quot;\">CLT<\/a>:<\/p>\r\n\r\n\r\n\r\n<p><em>\u201cArt. 134<\/em><\/p>\r\n\r\n\r\n\r\n<p><a href=\"\\&quot;http:\/\/www.planalto.gov.br\/ccivil_03\/Decreto-Lei\/Del5452.htm#art134%C2%A71.\\&quot;\"><em> 1\u00ba <\/em><\/a><em>Desde que haja concord\u00e2ncia do empregado, as f\u00e9rias poder\u00e3o ser usufru\u00eddas em at\u00e9 tr\u00eas per\u00edodos, sendo que um deles n\u00e3o poder\u00e1 ser inferior a quatorze dias corridos e os demais n\u00e3o poder\u00e3o ser inferiores a cinco dias corridos, cada um.<\/em><\/p>\r\n\r\n\r\n\r\n<p><em>2\u00ba (Revogado).<\/em><\/p>\r\n\r\n\r\n\r\n<p><em>3\u00ba \u00c9 vedado o in\u00edcio das f\u00e9rias no per\u00edodo de dois dias que antecede feriado ou dia de repouso semanal remunerado.\u201d (NR)\u201d<\/em><\/p>\r\n\r\n\r\n\r\n<p>Com a antiga Reforma Trabalhista, os <a href=\"\\&quot;http:\/\/charming-archimedes.50-17-123-235.plesk.page\/blog\/como-fazer-planejamento-financeiro\/\\&quot;\">colaboradores<\/a> poderiam fracionar suas f\u00e9rias em at\u00e9 2 per\u00edodos, com a nova, \u00e9 poss\u00edvel fazer o fracionamento de uma forma mais flex\u00edvel. Um bom exemplo de fracionar em 3 per\u00edodos \u00e9:<\/p>\r\n\r\n\r\n\r\n<p>10 dias + 10 dias + 10 dias= 30 dias.<\/p>\r\n\r\n\r\n\r\n<h2 class=\"wp-block-heading\"><strong>O que diz a MP 927\/20 sobre as f\u00e9rias coletivas?<\/strong><\/h2>\r\n\r\n\r\n\r\n<p>No ano de 2020 iniciou-se o processo de isolamento social, j\u00e1 que a pandemia se agravou, logo, chegou uma medida provis\u00f3ria usando novas regras para colocar as f\u00e9rias coletivas como parte de uma gest\u00e3o estrat\u00e9gica, visando que nem os <a href=\"\\&quot;http:\/\/charming-archimedes.50-17-123-235.plesk.page\/blog\/como-fazer-planejamento-financeiro\/\\&quot;\">colaboradores<\/a> e nem os gestores fossem prejudicados.\u00a0<\/p>\r\n\r\n\r\n\r\n<p>No momento, a forma de comunica\u00e7\u00e3o aos<a href=\"\\&quot;http:\/\/charming-archimedes.50-17-123-235.plesk.page\/blog\/beneficios-para-funcionarios\/\\&quot;\"> funcion\u00e1rios<\/a> n\u00e3o possui um prazo muito distante, antes da MP, era obrigat\u00f3rio avisar os<a href=\"\\&quot;http:\/\/charming-archimedes.50-17-123-235.plesk.page\/blog\/como-fazer-planejamento-financeiro\/\\&quot;\"> colaboradores<\/a> com at\u00e9 15 dias de anteced\u00eancia das f\u00e9rias coletivas.\u00a0<\/p>\r\n\r\n\r\n\r\n<p>Agora, o aviso aos<a href=\"\\&quot;http:\/\/charming-archimedes.50-17-123-235.plesk.page\/blog\/beneficios-para-funcionarios\/\\&quot;\"> funcion\u00e1rios <\/a>podem ser de at\u00e9 48 horas de anteced\u00eancia, por\u00e9m, at\u00e9 mesmo de forma digital.\u00a0<\/p>\r\n\r\n\r\n\r\n<p>Apesar de a vacina ter chegado em nosso pa\u00eds e as coisas estarem se encaminhando para um novo normal, ainda \u00e9 importante ter muito cuidado e por isso, essas regras continuam valendo, j\u00e1 que ainda estamos com o v\u00edrus presente no Brasil.<\/p>\r\n\r\n\r\n\r\n<h2 class=\"wp-block-heading\"><strong>Quem t\u00eam direito \u00e0s f\u00e9rias coletivas?<\/strong><\/h2>\r\n\r\n\r\n\r\n<p>Antes de tudo, muitas pessoas confundem as regras das f\u00e9rias individuais com as f\u00e9rias coletivas, apesar de serem bem distintas. Pois ent\u00e3o, nas f\u00e9rias coletivas os <a href=\"\\&quot;http:\/\/charming-archimedes.50-17-123-235.plesk.page\/blog\/beneficios-para-funcionarios\/\\&quot;\">funcion\u00e1rios<\/a> n\u00e3o precisam esperar o seu per\u00edodo aquisitivo se cumprir para tirar as f\u00e9rias. Isso acontece, porque, quando um setor e a empresa saem de f\u00e9rias, todos os <a href=\"\\&quot;http:\/\/charming-archimedes.50-17-123-235.plesk.page\/blog\/beneficios-para-funcionarios\/\\&quot;\">funcion\u00e1rios<\/a>, independentemente do tempo, precisam sair tamb\u00e9m.\u00a0<\/p>\r\n\r\n\r\n\r\n<p>No entanto, existem algumas mudan\u00e7as. O pagamento, por exemplo, ser\u00e1 proporcional ao per\u00edodo de descanso a que ele teria direito, mas, neste caso, ser\u00e1 pago em licen\u00e7a remunerada. Al\u00e9m disso, quando o colaborador retornar das f\u00e9rias coletivas, o mesmo ter\u00e1 que recome\u00e7ar a contagem do seu per\u00edodo aquisitivo, ou seja, 12 meses para tirar as f\u00e9rias.\u00a0<\/p>\r\n\r\n\r\n\r\n<p>Por isso, \u00e9 de extrema import\u00e2ncia ter um bom conhecimento sobre as f\u00e9rias coletivas, para repassar todas as informa\u00e7\u00f5es importantes aos seus <a href=\"\\&quot;http:\/\/charming-archimedes.50-17-123-235.plesk.page\/blog\/como-fazer-planejamento-financeiro\/\\&quot;\">colaboradores<\/a>. Ent\u00e3o, em resumo, todos os <a href=\"\\&quot;http:\/\/charming-archimedes.50-17-123-235.plesk.page\/blog\/como-fazer-planejamento-financeiro\/\\&quot;\">colaboradores<\/a> da empresa t\u00eam direito a f\u00e9rias coletivas.\u00a0<\/p>\r\n\r\n\r\n\r\n<h2 class=\"wp-block-heading\"><strong>Como funciona a remunera\u00e7\u00e3o das f\u00e9rias coletivas?<\/strong><\/h2>\r\n\r\n\r\n\r\n<p>Antecipadamente, al\u00e9m do exemplo que demos no t\u00f3pico anterior, o pagamento das f\u00e9rias deve ser feito bem como as individuais, ou seja, em at\u00e9 2 dias \u00fateis de anteced\u00eancia da data de in\u00edcio das f\u00e9rias coletivas. Mas e se a data n\u00e3o for um dia \u00fatil? Neste caso, a empresa deve antecipar o pagamento ao colaborador.\u00a0<\/p>\r\n\r\n\r\n\r\n<h4 class=\"wp-block-heading\"><strong>Mas qual o valor que deve ser pago?<\/strong><\/h4>\r\n\r\n\r\n\r\n<p>O valor a ser pago, depender\u00e1 de alguns fatores, tais como:<\/p>\r\n\r\n\r\n\r\n<ul class=\"wp-block-list\">\r\n<li>o sal\u00e1rio do colaborador;<\/li>\r\n<li>dura\u00e7\u00e3o do per\u00edodo de descanso;<\/li>\r\n<li>forma de pagamento que o empregado recebe geralmente.<\/li>\r\n<\/ul>\r\n\r\n\r\n\r\n<h4 class=\"wp-block-heading\"><strong>O que n\u00e3o pode ser descontado no per\u00edodo de f\u00e9rias coletivas?<\/strong><\/h4>\r\n\r\n\r\n\r\n<p>Pois bem, \u00e9 preciso entender que nenhum colaborador sai prejudicado e sem remunera\u00e7\u00e3o por tirar f\u00e9rias. No entanto, podem influenciar diretamente nas f\u00e9rias individuais. Isso porque, os <a href=\"\\&quot;http:\/\/charming-archimedes.50-17-123-235.plesk.page\/blog\/beneficios-para-funcionarios\/\\&quot;\">funcion\u00e1rios<\/a> com menos de 1 ano na <a href=\"\\&quot;http:\/\/charming-archimedes.50-17-123-235.plesk.page\/blog\/gestao-inteligente\/\\&quot;\">organiza\u00e7\u00e3o<\/a>, s\u00f3 poder\u00e3o tirar as suas f\u00e9rias 1 ano ap\u00f3s o retorno das f\u00e9rias coletivas, ou seja, a contagem recome\u00e7a, como j\u00e1 dissemos anteriormente.\u00a0<\/p>\r\n\r\n\r\n\r\n<p>Mas, felizmente, o pagamento das f\u00e9rias \u00e9 feito da mesma forma, ou seja, \u00e9 o sal\u00e1rio completo mais \u2153 proporcional.\u00a0<\/p>\r\n\r\n\r\n\r\n<h2 class=\"wp-block-heading\"><strong>\u00c9 obrigat\u00f3rio tirar essas f\u00e9rias?<\/strong><\/h2>\r\n\r\n\r\n\r\n<p>Chegamos at\u00e9 aqui e acreditamos que j\u00e1 foi poss\u00edvel voc\u00ea compreender um pouco mais sobre as f\u00e9rias coletivas, mas ser\u00e1 que ela \u00e9 obrigat\u00f3ria? Afinal, os <a href=\"\\&quot;http:\/\/charming-archimedes.50-17-123-235.plesk.page\/blog\/beneficios-para-funcionarios\/\\&quot;\">funcion\u00e1rios <\/a>podem escolher se querem ou n\u00e3o?<\/p>\r\n\r\n\r\n\r\n<p>Infelizmente, caso o colaborador questione, ele deve sim seguir as normas da empresa, afinal, ele n\u00e3o poder\u00e1 exercer sua fun\u00e7\u00e3o sozinho, enquanto todos os<a href=\"\\&quot;http:\/\/charming-archimedes.50-17-123-235.plesk.page\/blog\/beneficios-para-funcionarios\/\\&quot;\"> funcion\u00e1rios<\/a> est\u00e3o de f\u00e9rias.<\/p>\r\n\r\n\r\n\r\n<p>Por isso, as f\u00e9rias coletivas n\u00e3o devem ser obrigat\u00f3rias, mas caso a empresa tome essa decis\u00e3o, n\u00e3o h\u00e1 o que fazer, o funcion\u00e1rio precisa respeitar e aceitar os fatos.<\/p>\r\n\r\n\r\n\r\n<h2 class=\"wp-block-heading\"><strong>A import\u00e2ncia do controle de ponto nas f\u00e9rias coletivas<\/strong><\/h2>\r\n\r\n\r\n\r\n<p>Controlar as f\u00e9rias dos <a href=\"\\&quot;http:\/\/charming-archimedes.50-17-123-235.plesk.page\/blog\/como-fazer-planejamento-financeiro\/\\&quot;\">colaboradores<\/a> de forma organizada e assertiva \u00e9 um dos grandes desejos dos gestores, n\u00e3o \u00e9 verdade? Principalmente, quando, antes das f\u00e9rias, \u00e9 necess\u00e1rio fazer c\u00e1lculos de quanto os <a href=\"\\&quot;http:\/\/charming-archimedes.50-17-123-235.plesk.page\/blog\/como-fazer-planejamento-financeiro\/\\&quot;\">colaboradores<\/a> devem receber. E, lembrando que, cada funcion\u00e1rio \u00e9 uma situa\u00e7\u00e3o diferente, apesar de ser um c\u00e1lculo b\u00e1sico.<\/p>\r\n\r\n\r\n\r\n<p>Por isso, \u00e9 muito importante que voc\u00ea possua um aplicativo de <a href=\"\\&quot;http:\/\/charming-archimedes.50-17-123-235.plesk.page\/blog\/controle-de-ponto-online2\/\\&quot;\">controle de ponto alternativo<\/a> com essas funcionalidades, ou seja, que te fornece informa\u00e7\u00f5es em tempo real sobre todos os <a href=\"\\&quot;http:\/\/charming-archimedes.50-17-123-235.plesk.page\/blog\/como-fazer-planejamento-financeiro\/\\&quot;\">colaboradores<\/a> da empresa.\u00a0<\/p>\r\n\r\n\r\n\r\n<p>Desta forma, com nosso sistema de <a href=\"\\&quot;http:\/\/charming-archimedes.50-17-123-235.plesk.page\/blog\/controle-de-ponto-online2\/\\&quot;\">controle de ponto alternativo<\/a>, \u00e9 poss\u00edvel deixar a <a href=\"\\&quot;http:\/\/charming-archimedes.50-17-123-235.plesk.page\/blog\/folha-de-ponto\/\\&quot;\">folha de ponto<\/a> de todos os <a href=\"\\&quot;http:\/\/charming-archimedes.50-17-123-235.plesk.page\/blog\/como-fazer-planejamento-financeiro\/\\&quot;\">colaboradores<\/a> mais eficientes, com as informa\u00e7\u00f5es corretas. Al\u00e9m de, claro, deixar o aplicativo de <a href=\"\\&quot;http:\/\/charming-archimedes.50-17-123-235.plesk.page\/blog\/controle-de-ponto-online2\/\\&quot;\">controle de ponto online<\/a> focar nos processos, pois voc\u00ea ter\u00e1 muito mais chance para ter mais contato com as pessoas da sua empresa.<\/p>\r\n\r\n\r\n\r\n<p>Sendo assim, temos um convite especial para voc\u00ea\u2026<\/p>\r\n\r\n\r\n\r\n<h2 class=\"wp-block-heading\"><strong>Conte com a QRPoint!<\/strong><\/h2>\r\n\r\n\r\n\r\n<p>Para dar in\u00edcio, n\u00f3s fornecemos o <a href=\"\\&quot;http:\/\/charming-archimedes.50-17-123-235.plesk.page\/funcionalidades\/registro-rapido\/\\&quot;\">registro r\u00e1pido<\/a> dos seus <a href=\"\\&quot;http:\/\/charming-archimedes.50-17-123-235.plesk.page\/blog\/como-fazer-planejamento-financeiro\/\\&quot;\">colaboradores<\/a> no software de controle de ponto, reduzindo a dificuldade na hora de adotar o novo sistema.<\/p>\r\n\r\n\r\n\r\n<p>Uma vez que tudo j\u00e1 estiver nos conformes, voc\u00ea vai poder aproveitar do app do gestor, um dos nossos maiores benef\u00edcios.<\/p>\r\n\r\n\r\n\r\n<p>\u00c9 atrav\u00e9s do<a href=\"\\&quot;http:\/\/charming-archimedes.50-17-123-235.plesk.page\/funcionalidades\/aplicativo-do-gestor\/\\&quot;\"> aplicativo do gestor<\/a> que voc\u00ea ter\u00e1 acesso a <a href=\"\\&quot;http:\/\/charming-archimedes.50-17-123-235.plesk.page\/funcionalidades\/dashboards-indicadores\/\\&quot;\">dashboards de indicadores<\/a>, mostrando todos os <a href=\"\\&quot;http:\/\/charming-archimedes.50-17-123-235.plesk.page\/blog\/como-fazer-planejamento-financeiro\/\\&quot;\">colaboradores<\/a> que est\u00e3o dentro da <a href=\"\\&quot;http:\/\/charming-archimedes.50-17-123-235.plesk.page\/blog\/gestao-inteligente\/\\&quot;\">organiza\u00e7\u00e3o<\/a> trabalhando, al\u00e9m daqueles que est\u00e3o de f\u00e9rias e muito mais!<\/p>\r\n\r\n\r\n\r\n<p>Portanto, para garantir a estadia do colaborador dentro do local de trabalho, n\u00f3s usamos os recursos de <a href=\"\\&quot;http:\/\/charming-archimedes.50-17-123-235.plesk.page\/funcionalidades\/geolocalizacao\/\\&quot;\">geolocaliza\u00e7\u00e3o<\/a> para criar uma <a href=\"\\&quot;http:\/\/charming-archimedes.50-17-123-235.plesk.page\/funcionalidades\/cerca-digital\/\\&quot;\">cerca digital<\/a> que garante exatamente onde <strong>o <\/strong>ponto online ou o ponto offline est\u00e1 sendo registrado.<\/p>\r\n\r\n\r\n\r\n<p>E pensando na seguran\u00e7a tanto do colaborador quanto do gestor, o controle de ponto \u00e9 registrado atrav\u00e9s do <a href=\"\\&quot;http:\/\/charming-archimedes.50-17-123-235.plesk.page\/funcionalidades\/reconhecimento-facial\/\\&quot;\">reconhecimento biom\u00e9trico<\/a> do profissional. N\u00f3s tamb\u00e9m mantemos o <a href=\"\\&quot;http:\/\/charming-archimedes.50-17-123-235.plesk.page\/funcionalidades\/banco-de-horas\/\\&quot;\">banco de horas<\/a> de todos os colaboradores, permitindo mudan\u00e7as nele se necess\u00e1rio.<\/p>\r\n\r\n\r\n\r\n<p><a href=\"\\&quot;http:\/\/charming-archimedes.50-17-123-235.plesk.page\/contato\/\\&quot;\">Entre em contato<\/a> para tirar qualquer d\u00favida sobre o nosso sistema de controle de ponto com nossa equipe. Ficou interessado e quer os benef\u00edcios do QRPoint na sua empresa? Fa\u00e7a hoje mesmo um <a href=\"\\&quot;https:\/\/cadastro.qrpoint.com.br\/\\&quot;\">teste do controle de ponto gratuito<\/a> e prove a facilidade de ter o <a href=\"\\&quot;http:\/\/charming-archimedes.50-17-123-235.plesk.page\/funcionalidades\/calculo-de-horas-adicionais-e-faltas\/\\&quot;\">c\u00e1lculo de horas, adicionais e faltas feito automaticamente<\/a>.<\/p>\r\n\r\n\r\n\r\n<p>N\u00e3o vai perder a oportunidade de automatizar a sua empresa com o melhor software de controle de ponto online, n\u00e9? Saiba mais sobre o nosso controle de ponto em nosso site! Voc\u00ea pode acompanhar mais conte\u00fados em nossas redes sociais: <a href=\"\\&quot;https:\/\/www.linkedin.com\/company\/qrpoint\\&quot;\">LinkedIn<\/a>, <a href=\"\\&quot;https:\/\/www.instagram.com\/qrpoint\/\\&quot;\">Instagram<\/a> e <a href=\"\\&quot;https:\/\/www.facebook.com\/qrpoint\\&quot;\">Facebook<\/a><\/p>\r\n","protected":false},"excerpt":{"rendered":"<p>Entenda o que s\u00e3o, como funcionam, o que diz a legisla\u00e7\u00e3o e tire todas as suas d\u00favidas sobre as F\u00e9rias Coletivas.<\/p>\n","protected":false},"author":8,"featured_media":6816,"comment_status":"open","ping_status":"open","sticky":false,"template":"","format":"standard","meta":{"site-sidebar-layout":"default","site-content-layout":"default","ast-global-header-display":"","ast-main-header-display":"","ast-hfb-above-header-display":"","ast-hfb-below-header-display":"","ast-hfb-mobile-header-display":"","site-post-title":"","ast-breadcrumbs-content":"","ast-featured-img":"","footer-sml-layout":"","theme-transparent-header-meta":"default","adv-header-id-meta":"","stick-header-meta":"","header-above-stick-meta":"","header-main-stick-meta":"","header-below-stick-meta":"","footnotes":""},"categories":[29],"tags":[],"class_list":["post-3073","post","type-post","status-publish","format-standard","has-post-thumbnail","hentry","category-legislacao"],"yoast_head":"<!-- This site is optimized with the Yoast SEO Premium plugin v19.2 (Yoast SEO v20.2.1) - https:\/\/yoast.com\/wordpress\/plugins\/seo\/ -->\n<title>F\u00e9rias coletivas: como funcionam e o que diz a lei? Entenda!<\/title>\n<meta name=\"description\" content=\"Entenda o que s\u00e3o, como funcionam, o que diz a legisla\u00e7\u00e3o, o que mudou com a Reforma Trabalhista e tire todas as suas d\u00favidas sobre as F\u00e9rias Coletivas.\" \/>\n<meta name=\"robots\" content=\"index, follow, max-snippet:-1, max-image-preview:large, max-video-preview:-1\" \/>\n<link rel=\"canonical\" href=\"https:\/\/qrpoint.io\/blog\/ferias-coletivas\/\" \/>\n<meta property=\"og:locale\" content=\"pt_BR\" \/>\n<meta property=\"og:type\" content=\"article\" \/>\n<meta property=\"og:title\" content=\"F\u00e9rias coletivas: tudo o que voc\u00ea precisa saber!\" \/>\n<meta property=\"og:description\" content=\"Entenda o que s\u00e3o, como funcionam, o que diz a legisla\u00e7\u00e3o, o que mudou com a Reforma Trabalhista e tire todas as suas d\u00favidas sobre as F\u00e9rias Coletivas.\" \/>\n<meta property=\"og:url\" content=\"https:\/\/qrpoint.io\/blog\/ferias-coletivas\/\" \/>\n<meta property=\"og:site_name\" content=\"QRpoint\" \/>\n<meta property=\"article:publisher\" content=\"https:\/\/pt-br.facebook.com\/qrpoint\/\" \/>\n<meta property=\"article:published_time\" content=\"2021-09-25T16:52:15+00:00\" \/>\n<meta property=\"article:modified_time\" content=\"2022-09-04T19:30:46+00:00\" \/>\n<meta property=\"og:image\" content=\"https:\/\/qrpoint.io\/blog\/wp-content\/uploads\/2021\/09\/group-of-people-working-out-business-plan-in-an-office-300x200-1.webp\" \/>\n\t<meta property=\"og:image:width\" content=\"300\" \/>\n\t<meta property=\"og:image:height\" content=\"200\" \/>\n\t<meta property=\"og:image:type\" content=\"image\/webp\" \/>\n<meta name=\"author\" content=\"Mariana Miranda\" \/>\n<meta name=\"twitter:card\" content=\"summary_large_image\" \/>\n<meta name=\"twitter:label1\" content=\"Escrito por\" \/>\n\t<meta name=\"twitter:data1\" content=\"Mariana Miranda\" \/>\n\t<meta name=\"twitter:label2\" content=\"Est. tempo de leitura\" \/>\n\t<meta name=\"twitter:data2\" content=\"12 minutos\" \/>\n<script type=\"application\/ld+json\" class=\"yoast-schema-graph\">{\"@context\":\"https:\/\/schema.org\",\"@graph\":[{\"@type\":\"Article\",\"@id\":\"https:\/\/qrpoint.io\/blog\/ferias-coletivas\/#article\",\"isPartOf\":{\"@id\":\"https:\/\/qrpoint.io\/blog\/ferias-coletivas\/\"},\"author\":{\"name\":\"Mariana Miranda\",\"@id\":\"https:\/\/qrpoint.io\/blog\/#\/schema\/person\/b220cd9663897e8d071907110957749e\"},\"headline\":\"F\u00e9rias coletivas: tudo o que voc\u00ea precisa saber!\",\"datePublished\":\"2021-09-25T16:52:15+00:00\",\"dateModified\":\"2022-09-04T19:30:46+00:00\",\"mainEntityOfPage\":{\"@id\":\"https:\/\/qrpoint.io\/blog\/ferias-coletivas\/\"},\"wordCount\":2173,\"commentCount\":1,\"publisher\":{\"@id\":\"https:\/\/qrpoint.io\/blog\/#organization\"},\"articleSection\":[\"Legisla\u00e7\u00e3o\"],\"inLanguage\":\"pt-BR\",\"potentialAction\":[{\"@type\":\"CommentAction\",\"name\":\"Comment\",\"target\":[\"https:\/\/qrpoint.io\/blog\/ferias-coletivas\/#respond\"]}]},{\"@type\":\"WebPage\",\"@id\":\"https:\/\/qrpoint.io\/blog\/ferias-coletivas\/\",\"url\":\"https:\/\/qrpoint.io\/blog\/ferias-coletivas\/\",\"name\":\"F\u00e9rias coletivas: como funcionam e o que diz a lei? Entenda!\",\"isPartOf\":{\"@id\":\"https:\/\/qrpoint.io\/blog\/#website\"},\"datePublished\":\"2021-09-25T16:52:15+00:00\",\"dateModified\":\"2022-09-04T19:30:46+00:00\",\"description\":\"Entenda o que s\u00e3o, como funcionam, o que diz a legisla\u00e7\u00e3o, o que mudou com a Reforma Trabalhista e tire todas as suas d\u00favidas sobre as F\u00e9rias Coletivas.\",\"breadcrumb\":{\"@id\":\"https:\/\/qrpoint.io\/blog\/ferias-coletivas\/#breadcrumb\"},\"inLanguage\":\"pt-BR\",\"potentialAction\":[{\"@type\":\"ReadAction\",\"target\":[\"https:\/\/qrpoint.io\/blog\/ferias-coletivas\/\"]}]},{\"@type\":\"BreadcrumbList\",\"@id\":\"https:\/\/qrpoint.io\/blog\/ferias-coletivas\/#breadcrumb\",\"itemListElement\":[{\"@type\":\"ListItem\",\"position\":1,\"name\":\"Home\",\"item\":\"https:\/\/qrpoint.io\/blog\/\"},{\"@type\":\"ListItem\",\"position\":2,\"name\":\"F\u00e9rias coletivas: tudo o que voc\u00ea precisa saber!\"}]},{\"@type\":\"WebSite\",\"@id\":\"https:\/\/qrpoint.io\/blog\/#website\",\"url\":\"https:\/\/qrpoint.io\/blog\/\",\"name\":\"QRpoint\",\"description\":\"Melhor Sistema de Controle de Ponto do Brasil! Tecnologia de RH capaz de simplificar os processos do RH da sua empresa! Confira!\",\"publisher\":{\"@id\":\"https:\/\/qrpoint.io\/blog\/#organization\"},\"potentialAction\":[{\"@type\":\"SearchAction\",\"target\":{\"@type\":\"EntryPoint\",\"urlTemplate\":\"https:\/\/qrpoint.io\/blog\/?s={search_term_string}\"},\"query-input\":\"required name=search_term_string\"}],\"inLanguage\":\"pt-BR\"},{\"@type\":\"Organization\",\"@id\":\"https:\/\/qrpoint.io\/blog\/#organization\",\"name\":\"QRpoint\",\"url\":\"https:\/\/qrpoint.io\/blog\/\",\"logo\":{\"@type\":\"ImageObject\",\"inLanguage\":\"pt-BR\",\"@id\":\"https:\/\/qrpoint.io\/blog\/#\/schema\/logo\/image\/\",\"url\":\"https:\/\/qrpoint.io\/wp-content\/uploads\/2022\/09\/Twitter-avatar-100x100-1.png\",\"contentUrl\":\"https:\/\/qrpoint.io\/wp-content\/uploads\/2022\/09\/Twitter-avatar-100x100-1.png\",\"width\":100,\"height\":100,\"caption\":\"QRpoint\"},\"image\":{\"@id\":\"https:\/\/qrpoint.io\/blog\/#\/schema\/logo\/image\/\"},\"sameAs\":[\"https:\/\/pt-br.facebook.com\/qrpoint\/\",\"https:\/\/www.instagram.com\/qrpoint\/\"]},{\"@type\":\"Person\",\"@id\":\"https:\/\/qrpoint.io\/blog\/#\/schema\/person\/b220cd9663897e8d071907110957749e\",\"name\":\"Mariana Miranda\",\"image\":{\"@type\":\"ImageObject\",\"inLanguage\":\"pt-BR\",\"@id\":\"https:\/\/qrpoint.io\/blog\/#\/schema\/person\/image\/\",\"url\":\"https:\/\/secure.gravatar.com\/avatar\/7f696fbea5d327fb33d8920c527ae5e5a424e5b26421f0c8a4f774ecc49e5348?s=96&d=mm&r=g\",\"contentUrl\":\"https:\/\/secure.gravatar.com\/avatar\/7f696fbea5d327fb33d8920c527ae5e5a424e5b26421f0c8a4f774ecc49e5348?s=96&d=mm&r=g\",\"caption\":\"Mariana Miranda\"},\"url\":\"https:\/\/qrpoint.io\/blog\/author\/mariana-miranda\/\"}]}<\/script>\n<!-- \/ Yoast SEO Premium plugin. -->","yoast_head_json":{"title":"F\u00e9rias coletivas: como funcionam e o que diz a lei? Entenda!","description":"Entenda o que s\u00e3o, como funcionam, o que diz a legisla\u00e7\u00e3o, o que mudou com a Reforma Trabalhista e tire todas as suas d\u00favidas sobre as F\u00e9rias Coletivas.","robots":{"index":"index","follow":"follow","max-snippet":"max-snippet:-1","max-image-preview":"max-image-preview:large","max-video-preview":"max-video-preview:-1"},"canonical":"https:\/\/qrpoint.io\/blog\/ferias-coletivas\/","og_locale":"pt_BR","og_type":"article","og_title":"F\u00e9rias coletivas: tudo o que voc\u00ea precisa saber!","og_description":"Entenda o que s\u00e3o, como funcionam, o que diz a legisla\u00e7\u00e3o, o que mudou com a Reforma Trabalhista e tire todas as suas d\u00favidas sobre as F\u00e9rias Coletivas.","og_url":"https:\/\/qrpoint.io\/blog\/ferias-coletivas\/","og_site_name":"QRpoint","article_publisher":"https:\/\/pt-br.facebook.com\/qrpoint\/","article_published_time":"2021-09-25T16:52:15+00:00","article_modified_time":"2022-09-04T19:30:46+00:00","og_image":[{"width":300,"height":200,"url":"https:\/\/qrpoint.io\/blog\/wp-content\/uploads\/2021\/09\/group-of-people-working-out-business-plan-in-an-office-300x200-1.webp","type":"image\/webp"}],"author":"Mariana Miranda","twitter_card":"summary_large_image","twitter_misc":{"Escrito por":"Mariana Miranda","Est. tempo de leitura":"12 minutos"},"schema":{"@context":"https:\/\/schema.org","@graph":[{"@type":"Article","@id":"https:\/\/qrpoint.io\/blog\/ferias-coletivas\/#article","isPartOf":{"@id":"https:\/\/qrpoint.io\/blog\/ferias-coletivas\/"},"author":{"name":"Mariana Miranda","@id":"https:\/\/qrpoint.io\/blog\/#\/schema\/person\/b220cd9663897e8d071907110957749e"},"headline":"F\u00e9rias coletivas: tudo o que voc\u00ea precisa saber!","datePublished":"2021-09-25T16:52:15+00:00","dateModified":"2022-09-04T19:30:46+00:00","mainEntityOfPage":{"@id":"https:\/\/qrpoint.io\/blog\/ferias-coletivas\/"},"wordCount":2173,"commentCount":1,"publisher":{"@id":"https:\/\/qrpoint.io\/blog\/#organization"},"articleSection":["Legisla\u00e7\u00e3o"],"inLanguage":"pt-BR","potentialAction":[{"@type":"CommentAction","name":"Comment","target":["https:\/\/qrpoint.io\/blog\/ferias-coletivas\/#respond"]}]},{"@type":"WebPage","@id":"https:\/\/qrpoint.io\/blog\/ferias-coletivas\/","url":"https:\/\/qrpoint.io\/blog\/ferias-coletivas\/","name":"F\u00e9rias coletivas: como funcionam e o que diz a lei? Entenda!","isPartOf":{"@id":"https:\/\/qrpoint.io\/blog\/#website"},"datePublished":"2021-09-25T16:52:15+00:00","dateModified":"2022-09-04T19:30:46+00:00","description":"Entenda o que s\u00e3o, como funcionam, o que diz a legisla\u00e7\u00e3o, o que mudou com a Reforma Trabalhista e tire todas as suas d\u00favidas sobre as F\u00e9rias Coletivas.","breadcrumb":{"@id":"https:\/\/qrpoint.io\/blog\/ferias-coletivas\/#breadcrumb"},"inLanguage":"pt-BR","potentialAction":[{"@type":"ReadAction","target":["https:\/\/qrpoint.io\/blog\/ferias-coletivas\/"]}]},{"@type":"BreadcrumbList","@id":"https:\/\/qrpoint.io\/blog\/ferias-coletivas\/#breadcrumb","itemListElement":[{"@type":"ListItem","position":1,"name":"Home","item":"https:\/\/qrpoint.io\/blog\/"},{"@type":"ListItem","position":2,"name":"F\u00e9rias coletivas: tudo o que voc\u00ea precisa saber!"}]},{"@type":"WebSite","@id":"https:\/\/qrpoint.io\/blog\/#website","url":"https:\/\/qrpoint.io\/blog\/","name":"QRpoint","description":"Melhor Sistema de Controle de Ponto do Brasil! Tecnologia de RH capaz de simplificar os processos do RH da sua empresa! Confira!","publisher":{"@id":"https:\/\/qrpoint.io\/blog\/#organization"},"potentialAction":[{"@type":"SearchAction","target":{"@type":"EntryPoint","urlTemplate":"https:\/\/qrpoint.io\/blog\/?s={search_term_string}"},"query-input":"required name=search_term_string"}],"inLanguage":"pt-BR"},{"@type":"Organization","@id":"https:\/\/qrpoint.io\/blog\/#organization","name":"QRpoint","url":"https:\/\/qrpoint.io\/blog\/","logo":{"@type":"ImageObject","inLanguage":"pt-BR","@id":"https:\/\/qrpoint.io\/blog\/#\/schema\/logo\/image\/","url":"https:\/\/qrpoint.io\/wp-content\/uploads\/2022\/09\/Twitter-avatar-100x100-1.png","contentUrl":"https:\/\/qrpoint.io\/wp-content\/uploads\/2022\/09\/Twitter-avatar-100x100-1.png","width":100,"height":100,"caption":"QRpoint"},"image":{"@id":"https:\/\/qrpoint.io\/blog\/#\/schema\/logo\/image\/"},"sameAs":["https:\/\/pt-br.facebook.com\/qrpoint\/","https:\/\/www.instagram.com\/qrpoint\/"]},{"@type":"Person","@id":"https:\/\/qrpoint.io\/blog\/#\/schema\/person\/b220cd9663897e8d071907110957749e","name":"Mariana Miranda","image":{"@type":"ImageObject","inLanguage":"pt-BR","@id":"https:\/\/qrpoint.io\/blog\/#\/schema\/person\/image\/","url":"https:\/\/secure.gravatar.com\/avatar\/7f696fbea5d327fb33d8920c527ae5e5a424e5b26421f0c8a4f774ecc49e5348?s=96&d=mm&r=g","contentUrl":"https:\/\/secure.gravatar.com\/avatar\/7f696fbea5d327fb33d8920c527ae5e5a424e5b26421f0c8a4f774ecc49e5348?s=96&d=mm&r=g","caption":"Mariana Miranda"},"url":"https:\/\/qrpoint.io\/blog\/author\/mariana-miranda\/"}]}},"_links":{"self":[{"href":"https:\/\/qrpoint.io\/blog\/wp-json\/wp\/v2\/posts\/3073","targetHints":{"allow":["GET"]}}],"collection":[{"href":"https:\/\/qrpoint.io\/blog\/wp-json\/wp\/v2\/posts"}],"about":[{"href":"https:\/\/qrpoint.io\/blog\/wp-json\/wp\/v2\/types\/post"}],"author":[{"embeddable":true,"href":"https:\/\/qrpoint.io\/blog\/wp-json\/wp\/v2\/users\/8"}],"replies":[{"embeddable":true,"href":"https:\/\/qrpoint.io\/blog\/wp-json\/wp\/v2\/comments?post=3073"}],"version-history":[{"count":0,"href":"https:\/\/qrpoint.io\/blog\/wp-json\/wp\/v2\/posts\/3073\/revisions"}],"wp:featuredmedia":[{"embeddable":true,"href":"https:\/\/qrpoint.io\/blog\/wp-json\/wp\/v2\/media\/6816"}],"wp:attachment":[{"href":"https:\/\/qrpoint.io\/blog\/wp-json\/wp\/v2\/media?parent=3073"}],"wp:term":[{"taxonomy":"category","embeddable":true,"href":"https:\/\/qrpoint.io\/blog\/wp-json\/wp\/v2\/categories?post=3073"},{"taxonomy":"post_tag","embeddable":true,"href":"https:\/\/qrpoint.io\/blog\/wp-json\/wp\/v2\/tags?post=3073"}],"curies":[{"name":"wp","href":"https:\/\/api.w.org\/{rel}","templated":true}]}}