{"id":3370,"date":"2021-10-26T12:15:03","date_gmt":"2021-10-26T15:15:03","guid":{"rendered":"https:\/\/charming-archimedes.50-17-123-235.plesk.page\/index.php\/2021\/10\/26\/carnaval\/"},"modified":"2022-09-04T15:49:12","modified_gmt":"2022-09-04T18:49:12","slug":"carnaval","status":"publish","type":"post","link":"https:\/\/qrpoint.io\/blog\/carnaval\/","title":{"rendered":"Carnaval 2022: Saiba tudo!"},"content":{"rendered":"\r\n<p>Tradicionalmente, \u00e9 o per\u00edodo do ano mais aguardado pelos brasileiros. Talvez a maior festa popular do pa\u00eds seja o carnaval, e ela acontece sempre nos meses de fevereiro ou mar\u00e7o, isso varia a cada ano.\u00a0<\/p>\r\n\r\n\r\n\r\n<p>Por tr\u00e1s das festas carnavalescas, existe muita cultura de influ\u00eancia crist\u00e3 e nesse artigo vamos te contar um pouco sobre isso. Voc\u00ea sabia que as festan\u00e7as que come\u00e7am na sexta feira de carnaval s\u00f3 terminam ao meio dia da quarta feira de cinzas?\u00a0<\/p>\r\n\r\n\r\n\r\n<p>Vamos te contar essas e outras curiosidades ao longo dessa leitura, ent\u00e3o se prepara que aqui voc\u00ea vai conhecer toda a origem dessa data t\u00e3o marcante em nossa cultura.\u00a0<\/p>\r\n\r\n\r\n\r\n<h2 class=\"wp-block-heading\"><strong>Qual o significado do carnaval?<\/strong><\/h2>\r\n\r\n\r\n\r\n<p>\u00c9 normal que as pessoas associem o carnaval com grandes festas e comemora\u00e7\u00f5es. Afinal de contas, \u00e9 muito comum que nessa data os bailes de m\u00e1scara, bailes de fantasia, desfiles de escolas de samba e trios el\u00e9tricos aconte\u00e7am. Mas, por tr\u00e1s de tudo isso existe uma hist\u00f3ria muito relacionada \u00e0 cultura cat\u00f3lica.<\/p>\r\n\r\n\r\n\r\n<p>Essa data come\u00e7ou a ser comemorada na regi\u00e3o sul da europa, e tem como origem os termos latinos<strong><em> carne levare<\/em><\/strong>, que significa \u201cpara retirar a carne\u201d. Isso porque na religi\u00e3o cat\u00f3lica, os fi\u00e9is costumavam preparar festas fartas de comidas e bebidas porque sabiam que no dia posterior, na quarta feira de cinzas, teriam que seguir os per\u00edodo da quaresma.<\/p>\r\n\r\n\r\n\r\n<p>Esse per\u00edodo consiste em um tempo determinado onde cada fiel deixa de consumir alguma bebida e\/ou comida e deixa de realizar alguns programas conhecidos por eles como \u201cmundanos\u201d, ou seja, passam um tempo determinado longe de situa\u00e7\u00f5es que contrariam os preceitos propagados pelo catolicismo.\u00a0<\/p>\r\n\r\n\r\n\r\n<p>Em algumas outras hist\u00f3rias sobre o carnaval, essa celebra\u00e7\u00e3o pode estar relacionada tamb\u00e9m \u00e0 cultura grega-romana. Isso porque existiam algumas festas dedicadas ao deus do vinho, Dion\u00edsio para os gregos. E nesses eventos era comum as pessoas se entregarem aos prazeres da carne.\u00a0<\/p>\r\n\r\n\r\n\r\n<p>Com o tempo, as comemora\u00e7\u00f5es e festas come\u00e7aram a ficar mais frequentes e a partir do s\u00e9culo VIII, a igreja cat\u00f3lica decidiu que o carnaval aconteceria antes da quaresma, que foi criada tamb\u00e9m nesse mesmo per\u00edodo. Isso porque, como j\u00e1 dissemos, para que os excessos fossem realizados ap\u00f3s o per\u00edodo de reflex\u00e3o.\u00a0<\/p>\r\n\r\n\r\n\r\n<p><img loading=\"lazy\" decoding=\"async\" class=\"alignnone size-full wp-image-6758\" src=\"https:\/\/qrpoint.com.br\/wp-content\/uploads\/2021\/10\/carnaval-2-1024x683-1.webp\" alt=\"CArnaval\" width=\"1024\" height=\"683\" srcset=\"https:\/\/qrpoint.io\/blog\/wp-content\/uploads\/2021\/10\/carnaval-2-1024x683-1.webp 1024w, https:\/\/qrpoint.io\/blog\/wp-content\/uploads\/2021\/10\/carnaval-2-1024x683-1-600x400.webp 600w, https:\/\/qrpoint.io\/blog\/wp-content\/uploads\/2021\/10\/carnaval-2-1024x683-1-300x200.webp 300w, https:\/\/qrpoint.io\/blog\/wp-content\/uploads\/2021\/10\/carnaval-2-1024x683-1-768x512.webp 768w\" sizes=\"auto, (max-width: 1024px) 100vw, 1024px\" \/>\u00a0<\/p>\r\n<figure class=\"\\&quot;wp-block-image\\&quot;\"><\/figure>\r\n\r\n\r\n\r\n<h2 class=\"wp-block-heading\"><strong>Quando o carnaval come\u00e7ou a se popularizar?\u00a0<\/strong><\/h2>\r\n\r\n\r\n\r\n<p>Pode-se dizer que o carnaval se popularizou com o Renascimento, ainda na It\u00e1lia, onde ficou muito conhecido pelos famosos bailes de m\u00e1scaras na cidade de Veneza.\u00a0<\/p>\r\n\r\n\r\n\r\n<p>Existem outros relatos que apontam a coloniza\u00e7\u00e3o do continente americano pelos europeus como porta de entrada dessa grande tradi\u00e7\u00e3o, e no XI j\u00e1 eram realizadas as festas carnavalescas. Dentre as principais fantasias, os homens se vestiam de mulheres.\u00a0\u00a0<\/p>\r\n\r\n\r\n\r\n<p>Aos poucos, o carnaval foi se tornando cada vez mais popular no pa\u00eds, chegando a ser considerado o mais famoso do mundo. Por isso, \u00e9 muito comum que nessa \u00e9poca do ano, as cidades recebam um n\u00famero significativo de turistas do mundo inteiro.\u00a0<\/p>\r\n\r\n\r\n\r\n<h2 class=\"wp-block-heading\"><strong>Carnaval no Brasil<\/strong><\/h2>\r\n\r\n\r\n\r\n<p>Depois da populariza\u00e7\u00e3o do carnaval no Brasil, come\u00e7aram a surgir muitas festas e comemora\u00e7\u00f5es tradicionais. Dessa forma, \u00e9 muito comum que escolas de samba, clubes de festas e hot\u00e9is se organizem durante boa parte do ano para a realiza\u00e7\u00e3o do carnaval.\u00a0<\/p>\r\n\r\n\r\n\r\n<p>Desse modo, essa data virou fonte de lucro para muitos neg\u00f3cios, tornando- se uma das \u00e9pocas que mais movimentam a economia do pa\u00eds.\u00a0<\/p>\r\n\r\n\r\n\r\n<p>Al\u00e9m disso, \u00e9 muito comum que milhares de pessoas se preparem para essa data, comprando roupas, fantasias e acess\u00f3rios e melhorando o f\u00edsico para dar conta dessa maratona de festas.\u00a0<\/p>\r\n\r\n\r\n\r\n<p>Agora, eu acredito que voc\u00ea esteja muito curioso para saber a tradi\u00e7\u00e3o de cada cantinho do Brasil, n\u00e9? Abaixo vamos te contar sobre as principais cidades.\u00a0<\/p>\r\n\r\n\r\n\r\n<h3 class=\"wp-block-heading\"><strong>S\u00e3o Paulo<\/strong><\/h3>\r\n\r\n\r\n\r\n<p>O carnaval de s\u00e3o paulo \u00e9 conhecido pelos desfiles das escolas de sambas, sem d\u00favida essa \u00e9 uma das principais atra\u00e7\u00f5es dessa festa. A cidade que maior movimenta a economia do pa\u00eds \u00e9 conhecida tamb\u00e9m pelos pontos bo\u00eamios, Vila Madalena \u00e9 um deles.\u00a0\u00a0<\/p>\r\n\r\n\r\n\r\n<h3 class=\"wp-block-heading\"><strong>Rio de Janeiro<\/strong><\/h3>\r\n\r\n\r\n\r\n<p>Alguns estudos apontam que o carnaval chegou ao Brasil pelo Rio de Janeiro, e naquela \u00e9poca nada mais era que uma festa de origem portuguesa onde os escravos iam para as ruas com seus rostos pintados.\u00a0<\/p>\r\n\r\n\r\n\r\n<p>Os anos se passaram e em meados do s\u00e9culo XIX, a cidade j\u00e1 recebia in\u00fameros bailes. Nessa mesma \u00e9poca surgiu o Congresso das Sumidades Carnavalescas, a primeira sociedade que desfilou nas ruas do Rio de Janeiro.\u00a0<\/p>\r\n\r\n\r\n\r\n<p>E foi nesse cen\u00e1rio que o \u201cabre-alas\u201d de Chiquinha Gonzaga surgiu, dando in\u00edcio \u00e0s famosas marchinhas de carnaval. N\u00e3o parando por ai, o carnaval carioca come\u00e7ou a ser conhecido pelos desfiles de escolas de samba, que se popularizaram em meados dos anos 20.\u00a0<\/p>\r\n\r\n\r\n\r\n<p>Nesse breve resumo, voc\u00ea j\u00e1 conseguiu perceber o quanto essa data foi ganhando for\u00e7a ao longo dos anos, n\u00e9? Essa virada aconteceu nos anos 60, quando o samba tornou-se parte da festa, e foi a\u00ed que a prefeitura da cidade se mobilizou para preparar a avenida Rio Branco para os tradicionais desfiles que acontecem at\u00e9 hoje.\u00a0<\/p>\r\n\r\n\r\n\r\n<h3 class=\"wp-block-heading\"><strong>Nordeste<\/strong><\/h3>\r\n\r\n\r\n\r\n<p>J\u00e1 na regi\u00e3o nordeste do pa\u00eds, as primeiras manifesta\u00e7\u00f5es dessa data surgiram na Bahia, tamb\u00e9m no s\u00e9culo XIX. L\u00e1, o carnaval tinha como objetivo carregar as tradi\u00e7\u00f5es culturais africanas que \u00e9 muito presente n\u00e3o s\u00f3 no estado da Bahia, mas como em toda regi\u00e3o nordeste do pa\u00eds.\u00a0<\/p>\r\n\r\n\r\n\r\n<p>Em sequ\u00eancia foi a vez de Pernambuco fazer parte das festas carnavalescas, por l\u00e1 se popularizou pela tradicional dan\u00e7a do frevo, na capital do estado. Mas e os trios el\u00e9tricos? Esses a\u00ed come\u00e7aram a fazer parte da hist\u00f3ria do carnaval em meados dos anos 50, na capital baiana.\u00a0<\/p>\r\n\r\n\r\n\r\n<h4 class=\"wp-block-heading\">Pernambuco<\/h4>\r\n\r\n\r\n\r\n<p>As festas mais tradicionais no estado acontecem em Recife e Olinda, e \u00e9 certo de voc\u00ea encontrar por l\u00e1 os famosos bonecos gigantes homenageando diversos artistas como Rita Lee, Chacrinha e etc.\u00a0<\/p>\r\n\r\n\r\n\r\n<h4 class=\"wp-block-heading\">Bahia<\/h4>\r\n\r\n\r\n\r\n<p>Na Bahia o carnaval tem ponto certo, em Salvador. Por l\u00e1, as festas carnavalescas se concentram nos trios el\u00e9tricos comandados por artistas, ent\u00e3o se voc\u00ea est\u00e1 pensando em passar essa \u00e9poca do ano por l\u00e1, esteja preparado para ficar horas em meio a multid\u00e3o.\u00a0<\/p>\r\n\r\n\r\n\r\n<h3 class=\"wp-block-heading\"><strong>Minas Gerais<\/strong><\/h3>\r\n\r\n\r\n\r\n<p>N\u00e3o \u00e9 de hoje que o estado tem suas festas carnavalescas garantidas, mas de uns tempos para c\u00e1 tem tido um crescimento consider\u00e1vel, sendo atualmente um dos melhores carnavais do pa\u00eds. Os blocos de rua t\u00eam ganhado cada vez mais a capital mineira e os foli\u00f5es que escolhem Belo Horizonte como destino.\u00a0<\/p>\r\n\r\n\r\n\r\n<p>Mas, a tradi\u00e7\u00e3o est\u00e1 mesmo nas cidades hist\u00f3ricas, Ouro Preto, Tiradentes, S\u00e3o Jo\u00e3o Del Rei entre outras. Nelas, as tradicionais festas universit\u00e1rias tomam conta da festa, atraindo estudantes n\u00e3o s\u00f3 do estado, mas tamb\u00e9m do Brasil inteiro.\u00a0<\/p>\r\n\r\n\r\n\r\n<h2 class=\"wp-block-heading\"><strong>O carnaval \u00e9 considerado feriado ou ponto facultativo?<\/strong><\/h2>\r\n\r\n\r\n\r\n<p>Antes de mais nada, \u00e9 importante que voc\u00ea entenda um pouco sobre <a href=\"\/\/qrpoint.io\/blog\/ponto-facultativo\/\\&quot;\" target=\"\\&quot;_blank\\&quot;\" rel=\"\\&quot;noreferrer noopener\" aria-label=\"\\&quot;po\">ponto facultativo<\/a>. Podemos dizer que o ponto facultativo nada mais \u00e9 do que um decreto, onde a obrigatoriedade de expediente dos \u00f3rg\u00e3os p\u00fablicos est\u00e1 suspensa. Desse modo, algumas <a href=\"\\&quot;http:\/\/charming-archimedes.50-17-123-235.plesk.page\/blog\/calculo-de-ferias\/\\&quot;\">em<\/a><a href=\"\/\/qrpoint.io\/blog\/calculo-de-ferias\/\\&quot;\" target=\"\\&quot;_blank\\&quot;\" rel=\"\\&quot;noreferrer noopener\" aria-label=\"\\&quot;pre\">pre<\/a><a href=\"\/\/qrpoint.io\/blog\/calculo-de-ferias\/\\&quot;\" target=\"\\&quot;_blank\\&quot;\" rel=\"\\&quot;noreferrer noopener\" aria-label=\"\\&quot;sas\">sas<\/a> privadas acabaram adotando essa modalidade ao longo do tempo.\u00a0<\/p>\r\n\r\n\r\n\r\n<p>De in\u00edcio, o decreto contempla os servidores dos \u00f3rg\u00e3os municipais, estaduais e federais e, cada esfera dessa \u00e9 respons\u00e1vel por organizar como ser\u00e3o distribu\u00eddos os dias de ponto facultativo perto dos feriados anuais para os seus servidores.\u00a0<\/p>\r\n\r\n\r\n\r\n<p>J\u00e1 as empresas privadas que adotam essa pr\u00e1tica \u00e9, estritamente, por escolha de seus gestores, pois n\u00e3o existe nenhum impedimento para seus <a href=\"\\&quot;http:\/\/charming-archimedes.50-17-123-235.plesk.page\/blog\/como-ter-o-controle-da-jornada-de-trabalho-dos-colaboradores\/\\&quot;\">colaboradores <\/a>cumprirem o dia de trabalho. Ou seja, o empregador n\u00e3o \u00e9 obrigado a liberar os seus profissionais em dias de <a href=\"\/\/qrpoint.io\/blog\/ponto-facultativo\/\\&quot;\" target=\"\\&quot;_blank\\&quot;\" rel=\"\\&quot;noreferrer noopener\" aria-label=\"\\&quot;po\">ponto facultati<\/a><a href=\"\/\/qrpoint.io\/blog\/ponto-facultativo\/\\&quot;\" target=\"\\&quot;_blank\\&quot;\" rel=\"\\&quot;noreferrer noopener\" aria-label=\"\\&quot;vo\">vo<\/a>.\u00a0<\/p>\r\n\r\n\r\n\r\n<p>\u00c9 normal que no carnaval as pessoas fiquem com d\u00favidas a respeito de quais s\u00e3o os dias de ponto facultativo e\/ou feriado nesse per\u00edodo. Se voc\u00ea \u00e9 um gestor ou colaborador e ainda est\u00e1 perdido sobre essas informa\u00e7\u00f5es, confira abaixo e esclare\u00e7a de uma vez por todas.\u00a0<\/p>\r\n\r\n\r\n\r\n<p><strong>Segunda-feira:<\/strong> Muita gente imagina que a segunda-feira \u00e9 feriado, mas na verdade n\u00e3o. Este dia \u00e9 considerado ponto facultativo.\u00a0<\/p>\r\n\r\n\r\n\r\n<p><strong>Ter\u00e7a-feira:<\/strong> Esse dia \u00e9 feriado em apenas algumas cidades, como no caso do Rio de Janeiro. Mas no restante do pa\u00eds \u00e9 considerado ponto facultativo. Desse modo, cada empresa pode estabelecer como ser\u00e1 o dia.\u00a0<\/p>\r\n\r\n\r\n\r\n<p><strong>Quarta-feira:<\/strong> Antes de mais nada, vale lembrar que n\u00e3o existe feriado de meio dia. Portanto a quarta-feira de cinzas \u00e9 considerado <a href=\"\/\/qrpoint.io\/blog\/ponto-facultativo\/\\&quot;\" target=\"\\&quot;_blank\\&quot;\" rel=\"\\&quot;noreferrer noopener\" aria-label=\"\\&quot;po\">ponto facultati<\/a><a href=\"\/\/qrpoint.io\/blog\/ponto-facultativo\/\\&quot;\" target=\"\\&quot;_blank\\&quot;\" rel=\"\\&quot;noreferrer noopener\" aria-label=\"\\&quot;vo\">vo<\/a> at\u00e9 as 14 horas. Desse modo, \u00e9 normal que algumas <a href=\"\\&quot;http:\/\/charming-archimedes.50-17-123-235.plesk.page\/blog\/importancia-do-rh\/\\&quot;\">empresas <\/a>s\u00f3 retornem \u00e0s atividades na quinta-feira.<\/p>\r\n\r\n\r\n\r\n<h2 class=\"wp-block-heading\"><strong>Quais s\u00e3o as principais d\u00favidas em rela\u00e7\u00e3o \u00e0 jornada de trabalho?\u00a0<\/strong><\/h2>\r\n\r\n\r\n\r\n<p>\u00c9 normal que uma das principais d\u00favidas sobre esse per\u00edodo do ano seja saber se ponto facultativo \u00e9 considerado o mesmo que feriado, e aqui eu j\u00e1 te adianto que n\u00e3o. Isso porque a principal diferen\u00e7a entre eles, \u00e9 justamente, a obrigatoriedade de conceder folga aos seus colaboradores.\u00a0<\/p>\r\n\r\n\r\n\r\n<p>De forma bem clara, segundo a lei 605\/49, \u00e9 obrigatoriedade da <a href=\"\/\/qrpoint.io\/blog\/calculo-de-ferias\/\\&quot;\" target=\"\\&quot;_blank\\&quot;\" rel=\"\\&quot;noreferrer noopener\" aria-label=\"\\&quot;em\">empre<\/a><a href=\"\/\/qrpoint.io\/blog\/calculo-de-ferias\/\\&quot;\" target=\"\\&quot;_blank\\&quot;\" rel=\"\\&quot;noreferrer noopener\" aria-label=\"\\&quot;sa\">sa <\/a>conceder folga sem desconto aos seus funcion\u00e1rios. J\u00e1 no caso do ponto facultativo, a legisla\u00e7\u00e3o diz ao contr\u00e1rio, ou seja, o empregador concede folga ao funcion\u00e1rio s\u00f3 se ele quiser.\u00a0<\/p>\r\n\r\n\r\n\r\n<p>Para conferir outras d\u00favidas em rela\u00e7\u00e3o ao carnaval, continue a leitura!<\/p>\r\n\r\n\r\n\r\n<h3 class=\"wp-block-heading\"><strong>1.<\/strong> <strong>Qual o per\u00edodo de trabalho na quarta-feira de cinzas?\u00a0<\/strong><\/h3>\r\n\r\n\r\n\r\n<p>Na quarta feira de cinza \u00e9 decretado <a href=\"\/\/qrpoint.io\/blog\/ponto-facultativo\/\\&quot;\" target=\"\\&quot;_blank\\&quot;\" rel=\"\\&quot;noreferrer noopener\" aria-label=\"\\&quot;po\">ponto facultat<\/a><a href=\"\/\/qrpoint.io\/blog\/ponto-facultativo\/\\&quot;\" target=\"\\&quot;_blank\\&quot;\" rel=\"\\&quot;noreferrer noopener\" aria-label=\"\\&quot;ivo\">ivo <\/a>at\u00e9 ao meio-dia. E para quem acredita que a quarta feira \u00e9 feriado, vale lembrar que n\u00e3o existe feriado de meio per\u00edodo.<\/p>\r\n\r\n\r\n\r\n<p>Al\u00e9m disso, essa data \u00e9 v\u00e1lida oficialmente apenas para o funcionalismo p\u00fablico. Sendo assim, cabe a empresas do setor privado definirem a jornada dessa data como quiserem, reduzida ou n\u00e3o.\u00a0\u00a0<\/p>\r\n\r\n\r\n\r\n<h3 class=\"wp-block-heading\"><strong>2. \u00c9 poss\u00edvel transformar as horas trabalhadas no carnaval em horas extras?<\/strong><\/h3>\r\n\r\n\r\n\r\n<p>Para deixar claro, a CLT n\u00e3o \u00e9 muito clara em rela\u00e7\u00e3o ao ponto facultativo. Portanto, cada empresa deve atuar da forma como achar melhor neste momento, e claro, obedecendo a legisla\u00e7\u00e3o.\u00a0<\/p>\r\n\r\n\r\n\r\n<p>Nesse sentido, s\u00f3 render\u00e1 <a href=\"\/\/qrpoint.io\/blog\/calculo-de-horas-extras\/\\&quot;\" target=\"\\&quot;_blank\\&quot;\" rel=\"\\&quot;noreferrer noopener\" aria-label=\"\\&quot;ho\">ho<\/a><a href=\"\\&quot;http:\/\/charming-archimedes.50-17-123-235.plesk.page\/blog\/calculo-de-horas-extras\/\\&quot;\">r<\/a><a href=\"\/\/qrpoint.io\/blog\/calculo-de-horas-extras\/\\&quot;\" target=\"\\&quot;_blank\\&quot;\" rel=\"\\&quot;noreferrer noopener\" aria-label=\"\\&quot;as\">as<\/a> <a href=\"\/\/qrpoint.io\/blog\/calculo-de-horas-extras\/\\&quot;\" target=\"\\&quot;_blank\\&quot;\" rel=\"\\&quot;noreferrer noopener\" aria-label=\"\\&quot;ex\">extr<\/a><a href=\"\/\/qrpoint.io\/blog\/calculo-de-horas-extras\/\\&quot;\" target=\"\\&quot;_blank\\&quot;\" rel=\"\\&quot;noreferrer noopener\" aria-label=\"\\&quot;as\">as<\/a> para o colaborador, caso o mesmo ultrapasse o limite autorizado em sua fun\u00e7\u00e3o. Muita gente se confunde ao achar que por ser carnaval a empresa \u00e9 obrigada a conceder horas extras, mas essa \u00e9 uma afirma\u00e7\u00e3o equivocada.\u00a0<\/p>\r\n\r\n\r\n\r\n<p>\u00c9 importante lembrar que, caso a <a href=\"\/\/qrpoint.io\/blog\/calculo-de-ferias\/\\&quot;\" target=\"\\&quot;_blank\\&quot;\" rel=\"\\&quot;noreferrer noopener\" aria-label=\"\\&quot;em\">empres<\/a><a href=\"\/\/qrpoint.io\/blog\/calculo-de-ferias\/\\&quot;\" target=\"\\&quot;_blank\\&quot;\" rel=\"\\&quot;noreferrer noopener\" aria-label=\"\\&quot;a\">a<\/a> que voc\u00ea trabalha seja do Rio de Janeiro e programar que a equipe trabalhe na ter\u00e7a-feira, ela dever\u00e1 pagar pelo dia em dobra, se enquadrando nas <a href=\"\/\/qrpoint.io\/blog\/calculo-de-horas-extras\/\\&quot;\" target=\"\\&quot;_blank\\&quot;\" rel=\"\\&quot;noreferrer noopener\" aria-label=\"\\&quot;ho\">horas extras<\/a>. Isso porque apenas na capital carioca \u00e9 feriado e n\u00e3o ponto facultativo.\u00a0<\/p>\r\n\r\n\r\n\r\n<h3 class=\"wp-block-heading\"><strong>3. Existe abono de falta no carnaval?<\/strong><\/h3>\r\n\r\n\r\n\r\n<p>A empresa pode optar por conceder o dia de folga aos seus <a href=\"\\&quot;http:\/\/charming-archimedes.50-17-123-235.plesk.page\/blog\/como-fazer-planejamento-financeiro\/\\&quot;\">colaboradores <\/a>sem nenhum tipo de cobran\u00e7a, e isso n\u00e3o ter\u00e1 impactos sobre o <a href=\"\\&quot;http:\/\/charming-archimedes.50-17-123-235.plesk.page\/blog\/banco-de-horas-ou-pagamento-de-horas-extras\/\\&quot;\">banco de horas<\/a>. Mas caso ela opte por n\u00e3o seguir o <a href=\"\/\/qrpoint.io\/blog\/ponto-facultativo\/\\&quot;\" target=\"\\&quot;_blank\\&quot;\" rel=\"\\&quot;noreferrer noopener\" aria-label=\"\\&quot;p\">ponto<\/a> <a href=\"\/\/qrpoint.io\/blog\/ponto-facultativo\/\\&quot;\" target=\"\\&quot;_blank\\&quot;\" rel=\"\\&quot;noreferrer noopener\" aria-label=\"\\&quot;fa\">facultati<\/a><a href=\"\/\/qrpoint.io\/blog\/ponto-facultativo\/\\&quot;\" target=\"\\&quot;_blank\\&quot;\" rel=\"\\&quot;noreferrer noopener\" aria-label=\"\\&quot;vo\">vo<\/a>, isso poder\u00e1 ser descontado em horas.\u00a0<\/p>\r\n\r\n\r\n\r\n<p>Ou seja, caso a empresa n\u00e3o queira adotar o ponto facultativo, o dia de trabalho ser\u00e1 descontado do <a href=\"\\&quot;http:\/\/charming-archimedes.50-17-123-235.plesk.page\/blog\/como-e-a-jornada-de-trabalho-12x36\/\\&quot;\">colaborador<\/a>, mas n\u00e3o necessariamente da sua remunera\u00e7\u00e3o. O empregador pode permitir que os funcion\u00e1rios compensem o dia do <a href=\"\\&quot;http:\/\/charming-archimedes.50-17-123-235.plesk.page\/blog\/banco-de-horas-ou-pagamento-de-horas-extras\/\\&quot;\">banco de horas<\/a> individual.\u00a0<\/p>\r\n\r\n\r\n\r\n<p>Desse modo, \u00e9 necess\u00e1rio que cada <a href=\"\\&quot;http:\/\/charming-archimedes.50-17-123-235.plesk.page\/blog\/calculo-de-ferias\/\\&quot;\">e<\/a><a href=\"\/\/qrpoint.io\/blog\/calculo-de-ferias\/\\&quot;\" target=\"\\&quot;_blank\\&quot;\" rel=\"\\&quot;noreferrer noopener\" aria-label=\"\\&quot;mp\">mpres<\/a><a href=\"\/\/qrpoint.io\/blog\/calculo-de-ferias\/\\&quot;\" target=\"\\&quot;_blank\\&quot;\" rel=\"\\&quot;noreferrer noopener\" aria-label=\"\\&quot;a\">a<\/a> fa\u00e7a um acordo com seus profissionais e o sindicato referente a cada categoria. Isso \u00e9 importante porque em cada caso ser\u00e1 definido prazos para o cumprimento dessas horas.\u00a0<\/p>\r\n\r\n\r\n\r\n<p>Portanto, para n\u00e3o criar nenhum tipo de confus\u00e3o ao que foi acordado, \u00e9 recomendado que ambas as partes negociem com anteced\u00eancia.<\/p>\r\n\r\n\r\n\r\n<h3 class=\"wp-block-heading\"><strong>4.<\/strong> <strong>Quais s\u00e3o os setores que funcionam no carnaval?<\/strong><\/h3>\r\n\r\n\r\n\r\n<p>\u00c9 normal que durante os dias de carnaval alguns setores funcionem diferente da rotina estabelecida para o resto do ano. Te contaremos a seguir como costuma acontecer nessa ocasi\u00e3o:\u00a0<\/p>\r\n\r\n\r\n\r\n<p><strong>Bancos: <\/strong>Na segunda e ter\u00e7a feira de carnaval esse setor costuma n\u00e3o funcionar, j\u00e1 na quarta os atendimento come\u00e7am por volta do 12h.\u00a0\u00a0<\/p>\r\n\r\n\r\n\r\n<p><strong>Com\u00e9rcio: <\/strong>Os sindicatos costumam permitir que as empresas funcionem durante a ter\u00e7a e quarta-feira, j\u00e1 na segunda por determina\u00e7\u00e3o do governo j\u00e1 \u00e9 autorizado o funcionamento do setor. A decis\u00e3o \u00e9 facultativa, ou seja, cada empregador decidir\u00e1 como ser\u00e1 a sua empresa. Em shopping, cada unidade determinar\u00e1 o seu funcionamento.\u00a0<\/p>\r\n\r\n\r\n\r\n<p><strong>Sa\u00fade: <\/strong>As unidades de sa\u00fade costumam funcionar normalmente durante todo o carnaval.\u00a0<\/p>\r\n\r\n\r\n\r\n<h2 class=\"wp-block-heading\"><strong>Como ser\u00e1 o carnaval de 2022?<\/strong>\u00a0<\/h2>\r\n\r\n\r\n\r\n<p>Devido a pandemia causada pelo covid-19, o carnaval de 2022 no Brasil ainda \u00e9 uma inc\u00f3gnita e para respeitar as restri\u00e7\u00f5es de distanciamento social e uso de m\u00e1scaras as cidades que recebem grandes eventos nesse per\u00edodo j\u00e1 come\u00e7aram a desenhar os planos de a\u00e7\u00e3o para a data.\u00a0<\/p>\r\n\r\n\r\n\r\n<p>Dessa forma, te contaremos tudo o que est\u00e1 sendo preparado em cada regi\u00e3o, seguindo as \u00faltimas atualiza\u00e7\u00f5es. Confira!<\/p>\r\n\r\n\r\n\r\n<p><img loading=\"lazy\" decoding=\"async\" class=\"alignnone size-full wp-image-6759\" src=\"https:\/\/qrpoint.com.br\/wp-content\/uploads\/2021\/10\/carnaval-1024x683-1.webp\" alt=\"CArnaval\" width=\"1024\" height=\"683\" srcset=\"https:\/\/qrpoint.io\/blog\/wp-content\/uploads\/2021\/10\/carnaval-1024x683-1.webp 1024w, https:\/\/qrpoint.io\/blog\/wp-content\/uploads\/2021\/10\/carnaval-1024x683-1-600x400.webp 600w, https:\/\/qrpoint.io\/blog\/wp-content\/uploads\/2021\/10\/carnaval-1024x683-1-300x200.webp 300w, https:\/\/qrpoint.io\/blog\/wp-content\/uploads\/2021\/10\/carnaval-1024x683-1-768x512.webp 768w\" sizes=\"auto, (max-width: 1024px) 100vw, 1024px\" \/><\/p>\r\n<figure class=\"\\&quot;wp-block-image\\&quot;\"><\/figure>\r\n\r\n\r\n\r\n<h3 class=\"wp-block-heading\"><strong>Nordeste<\/strong><\/h3>\r\n\r\n\r\n\r\n<p>De acordo com as \u00faltimas atualiza\u00e7\u00f5es, as principais cidades do carnaval s\u00f3 v\u00e3o realizar as festas carnavalescas caso seja liberado pelas autoridades sanit\u00e1rias.<strong>\u00a0<\/strong><\/p>\r\n\r\n\r\n\r\n<h4 class=\"wp-block-heading\"><strong>Salvador<\/strong><\/h4>\r\n\r\n\r\n\r\n<p>Em Salvador, o prefeito da capital confirmou o evento para o pr\u00f3ximo ano, mas caso haja patroc\u00ednio e condi\u00e7\u00f5es sanit\u00e1rias obedecendo as restri\u00e7\u00f5es do momento. Segundo os dados registrados em 2020, a capital pode receber cerca de 16 milh\u00f5es de foli\u00f5es.\u00a0<\/p>\r\n\r\n\r\n\r\n<h4 class=\"wp-block-heading\"><strong>Recife<\/strong><\/h4>\r\n\r\n\r\n\r\n<p>J\u00e1 em Recife, uma comiss\u00e3o de planejamento foi criada para a organiza\u00e7\u00e3o do carnaval de 2022,mas o prefeito Jo\u00e3o Campos deixou claro que s\u00f3 haver\u00e1 carnaval caso as autoridades sanit\u00e1rias decidam por isso.\u00a0<\/p>\r\n\r\n\r\n\r\n<p>Dessa forma, mesmo que a comiss\u00e3o j\u00e1 esteja trabalhando em prol da organiza\u00e7\u00e3o dessa festa, n\u00e3o \u00e9 algo definido ainda. Em rela\u00e7\u00e3o ao \u00faltimo carnaval, durante os cinco dias de festa, Recife pode receber at\u00e9 2 milh\u00f5es de pessoas.\u00a0<\/p>\r\n\r\n\r\n\r\n<h3 class=\"wp-block-heading\"><strong>Sudeste\u00a0<\/strong><\/h3>\r\n\r\n\r\n\r\n<p>No Sudeste do pa\u00eds, a realidade n\u00e3o \u00e9 diferente. Embora os prefeitos das principais cidades cogitem a possibilidade de realiza\u00e7\u00e3o do carnaval, o mesmo s\u00f3 ir\u00e1 acontecer com a determina\u00e7\u00e3o das autoridades sanit\u00e1rias.\u00a0<\/p>\r\n\r\n\r\n\r\n<h4 class=\"wp-block-heading\"><strong>Rio de Janeiro\u00a0<\/strong><\/h4>\r\n\r\n\r\n\r\n<p>O prefeito da capital carioca diz acreditar que, seguindo as restri\u00e7\u00f5es necess\u00e1rias, o carnaval \u00e9 um evento poss\u00edvel para o pr\u00f3ximo ano. Ele chegou a dizer que pode at\u00e9 n\u00e3o ter restri\u00e7\u00f5es, mas tudo depender\u00e1 da situa\u00e7\u00e3o da pandemia na cidade.<\/p>\r\n\r\n\r\n\r\n<p>O comit\u00ea organizador do evento no Rio de Janeiro, chegou a dizer que se a cidade cumprir o plano vacinal at\u00e9 o fim deste m\u00eas, a festa ser\u00e1 uma realidade muito pr\u00f3xima. O \u00faltimo carnaval arrastou cerca de 10 milh\u00f5es de pessoas pelas ruas cariocas.\u00a0<\/p>\r\n\r\n\r\n\r\n<h4 class=\"wp-block-heading\"><strong>S\u00e3o Paulo\u00a0<\/strong><\/h4>\r\n\r\n\r\n\r\n<p>Em S\u00e3o Paulo, o prefeito deixou claro que as folias de carnaval s\u00f3 ir\u00e3o acontecer caso os n\u00fameros da covid-19 continuarem controlados. As primeiras iniciativas est\u00e3o sendo em conjunto com a secretaria de sa\u00fade da cidade, que est\u00e1 realizando um estudo sobre a obrigatoriedade do uso de m\u00e1scaras.\u00a0\u00a0<\/p>\r\n\r\n\r\n\r\n<p>A cidade conta com a estimativa de receber pelo menos 15 milh\u00f5es de pessoas para o carnaval de 2022.\u00a0<\/p>\r\n\r\n\r\n\r\n<h4 class=\"wp-block-heading\"><strong>Minas Gerais\u00a0<\/strong><\/h4>\r\n\r\n\r\n\r\n<p>Na capital mineira, embora parte do setor carnavalesco aposte na realiza\u00e7\u00e3o do evento, o prefeito ainda n\u00e3o tem uma opini\u00e3o formada. O carnaval mineiro que vinha tendo uma ascens\u00e3o ao longo dos \u00faltimos anos, em 2022, a associa\u00e7\u00e3o de blocos de rua da cidade acredita que com pouco investimento p\u00fablico previsto para o evento, Belo Horizonte poder\u00e1 n\u00e3o receber tantos foli\u00f5es assim.<\/p>\r\n\r\n\r\n\r\n<p>Em primeiro lugar, a prefeitura quer garantir a imuniza\u00e7\u00e3o para toda a popula\u00e7\u00e3o, pois acredita que mesmo com as restri\u00e7\u00f5es sanit\u00e1rias, n\u00e3o ser\u00e1 poss\u00edvel controlar a quantidade de pessoas nas ruas. E por esse motivo, a associa\u00e7\u00e3o de blocos de rua acredita que a volta plena do carnaval na cidade, acontecer\u00e1 somente em 2023.\u00a0<\/p>\r\n\r\n\r\n\r\n<h2 class=\"wp-block-heading\"><strong>Como o QR Point pode contribuir para a sua empresa?<\/strong><\/h2>\r\n\r\n\r\n\r\n<p>Agora voc\u00ea j\u00e1 conhece um pouco mais sobre a hist\u00f3ria do carnaval e sabe tamb\u00e9m todas as regras que a legisla\u00e7\u00e3o prev\u00ea quanto \u00e0 dispensa de colaboradores nessa \u00e9poca do ano. Dessa forma, para voc\u00ea ter um <a href=\"\\&quot;http:\/\/charming-archimedes.50-17-123-235.plesk.page\/blog\/controle-de-ponto\/\\&quot;\">co<\/a><a href=\"\/\/qrpoint.io\/blog\/controle-de-ponto\/\\&quot;\" target=\"\\&quot;_blank\\&quot;\" rel=\"\\&quot;noreferrer noopener\" aria-label=\"\\&quot;nt\">ntrole de<\/a> <a href=\"\/\/qrpoint.io\/blog\/controle-de-ponto\/\\&quot;\" target=\"\\&quot;_blank\\&quot;\" rel=\"\\&quot;noreferrer noopener\" aria-label=\"\\&quot;po\">pont<\/a><a href=\"\/\/qrpoint.io\/blog\/controle-de-ponto\/\\&quot;\" target=\"\\&quot;_blank\\&quot;\" rel=\"\\&quot;noreferrer noopener\" aria-label=\"\\&quot;o\">o<\/a> assertivo e garantir que as leis est\u00e3o sendo cumpridas, pode contar com o QR Point!\u00a0<\/p>\r\n\r\n\r\n\r\n<p>Ele chegou para garantir que sua <a href=\"\/\/qrpoint.io\/blog\/calculo-de-ferias\/\\&quot;\" target=\"\\&quot;_blank\\&quot;\" rel=\"\\&quot;noreferrer noopener\" aria-label=\"\\&quot;em\">em<\/a><a href=\"\\&quot;http:\/\/charming-archimedes.50-17-123-235.plesk.page\/blog\/calculo-de-ferias\/\\&quot;\">p<\/a><a href=\"\/\/qrpoint.io\/blog\/calculo-de-ferias\/\\&quot;\" target=\"\\&quot;_blank\\&quot;\" rel=\"\\&quot;noreferrer noopener\" aria-label=\"\\&quot;re\">re<\/a><a href=\"\/\/qrpoint.io\/blog\/calculo-de-ferias\/\\&quot;\" target=\"\\&quot;_blank\\&quot;\" rel=\"\\&quot;noreferrer noopener\" aria-label=\"\\&quot;sa\">sa<\/a> siga todas as normas da legisla\u00e7\u00e3o, e para isso acontecer \u00e9 necess\u00e1rio um sistema de controle de ponto com muita qualidade!<\/p>\r\n\r\n\r\n\r\n<p>Dessa forma, garantimos que a equipe de RH da sua empresa trabalhar\u00e1 primordialmente na <a href=\"\/\/qrpoint.io\/blog\/gestao-de-desempenho\/\\&quot;\" target=\"\\&quot;_blank\\&quot;\" rel=\"\\&quot;noreferrer noopener\" aria-label=\"\\&quot;ge\">gest<\/a><a href=\"\/\/qrpoint.io\/blog\/gestao-de-desempenho\/\\&quot;\" target=\"\\&quot;_blank\\&quot;\" rel=\"\\&quot;noreferrer noopener\" aria-label=\"\\&quot;\u00e3o\">\u00e3o<\/a> de pessoas, pois cuidar do bem estar dos seus colaboradores faz toda diferen\u00e7a no desenvolvimento e produtividade da rotina de trabalho.<\/p>\r\n\r\n\r\n\r\n<p>Isso s\u00f3 \u00e9 poss\u00edvel porque a QR Point cuida de todos os processos para voc\u00ea, oferecendo diversas vantagens aos seus colaboradores, como a possibilidade do <a href=\"\/\/qrpoint.io\/blog\/controle-de-ponto-online2\/\\&quot;\" target=\"\\&quot;_blank\\&quot;\" rel=\"\\&quot;noreferrer noopener\" aria-label=\"\\&quot;co\">controle de ponto<\/a> <a href=\"\/\/qrpoint.io\/blog\/controle-de-ponto-online2\/\\&quot;\" target=\"\\&quot;_blank\\&quot;\" rel=\"\\&quot;noreferrer noopener\" aria-label=\"\\&quot;to\">onlin<\/a><a href=\"\/\/qrpoint.io\/blog\/controle-de-ponto-online2\/\\&quot;\" target=\"\\&quot;_blank\\&quot;\" rel=\"\\&quot;noreferrer noopener\" aria-label=\"\\&quot;e\">e<\/a>. Al\u00e9m disso, garantimos que tudo aconte\u00e7a dentro do que a lei estabelece.\u00a0\u00a0<\/p>\r\n\r\n\r\n\r\n<p>No entanto, somos um software de <a href=\"\\&quot;http:\/\/charming-archimedes.50-17-123-235.plesk.page\/blog\/portaria-373\/\\&quot;\">controle de ponto online<\/a> que al\u00e9m de permitir o registro de ponto em qualquer localiza\u00e7\u00e3o, tamb\u00e9m colaboramos para que a sua empresa cumpra todas as responsabilidades trabalhistas.\u00a0<\/p>\r\n\r\n\r\n\r\n<p>\u00c9 poss\u00edvel que em nosso sistema de controle de ponto sejam lan\u00e7adas as informa\u00e7\u00f5es sobre faltas, saldos negativos de horas trabalhadas, e at\u00e9 mesmo as <a href=\"\/\/qrpoint.io\/blog\/calculo-de-horas-extras\/\\&quot;\" target=\"\\&quot;_blank\\&quot;\" rel=\"\\&quot;noreferrer noopener\" aria-label=\"\\&quot;ho\">horas extra<\/a><a href=\"\/\/qrpoint.io\/blog\/calculo-de-horas-extras\/\\&quot;\" target=\"\\&quot;_blank\\&quot;\" rel=\"\\&quot;noreferrer noopener\" aria-label=\"\\&quot;s\">s<\/a> de seus funcion\u00e1rios.<\/p>\r\n\r\n\r\n\r\n<p>Ademais, voc\u00ea pode evitar que poss\u00edveis falhas humanas aconte\u00e7am no RH da sua <a href=\"\/\/qrpoint.io\/blog\/calculo-de-ferias\/\\&quot;\" target=\"\\&quot;_blank\\&quot;\" rel=\"\\&quot;noreferrer noopener\" aria-label=\"\\&quot;em\">empres<\/a><a href=\"\/\/qrpoint.io\/blog\/calculo-de-ferias\/\\&quot;\" target=\"\\&quot;_blank\\&quot;\" rel=\"\\&quot;noreferrer noopener\" aria-label=\"\\&quot;a\">a<\/a> contratando os servi\u00e7os de controle de ponto da QR Point. Al\u00e9m de permitir que a <a href=\"\/\/qrpoint.io\/blog\/gestao-de-desempenho\/\\&quot;\" target=\"\\&quot;_blank\\&quot;\" rel=\"\\&quot;noreferrer noopener\" aria-label=\"\\&quot;ge\">gest\u00e3o<\/a> de pessoas do seu empreendimento cuide mais dos seus colaboradores.<\/p>\r\n\r\n\r\n\r\n<p>Sendo assim, contrate a QR Point como o sistema de <a href=\"\/\/qrpoint.io\/blog\/controle-de-ponto\/\\&quot;\" target=\"\\&quot;_blank\\&quot;\" rel=\"\\&quot;noreferrer noopener\" aria-label=\"\\&quot;co\">controle de pon<\/a><a href=\"\/\/qrpoint.io\/blog\/controle-de-ponto\/\\&quot;\" target=\"\\&quot;_blank\\&quot;\" rel=\"\\&quot;noreferrer noopener\" aria-label=\"\\&quot;to\">to<\/a> online da sua empresa, e garanta a automatiza\u00e7\u00e3o dos processos com a melhor tecnologia de registro de ponto a cada atualiza\u00e7\u00e3o!<\/p>\r\n\r\n\r\n\r\n<h3 class=\"wp-block-heading\"><strong>Como a QR Point funciona?<\/strong><\/h3>\r\n\r\n\r\n\r\n<p>Para dar in\u00edcio, n\u00f3s fornecemos o <a href=\"\\&quot;http:\/\/charming-archimedes.50-17-123-235.plesk.page\/funcionalidades\/registro-rapido\/\\&quot;\">registro r\u00e1pido<\/a> dos seus colaboradores no software de controle de ponto, reduzindo a dificuldade na hora de adotar o novo sistema.<\/p>\r\n\r\n\r\n\r\n<p>Uma vez que tudo j\u00e1 estiver nos conformes, voc\u00ea vai poder aproveitar do app do gestor, um dos nossos maiores benef\u00edcios.<\/p>\r\n\r\n\r\n\r\n<p>\u00c9 atrav\u00e9s do<a href=\"\\&quot;http:\/\/charming-archimedes.50-17-123-235.plesk.page\/funcionalidades\/aplicativo-do-gestor\/\\&quot;\"> aplicativo do gestor<\/a> que voc\u00ea ter\u00e1 acesso a <a href=\"\\&quot;http:\/\/charming-archimedes.50-17-123-235.plesk.page\/funcionalidades\/dashboards-indicadores\/\\&quot;\">dashboards de indicadores<\/a>, mostrando todos os colaboradores que est\u00e3o dentro da organiza\u00e7\u00e3o trabalhando, al\u00e9m daqueles que est\u00e3o de f\u00e9rias e muito mais!<\/p>\r\n\r\n\r\n\r\n<p>Portanto, para garantir a estadia do colaborador dentro do local de trabalho, n\u00f3s usamos os recursos de <a href=\"\\&quot;http:\/\/charming-archimedes.50-17-123-235.plesk.page\/funcionalidades\/geolocalizacao\/\\&quot;\">geolocaliza\u00e7\u00e3o<\/a> para criar uma <a href=\"\\&quot;http:\/\/charming-archimedes.50-17-123-235.plesk.page\/funcionalidades\/cerca-digital\/\\&quot;\">cerca digital<\/a> que garante exatamente onde o ponto online ou o ponto offline est\u00e1 sendo registrado.<\/p>\r\n\r\n\r\n\r\n<p>E pensando na seguran\u00e7a tanto do colaborador quanto do gestor, o controle de ponto \u00e9 registrado atrav\u00e9s do <a href=\"\\&quot;http:\/\/charming-archimedes.50-17-123-235.plesk.page\/funcionalidades\/reconhecimento-facial\/\\&quot;\">reconhecimento biom\u00e9trico<\/a> do profissional. N\u00f3s tamb\u00e9m mantemos o <a href=\"\\&quot;http:\/\/charming-archimedes.50-17-123-235.plesk.page\/funcionalidades\/banco-de-horas\/\\&quot;\">banco de horas<\/a> de todos os colaboradores, permitindo mudan\u00e7as nele se necess\u00e1rio.<\/p>\r\n\r\n\r\n\r\n<p><a href=\"\\&quot;http:\/\/charming-archimedes.50-17-123-235.plesk.page\/contato\/\\&quot;\">Entre em contato<\/a> para tirar qualquer d\u00favida sobre o nosso sistema de controle de ponto com nossa equipe. Ficou interessado e quer os benef\u00edcios do QR Point na sua empresa? Fa\u00e7a hoje mesmo um <a href=\"\\&quot;https:\/\/cadastro.qrpoint.com.br\/\\&quot;\">teste do controle de ponto gratuito<\/a> e prove a facilidade de ter o <a href=\"\\&quot;http:\/\/charming-archimedes.50-17-123-235.plesk.page\/funcionalidades\/calculo-de-horas-adicionais-e-faltas\/\\&quot;\">c\u00e1lculo de horas, adicionais e faltas feito automaticamente<\/a>.<\/p>\r\n\r\n\r\n\r\n<p>N\u00e3o vai perder a oportunidade de automatizar a sua empresa com o melhor software de controle de ponto online, n\u00e9? Saiba mais sobre o nosso controle de ponto em nosso site!Voc\u00ea pode acompanhar mais conte\u00fados em nossas redes sociais: <a href=\"\\&quot;https:\/\/www.linkedin.com\/company\/qrpoint\\&quot;\">LinkedIn<\/a>, <a href=\"\\&quot;https:\/\/www.instagram.com\/qrpoint\/\\&quot;\">Instagram<\/a> e <a href=\"\\&quot;https:\/\/www.facebook.com\/qrpoint\\&quot;\">Facebook<\/a>.<\/p>\r\n","protected":false},"excerpt":{"rendered":"<p>Quais s\u00e3o suas principais d\u00favidas em rela\u00e7\u00e3o ao Carnaval? Neste artigo voc\u00ea ir\u00e1 aprender todas as regras que sua empresa precisa seguir nesta data.<\/p>\n","protected":false},"author":1,"featured_media":6758,"comment_status":"open","ping_status":"open","sticky":false,"template":"","format":"standard","meta":{"site-sidebar-layout":"default","site-content-layout":"default","ast-global-header-display":"","ast-main-header-display":"","ast-hfb-above-header-display":"","ast-hfb-below-header-display":"","ast-hfb-mobile-header-display":"","site-post-title":"","ast-breadcrumbs-content":"","ast-featured-img":"","footer-sml-layout":"","theme-transparent-header-meta":"default","adv-header-id-meta":"","stick-header-meta":"","header-above-stick-meta":"","header-main-stick-meta":"","header-below-stick-meta":"","footnotes":""},"categories":[15,29,49],"tags":[40,102],"class_list":["post-3370","post","type-post","status-publish","format-standard","has-post-thumbnail","hentry","category-gestao-de-pessoas","category-legislacao","category-noticias","tag-legislacao","tag-carnaval"],"yoast_head":"<!-- This site is optimized with the Yoast SEO Premium plugin v19.2 (Yoast SEO v20.2.1) - https:\/\/yoast.com\/wordpress\/plugins\/seo\/ -->\n<title>Carnaval: Saiba como ir\u00e1 funcionar e esclare\u00e7a todas as d\u00favidas!<\/title>\n<meta name=\"description\" content=\"Quais s\u00e3o suas principais d\u00favidas em rela\u00e7\u00e3o ao Carnaval? Neste artigo voc\u00ea ir\u00e1 aprender todas as regras que sua empresa precisa seguir nesta data.\" \/>\n<meta name=\"robots\" content=\"index, follow, max-snippet:-1, max-image-preview:large, max-video-preview:-1\" \/>\n<link rel=\"canonical\" href=\"https:\/\/qrpoint.io\/blog\/carnaval\/\" \/>\n<meta property=\"og:locale\" content=\"pt_BR\" \/>\n<meta property=\"og:type\" content=\"article\" \/>\n<meta property=\"og:title\" content=\"Carnaval 2022: Saiba tudo!\" \/>\n<meta property=\"og:description\" content=\"Quais s\u00e3o suas principais d\u00favidas em rela\u00e7\u00e3o ao Carnaval? Neste artigo voc\u00ea ir\u00e1 aprender todas as regras que sua empresa precisa seguir nesta data.\" \/>\n<meta property=\"og:url\" content=\"https:\/\/qrpoint.io\/blog\/carnaval\/\" \/>\n<meta property=\"og:site_name\" content=\"QRpoint\" \/>\n<meta property=\"article:publisher\" content=\"https:\/\/pt-br.facebook.com\/qrpoint\/\" \/>\n<meta property=\"article:published_time\" content=\"2021-10-26T15:15:03+00:00\" \/>\n<meta property=\"article:modified_time\" content=\"2022-09-04T18:49:12+00:00\" \/>\n<meta property=\"og:image\" content=\"https:\/\/qrpoint.io\/blog\/wp-content\/uploads\/2021\/10\/carnaval-2-1024x683-1.webp\" \/>\n\t<meta property=\"og:image:width\" content=\"1024\" \/>\n\t<meta property=\"og:image:height\" content=\"683\" \/>\n\t<meta property=\"og:image:type\" content=\"image\/webp\" \/>\n<meta name=\"author\" content=\"tonyananias\" \/>\n<meta name=\"twitter:card\" content=\"summary_large_image\" \/>\n<meta name=\"twitter:label1\" content=\"Escrito por\" \/>\n\t<meta name=\"twitter:data1\" content=\"tonyananias\" \/>\n\t<meta name=\"twitter:label2\" content=\"Est. tempo de leitura\" \/>\n\t<meta name=\"twitter:data2\" content=\"18 minutos\" \/>\n<script type=\"application\/ld+json\" class=\"yoast-schema-graph\">{\"@context\":\"https:\/\/schema.org\",\"@graph\":[{\"@type\":\"Article\",\"@id\":\"https:\/\/qrpoint.io\/blog\/carnaval\/#article\",\"isPartOf\":{\"@id\":\"https:\/\/qrpoint.io\/blog\/carnaval\/\"},\"author\":{\"name\":\"tonyananias\",\"@id\":\"https:\/\/qrpoint.io\/blog\/#\/schema\/person\/7ffa628279e0cf164c779d463baae8de\"},\"headline\":\"Carnaval 2022: Saiba tudo!\",\"datePublished\":\"2021-10-26T15:15:03+00:00\",\"dateModified\":\"2022-09-04T18:49:12+00:00\",\"mainEntityOfPage\":{\"@id\":\"https:\/\/qrpoint.io\/blog\/carnaval\/\"},\"wordCount\":3269,\"commentCount\":0,\"publisher\":{\"@id\":\"https:\/\/qrpoint.io\/blog\/#organization\"},\"keywords\":[\"#legisla\u00e7\u00e3o\",\"carnaval\"],\"articleSection\":[\"Gest\u00e3o de Pessoas\",\"Legisla\u00e7\u00e3o\",\"Not\u00edcias\"],\"inLanguage\":\"pt-BR\",\"potentialAction\":[{\"@type\":\"CommentAction\",\"name\":\"Comment\",\"target\":[\"https:\/\/qrpoint.io\/blog\/carnaval\/#respond\"]}]},{\"@type\":\"WebPage\",\"@id\":\"https:\/\/qrpoint.io\/blog\/carnaval\/\",\"url\":\"https:\/\/qrpoint.io\/blog\/carnaval\/\",\"name\":\"Carnaval: Saiba como ir\u00e1 funcionar e esclare\u00e7a todas as d\u00favidas!\",\"isPartOf\":{\"@id\":\"https:\/\/qrpoint.io\/blog\/#website\"},\"datePublished\":\"2021-10-26T15:15:03+00:00\",\"dateModified\":\"2022-09-04T18:49:12+00:00\",\"description\":\"Quais s\u00e3o suas principais d\u00favidas em rela\u00e7\u00e3o ao Carnaval? Neste artigo voc\u00ea ir\u00e1 aprender todas as regras que sua empresa precisa seguir nesta data.\",\"breadcrumb\":{\"@id\":\"https:\/\/qrpoint.io\/blog\/carnaval\/#breadcrumb\"},\"inLanguage\":\"pt-BR\",\"potentialAction\":[{\"@type\":\"ReadAction\",\"target\":[\"https:\/\/qrpoint.io\/blog\/carnaval\/\"]}]},{\"@type\":\"BreadcrumbList\",\"@id\":\"https:\/\/qrpoint.io\/blog\/carnaval\/#breadcrumb\",\"itemListElement\":[{\"@type\":\"ListItem\",\"position\":1,\"name\":\"Home\",\"item\":\"https:\/\/qrpoint.io\/blog\/\"},{\"@type\":\"ListItem\",\"position\":2,\"name\":\"Carnaval 2022: Saiba tudo!\"}]},{\"@type\":\"WebSite\",\"@id\":\"https:\/\/qrpoint.io\/blog\/#website\",\"url\":\"https:\/\/qrpoint.io\/blog\/\",\"name\":\"QRpoint\",\"description\":\"Melhor Sistema de Controle de Ponto do Brasil! Tecnologia de RH capaz de simplificar os processos do RH da sua empresa! Confira!\",\"publisher\":{\"@id\":\"https:\/\/qrpoint.io\/blog\/#organization\"},\"potentialAction\":[{\"@type\":\"SearchAction\",\"target\":{\"@type\":\"EntryPoint\",\"urlTemplate\":\"https:\/\/qrpoint.io\/blog\/?s={search_term_string}\"},\"query-input\":\"required name=search_term_string\"}],\"inLanguage\":\"pt-BR\"},{\"@type\":\"Organization\",\"@id\":\"https:\/\/qrpoint.io\/blog\/#organization\",\"name\":\"QRpoint\",\"url\":\"https:\/\/qrpoint.io\/blog\/\",\"logo\":{\"@type\":\"ImageObject\",\"inLanguage\":\"pt-BR\",\"@id\":\"https:\/\/qrpoint.io\/blog\/#\/schema\/logo\/image\/\",\"url\":\"https:\/\/qrpoint.io\/wp-content\/uploads\/2022\/09\/Twitter-avatar-100x100-1.png\",\"contentUrl\":\"https:\/\/qrpoint.io\/wp-content\/uploads\/2022\/09\/Twitter-avatar-100x100-1.png\",\"width\":100,\"height\":100,\"caption\":\"QRpoint\"},\"image\":{\"@id\":\"https:\/\/qrpoint.io\/blog\/#\/schema\/logo\/image\/\"},\"sameAs\":[\"https:\/\/pt-br.facebook.com\/qrpoint\/\",\"https:\/\/www.instagram.com\/qrpoint\/\"]},{\"@type\":\"Person\",\"@id\":\"https:\/\/qrpoint.io\/blog\/#\/schema\/person\/7ffa628279e0cf164c779d463baae8de\",\"name\":\"tonyananias\",\"image\":{\"@type\":\"ImageObject\",\"inLanguage\":\"pt-BR\",\"@id\":\"https:\/\/qrpoint.io\/blog\/#\/schema\/person\/image\/\",\"url\":\"https:\/\/secure.gravatar.com\/avatar\/cc66dc6a937dc68022df83f974960c0fc6362dea94bb2046907cf3fde08fd3d0?s=96&d=mm&r=g\",\"contentUrl\":\"https:\/\/secure.gravatar.com\/avatar\/cc66dc6a937dc68022df83f974960c0fc6362dea94bb2046907cf3fde08fd3d0?s=96&d=mm&r=g\",\"caption\":\"tonyananias\"},\"sameAs\":[\"https:\/\/qrpoint.com.br\"],\"url\":\"https:\/\/qrpoint.io\/blog\/author\/tonyananias\/\"}]}<\/script>\n<!-- \/ Yoast SEO Premium plugin. -->","yoast_head_json":{"title":"Carnaval: Saiba como ir\u00e1 funcionar e esclare\u00e7a todas as d\u00favidas!","description":"Quais s\u00e3o suas principais d\u00favidas em rela\u00e7\u00e3o ao Carnaval? Neste artigo voc\u00ea ir\u00e1 aprender todas as regras que sua empresa precisa seguir nesta data.","robots":{"index":"index","follow":"follow","max-snippet":"max-snippet:-1","max-image-preview":"max-image-preview:large","max-video-preview":"max-video-preview:-1"},"canonical":"https:\/\/qrpoint.io\/blog\/carnaval\/","og_locale":"pt_BR","og_type":"article","og_title":"Carnaval 2022: Saiba tudo!","og_description":"Quais s\u00e3o suas principais d\u00favidas em rela\u00e7\u00e3o ao Carnaval? Neste artigo voc\u00ea ir\u00e1 aprender todas as regras que sua empresa precisa seguir nesta data.","og_url":"https:\/\/qrpoint.io\/blog\/carnaval\/","og_site_name":"QRpoint","article_publisher":"https:\/\/pt-br.facebook.com\/qrpoint\/","article_published_time":"2021-10-26T15:15:03+00:00","article_modified_time":"2022-09-04T18:49:12+00:00","og_image":[{"width":1024,"height":683,"url":"https:\/\/qrpoint.io\/blog\/wp-content\/uploads\/2021\/10\/carnaval-2-1024x683-1.webp","type":"image\/webp"}],"author":"tonyananias","twitter_card":"summary_large_image","twitter_misc":{"Escrito por":"tonyananias","Est. tempo de leitura":"18 minutos"},"schema":{"@context":"https:\/\/schema.org","@graph":[{"@type":"Article","@id":"https:\/\/qrpoint.io\/blog\/carnaval\/#article","isPartOf":{"@id":"https:\/\/qrpoint.io\/blog\/carnaval\/"},"author":{"name":"tonyananias","@id":"https:\/\/qrpoint.io\/blog\/#\/schema\/person\/7ffa628279e0cf164c779d463baae8de"},"headline":"Carnaval 2022: Saiba tudo!","datePublished":"2021-10-26T15:15:03+00:00","dateModified":"2022-09-04T18:49:12+00:00","mainEntityOfPage":{"@id":"https:\/\/qrpoint.io\/blog\/carnaval\/"},"wordCount":3269,"commentCount":0,"publisher":{"@id":"https:\/\/qrpoint.io\/blog\/#organization"},"keywords":["#legisla\u00e7\u00e3o","carnaval"],"articleSection":["Gest\u00e3o de Pessoas","Legisla\u00e7\u00e3o","Not\u00edcias"],"inLanguage":"pt-BR","potentialAction":[{"@type":"CommentAction","name":"Comment","target":["https:\/\/qrpoint.io\/blog\/carnaval\/#respond"]}]},{"@type":"WebPage","@id":"https:\/\/qrpoint.io\/blog\/carnaval\/","url":"https:\/\/qrpoint.io\/blog\/carnaval\/","name":"Carnaval: Saiba como ir\u00e1 funcionar e esclare\u00e7a todas as d\u00favidas!","isPartOf":{"@id":"https:\/\/qrpoint.io\/blog\/#website"},"datePublished":"2021-10-26T15:15:03+00:00","dateModified":"2022-09-04T18:49:12+00:00","description":"Quais s\u00e3o suas principais d\u00favidas em rela\u00e7\u00e3o ao Carnaval? Neste artigo voc\u00ea ir\u00e1 aprender todas as regras que sua empresa precisa seguir nesta data.","breadcrumb":{"@id":"https:\/\/qrpoint.io\/blog\/carnaval\/#breadcrumb"},"inLanguage":"pt-BR","potentialAction":[{"@type":"ReadAction","target":["https:\/\/qrpoint.io\/blog\/carnaval\/"]}]},{"@type":"BreadcrumbList","@id":"https:\/\/qrpoint.io\/blog\/carnaval\/#breadcrumb","itemListElement":[{"@type":"ListItem","position":1,"name":"Home","item":"https:\/\/qrpoint.io\/blog\/"},{"@type":"ListItem","position":2,"name":"Carnaval 2022: Saiba tudo!"}]},{"@type":"WebSite","@id":"https:\/\/qrpoint.io\/blog\/#website","url":"https:\/\/qrpoint.io\/blog\/","name":"QRpoint","description":"Melhor Sistema de Controle de Ponto do Brasil! Tecnologia de RH capaz de simplificar os processos do RH da sua empresa! Confira!","publisher":{"@id":"https:\/\/qrpoint.io\/blog\/#organization"},"potentialAction":[{"@type":"SearchAction","target":{"@type":"EntryPoint","urlTemplate":"https:\/\/qrpoint.io\/blog\/?s={search_term_string}"},"query-input":"required name=search_term_string"}],"inLanguage":"pt-BR"},{"@type":"Organization","@id":"https:\/\/qrpoint.io\/blog\/#organization","name":"QRpoint","url":"https:\/\/qrpoint.io\/blog\/","logo":{"@type":"ImageObject","inLanguage":"pt-BR","@id":"https:\/\/qrpoint.io\/blog\/#\/schema\/logo\/image\/","url":"https:\/\/qrpoint.io\/wp-content\/uploads\/2022\/09\/Twitter-avatar-100x100-1.png","contentUrl":"https:\/\/qrpoint.io\/wp-content\/uploads\/2022\/09\/Twitter-avatar-100x100-1.png","width":100,"height":100,"caption":"QRpoint"},"image":{"@id":"https:\/\/qrpoint.io\/blog\/#\/schema\/logo\/image\/"},"sameAs":["https:\/\/pt-br.facebook.com\/qrpoint\/","https:\/\/www.instagram.com\/qrpoint\/"]},{"@type":"Person","@id":"https:\/\/qrpoint.io\/blog\/#\/schema\/person\/7ffa628279e0cf164c779d463baae8de","name":"tonyananias","image":{"@type":"ImageObject","inLanguage":"pt-BR","@id":"https:\/\/qrpoint.io\/blog\/#\/schema\/person\/image\/","url":"https:\/\/secure.gravatar.com\/avatar\/cc66dc6a937dc68022df83f974960c0fc6362dea94bb2046907cf3fde08fd3d0?s=96&d=mm&r=g","contentUrl":"https:\/\/secure.gravatar.com\/avatar\/cc66dc6a937dc68022df83f974960c0fc6362dea94bb2046907cf3fde08fd3d0?s=96&d=mm&r=g","caption":"tonyananias"},"sameAs":["https:\/\/qrpoint.com.br"],"url":"https:\/\/qrpoint.io\/blog\/author\/tonyananias\/"}]}},"_links":{"self":[{"href":"https:\/\/qrpoint.io\/blog\/wp-json\/wp\/v2\/posts\/3370","targetHints":{"allow":["GET"]}}],"collection":[{"href":"https:\/\/qrpoint.io\/blog\/wp-json\/wp\/v2\/posts"}],"about":[{"href":"https:\/\/qrpoint.io\/blog\/wp-json\/wp\/v2\/types\/post"}],"author":[{"embeddable":true,"href":"https:\/\/qrpoint.io\/blog\/wp-json\/wp\/v2\/users\/1"}],"replies":[{"embeddable":true,"href":"https:\/\/qrpoint.io\/blog\/wp-json\/wp\/v2\/comments?post=3370"}],"version-history":[{"count":0,"href":"https:\/\/qrpoint.io\/blog\/wp-json\/wp\/v2\/posts\/3370\/revisions"}],"wp:featuredmedia":[{"embeddable":true,"href":"https:\/\/qrpoint.io\/blog\/wp-json\/wp\/v2\/media\/6758"}],"wp:attachment":[{"href":"https:\/\/qrpoint.io\/blog\/wp-json\/wp\/v2\/media?parent=3370"}],"wp:term":[{"taxonomy":"category","embeddable":true,"href":"https:\/\/qrpoint.io\/blog\/wp-json\/wp\/v2\/categories?post=3370"},{"taxonomy":"post_tag","embeddable":true,"href":"https:\/\/qrpoint.io\/blog\/wp-json\/wp\/v2\/tags?post=3370"}],"curies":[{"name":"wp","href":"https:\/\/api.w.org\/{rel}","templated":true}]}}