{"id":4922,"date":"2022-05-01T08:53:35","date_gmt":"2022-05-01T11:53:35","guid":{"rendered":"https:\/\/qrpoint.io\/?p=4922"},"modified":"2022-05-01T08:53:35","modified_gmt":"2022-05-01T11:53:35","slug":"dia-do-trabalho","status":"publish","type":"post","link":"https:\/\/qrpoint.io\/blog\/dia-do-trabalho\/","title":{"rendered":"Dia do trabalho: Saiba tudo sobre o bem-estar e autonomia do colaborador!"},"content":{"rendered":"\n<p>O dia do trabalho ou dia do trabalhador ocorre dia 1\u00ba de maio e \u00e9 uma ocasi\u00e3o \u00f3tima para discutir e entender mais sobre os direitos e conquistas dos trabalhadores ao redor do mundo.<\/p>\n\n\n\n<p>Por isso mesmo o dia do trabalho \u00e9 feriado nacional no Brasil, e em diversos outros pa\u00edses como Argentina, R\u00fassia, Fran\u00e7a, Espanha, etc.<\/p>\n\n\n\n<p>E isso tudo n\u00e3o \u00e9 \u00e0 toa, a hist\u00f3ria do dia do trabalho envolve resist\u00eancia e reivindica\u00e7\u00e3o por melhores condi\u00e7\u00f5es trabalhistas. Por isso, hoje vamos te contar tudo sobre o dia do trabalho, confira:&nbsp;<\/p>\n\n\n\n<ul class=\"wp-block-list\"><li><strong>Qual a origem do dia do trabalho?&nbsp;<\/strong><\/li><li><strong>Qual a import\u00e2ncia da <a rel=\"noreferrer noopener\" aria-label=\"qualidade (abre numa nova aba)\" href=\"https:\/\/qrpoint.com.br\/blog\/saude-mental\/\" target=\"_blank\">qualidade<\/a> <a rel=\"noreferrer noopener\" aria-label=\"de (abre numa nova aba)\" href=\"https:\/\/qrpoint.com.br\/blog\/saude-mental\/\" target=\"_blank\">de<\/a> <a href=\"https:\/\/qrpoint.com.br\/blog\/saude-mental\/\" target=\"_blank\" rel=\"noreferrer noopener\" aria-label=\"vida (abre numa nova aba)\">vida<\/a> no trabalho?<\/strong><\/li><li><strong>O abandono do microgerenciamento<\/strong><\/li><li><strong>Porque ter um setor de <a rel=\"noreferrer noopener\" aria-label=\" (abre numa nova aba)\" href=\"https:\/\/qrpoint.com.br\/blog\/gestao-de-pessoas\/\" target=\"_blank\">gest\u00e3o<\/a> <a rel=\"noreferrer noopener\" aria-label=\" (abre numa nova aba)\" href=\"https:\/\/qrpoint.com.br\/blog\/gestao-de-pessoas\/\" target=\"_blank\">de<\/a> <a rel=\"noreferrer noopener\" aria-label=\"pessoas (abre numa nova aba)\" href=\"https:\/\/qrpoint.com.br\/blog\/gestao-de-pessoas\/\" target=\"_blank\">pessoas<\/a> \u00e9 fundamental em uma empresa?&nbsp;<\/strong><\/li><li><strong>Como promover a autonomia e a melhoria na qualidade de vida dos colaboradores?<\/strong><\/li><li><b>De qual f<\/b>orma \u00e9 <strong>poss\u00edvel garantir a valoriza\u00e7\u00e3o das pessoas da sua empresa?&nbsp;<\/strong><\/li><li><strong>Como promover um ambiente de trabalho motivador?&nbsp;<\/strong><\/li><\/ul>\n\n\n\n<p>Veja mais abaixo sobre como surgiu o dia do trabalho no mundo. Tenha uma boa leitura! <\/p>\n\n\n\n<figure class=\"wp-block-image is-resized\"><img loading=\"lazy\" decoding=\"async\" src=\"https:\/\/qrpoint.com.br\/wp-content\/uploads\/2022\/04\/dia-do-trabalho-1-1024x684.jpg\" alt=\"dia do trabalho\" class=\"wp-image-4926\" width=\"619\" height=\"413\"\/><\/figure>\n\n\n\n<h2 class=\"wp-block-heading\"><strong>Qual a origem do dia do trabalho?&nbsp;<\/strong><\/h2>\n\n\n\n<p>O dia do trabalho teve origem quando aconteceu a Revolta de Haymarket nos EUA, quando os trabalhadores fizeram uma greve geral em 1\u00ba de maio de 1886.<\/p>\n\n\n\n<p>Isso ocorreu por conta do estado degradante de trabalho e da jornada exaustiva, condi\u00e7\u00f5es que antigamente eram vistas como uma vantagem aos patr\u00f5es, mas hoje em dia j\u00e1 se sabe que s\u00e3o pr\u00e1ticas contraproducentes.<\/p>\n\n\n\n<p>Justamente por conta disso, Get\u00falio Vargas<a href=\"http:\/\/www.planalto.gov.br\/ccivil_03\/decreto-lei\/del5452.htm\"> criou a CLT<\/a> em 1\u00ba de Maio de 1943, consolidando os direitos trabalhistas no Brasil. J\u00e1 deu pra ver que a data \u00e9 muito importante, n\u00e3o \u00e9 mesmo?<\/p>\n\n\n\n<p>Ela ganhou sua import\u00e2ncia justamente por trazer \u00e0 tona a necessidade do que hoje \u00e9 a<a href=\"https:\/\/qrpoint.com.br\/blog\/o-que-gestao-de-pessoas\/\"> gest\u00e3o de pessoas<\/a> focada no colaborador. Portanto, veja a seguir mais sobre as pr\u00e1ticas recentes de <a rel=\"noreferrer noopener\" aria-label=\"qualidade  (abre numa nova aba)\" href=\"https:\/\/qrpoint.com.br\/blog\/saude-mental\/\" target=\"_blank\">qualidade de<\/a> <a href=\"https:\/\/qrpoint.com.br\/blog\/saude-mental\/\" target=\"_blank\" rel=\"noreferrer noopener\" aria-label=\"vida (abre numa nova aba)\">vida<\/a> no trabalho.<\/p>\n\n\n\n<h2 class=\"wp-block-heading\"><strong>Qual a import\u00e2ncia da qualidade de vida no trabalho?<\/strong><\/h2>\n\n\n\n<p>Atualmente, a <a rel=\"noreferrer noopener\" aria-label=\"gest\u00e3o (abre numa nova aba)\" href=\"https:\/\/qrpoint.com.br\/blog\/gestao-de-pessoas\/\" target=\"_blank\">gest\u00e3o<\/a> <a rel=\"noreferrer noopener\" aria-label=\" (abre numa nova aba)\" href=\"https:\/\/qrpoint.com.br\/blog\/gestao-de-pessoas\/\" target=\"_blank\">de<\/a> <a rel=\"noreferrer noopener\" aria-label=\"pessoas (abre numa nova aba)\" href=\"https:\/\/qrpoint.com.br\/blog\/gestao-de-pessoas\/\" target=\"_blank\">pessoas<\/a> tem foco em trazer ganhos exponenciais \u00e0 <a href=\"https:\/\/qrpoint.com.br\/blog\/cultura-organizacional\/\" target=\"_blank\" rel=\"noreferrer noopener\" aria-label=\"organiza\u00e7\u00e3o  (abre numa nova aba)\">organiza\u00e7\u00e3o <\/a>atrav\u00e9s da eleva\u00e7\u00e3o do capital humano.<\/p>\n\n\n\n<p>Portanto, a<a href=\"https:\/\/qrpoint.com.br\/blog\/gestao-de-desempenho\/\"> gest\u00e3o de desempenho<\/a> \u00e9 feita n\u00e3o de forma explorat\u00f3ria, mas sim de um modo no qual o profissional tenha suas necessidades pessoais atendidas para que trabalhe mais motivado.<\/p>\n\n\n\n<p>Assim, gerenciar<a href=\"https:\/\/qrpoint.com.br\/blog\/beneficios-para-funcionarios\/\"> benef\u00edcios para os colaboradores<\/a> tem uma influ\u00eancia grande no seu engajamento, mostrando que \u00e9 muito efetivo ir al\u00e9m de melhorar a <a rel=\"noreferrer noopener\" aria-label=\"qualidade (abre numa nova aba)\" href=\"https:\/\/qrpoint.com.br\/blog\/saude-mental\/\" target=\"_blank\">qualidade<\/a> <a rel=\"noreferrer noopener\" aria-label=\"de (abre numa nova aba)\" href=\"https:\/\/qrpoint.com.br\/blog\/saude-mental\/\" target=\"_blank\">de<\/a> <a href=\"https:\/\/qrpoint.com.br\/blog\/saude-mental\/\" target=\"_blank\" rel=\"noreferrer noopener\" aria-label=\"vida (abre numa nova aba)\">vida<\/a> do profissional apenas dentro do ambiente de trabalho.<\/p>\n\n\n\n<p>E falando em ambiente de trabalho, veja a seguir um pouco mais sobre a melhoria do clima empresarial atrav\u00e9s de uma<a href=\"https:\/\/qrpoint.com.br\/blog\/cultura-organizacional-sua-empresa-ja-tem-uma\/\"> cultura organizacional<\/a> de autonomia.<\/p>\n\n\n\n<h2 class=\"wp-block-heading\"><strong>O abandono do microgerenciamento<\/strong><\/h2>\n\n\n\n<p>O trabalho por muito tempo foi regido sob uma perspectiva de microgerenciamento, onde as lideran\u00e7as det\u00eam todo o controle sobre os subordinados e o que eles devem fazer.<\/p>\n\n\n\n<p>Entretanto, essa pr\u00e1tica j\u00e1 se mostrou ineficiente, j\u00e1 que, como mostra uma pesquisa feita pela Page Talent, 58% dos profissionais do pa\u00eds acham mais f\u00e1cil<a href=\"https:\/\/qrpoint.com.br\/blog\/desenvolvimento-de-equipe-melhores-praticas\/\"> se desenvolver e inovar<\/a> quando est\u00e3o atuando com autonomia.<\/p>\n\n\n\n<p>Consequentemente, isso reflete diretamente no engajamento que os profissionais tem no dia a dia. Um claro exemplo de que a gest\u00e3o limitante \u00e9 negativa est\u00e1 no fato de que 74% dos colaboradores no Brasil n\u00e3o trabalham efetivamente engajados, segundo<a href=\"https:\/\/www.gallup.com\/pt-br\/175820\/crescimento-brasileiro-empurr%C3%A3ozinho.aspx\"> pesquisa do Gallup<\/a>.<\/p>\n\n\n\n<p>Portanto, o dia do trabalho no brasil se torna uma data interessante para repensar como o trabalho tem sido executado e<a href=\"https:\/\/qrpoint.com.br\/blog\/como-fazer-o-desenvolvimento-de-equipes-em-sua-empresa\/\"> como ele pode melhorar<\/a>. Por conta disso, veja abaixo como a gest\u00e3o de pessoas pode ser uma sa\u00edda interessante para as empresas.&nbsp;<\/p>\n\n\n\n<h2 class=\"wp-block-heading\"><strong>Porque ter um setor de gest\u00e3o de pessoas \u00e9 fundamental em uma empresa?&nbsp;<\/strong><\/h2>\n\n\n\n<p>A <a rel=\"noreferrer noopener\" aria-label=\"Gest\u00e3o (abre numa nova aba)\" href=\"https:\/\/qrpoint.com.br\/blog\/gestao-de-pessoas\/\" target=\"_blank\">Gest\u00e3o<\/a> <a rel=\"noreferrer noopener\" aria-label=\"de (abre numa nova aba)\" href=\"https:\/\/qrpoint.com.br\/blog\/gestao-de-pessoas\/\" target=\"_blank\">de<\/a> <a rel=\"noreferrer noopener\" aria-label=\"Pessoas (abre numa nova aba)\" href=\"https:\/\/qrpoint.com.br\/blog\/gestao-de-pessoas\/\" target=\"_blank\">Pessoas<\/a> \u00e9 fundamental dentro de uma <a href=\"https:\/\/qrpoint.com.br\/blog\/cultura-organizacional\/\" target=\"_blank\" rel=\"noreferrer noopener\" aria-label=\"organiza\u00e7\u00e3o (abre numa nova aba)\">organiza\u00e7\u00e3o<\/a>. O motivo, al\u00e9m de todos os outros ponto \u00e9  tamb\u00e9m a consolida\u00e7\u00e3o da empresa no mercado.&nbsp;Dessa forma, quando a produtividade e engajamento dos colaboradores vai de encontro com os valores comportamentais da institui\u00e7\u00e3o em quest\u00e3o, a consequ\u00eancia certamente \u00e9 o sucesso!&nbsp;<\/p>\n\n\n\n<p>Dito isto, vale lembrar que ao n\u00e3o manter seus funcion\u00e1rios motivados, a empresa pode correr o risco de perder grandes talentos e ter alta rotatividade.&nbsp;Al\u00e9m disso, o ambiente se torna mais prop\u00edcio a gerar um clima organizacional ruim, afetando a performance da equipe como um todo e prejudicando a imagem da empresa.<\/p>\n\n\n\n<p>Nesse sentido, os benef\u00edcios financeiros n\u00e3o s\u00e3o mais t\u00e3o determinantes para um trabalhador optar ou n\u00e3o por permanecer em uma determinada organiza\u00e7\u00e3o.&nbsp;Hoje em dia, ele tamb\u00e9m busca avaliar as oportunidades de crescimento e desenvolvimento, al\u00e9m de observar como est\u00e1 a valoriza\u00e7\u00e3o de suas entregas dentro da empresa em quest\u00e3o.&nbsp;<\/p>\n\n\n\n<p>Caso ele n\u00e3o se sinta \u00e0 vontade para continuar contribuindo como colaborador, esse \u00e9 sim um fator determinante para o seu desligamento.&nbsp;Por isso, existem as estrat\u00e9gias de Gest\u00e3o de Pessoas e \u00e9 atrav\u00e9s delas que o gestor identifica qual o grau de <a href=\"https:\/\/qrpoint.com.br\/blog\/motivacao\/\" target=\"_blank\" rel=\"noreferrer noopener\" aria-label=\"motiva\u00e7\u00e3o  (abre numa nova aba)\">motiva\u00e7\u00e3o <\/a>dos seus funcion\u00e1rios e como extrair dali os melhores resultados.&nbsp;<\/p>\n\n\n\n<h2 class=\"wp-block-heading\"><strong>Como promover a autonomia e a melhoria na qualidade de vida dos colaboradores?<\/strong><\/h2>\n\n\n\n<p>Para promover a autonomia e melhoria na <a rel=\"noreferrer noopener\" aria-label=\"qualidade (abre numa nova aba)\" href=\"https:\/\/qrpoint.com.br\/blog\/saude-mental\/\" target=\"_blank\">qualidade<\/a> <a rel=\"noreferrer noopener\" aria-label=\"de (abre numa nova aba)\" href=\"https:\/\/qrpoint.com.br\/blog\/saude-mental\/\" target=\"_blank\">de<\/a> <a href=\"https:\/\/qrpoint.com.br\/blog\/saude-mental\/\" target=\"_blank\" rel=\"noreferrer noopener\" aria-label=\"vida (abre numa nova aba)\">vida<\/a> dos colaboradores \u00e9 preciso, antes de tudo, entender que s\u00e3o indiv\u00edduos singulares e geri-los com base em<a href=\"https:\/\/qrpoint.com.br\/blog\/gestao-de-pessoas-por-meio-do-perfil-comportamental\/\"> seus perfis comportamentais<\/a>.<\/p>\n\n\n\n<p>Isso porque a<a href=\"https:\/\/qrpoint.com.br\/blog\/psicologia-organizacional-e-gestao-de-pessoas\/\"> psicologia organizacional no RH<\/a> tem feito diversos avan\u00e7os e \u00e9 percept\u00edvel o quanto a<a href=\"https:\/\/qrpoint.com.br\/blog\/gestao-inteligente\/\"> gest\u00e3o inteligente<\/a> feita de forma direcionada apresenta resultados gratificantes de produtividade.<\/p>\n\n\n\n<p>Sendo assim, veja abaixo algumas outras boas pr\u00e1ticas de gest\u00e3o para adquirir produtividade com a melhoria da <a rel=\"noreferrer noopener\" aria-label=\"qualidade (abre numa nova aba)\" href=\"https:\/\/qrpoint.com.br\/blog\/saude-mental\/\" target=\"_blank\">qualidade<\/a> <a rel=\"noreferrer noopener\" aria-label=\"de (abre numa nova aba)\" href=\"https:\/\/qrpoint.com.br\/blog\/saude-mental\/\" target=\"_blank\">de<\/a> <a href=\"https:\/\/qrpoint.com.br\/blog\/saude-mental\/\" target=\"_blank\" rel=\"noreferrer noopener\" aria-label=\"vida (abre numa nova aba)\">vida<\/a> dos profissionais:<\/p>\n\n\n\n<h3 class=\"wp-block-heading\"><strong>Trabalhe o clima organizacional<\/strong><\/h3>\n\n\n\n<p>\u00c9 importante ter um ambiente de trabalho<a href=\"https:\/\/qrpoint.com.br\/blog\/conflito-entre-colaboradores-no-espaco-de-trabalho\/\"> livre de conflitos<\/a> para que tudo possa fluir bem no dia a dia.<\/p>\n\n\n\n<p>Portanto, uma das melhores formas de garantir que os colaboradores se mantenham produtivos \u00e9 buscar manter um bom clima organizacional, o que tamb\u00e9m traz consequ\u00eancias positivas para o<a href=\"https:\/\/qrpoint.com.br\/blog\/endomarketing-como-promover-engajamento\/\"> endomarketing da empresa<\/a>.<\/p>\n\n\n\n<h3 class=\"wp-block-heading\"><strong>Gerencie os talentos da organiza\u00e7\u00e3o<\/strong><\/h3>\n\n\n\n<p>\u00c9 important\u00edssimo ter um bom projeto para a<a href=\"https:\/\/qrpoint.com.br\/blog\/endomarketing-como-promover-engajamento\/\"> gest\u00e3o de cargos e sal\u00e1rios<\/a> dentro da empresa. Isso porque uma \u00f3tima forma de manter os talentos dentro da <a href=\"https:\/\/qrpoint.com.br\/blog\/cultura-organizacional\/\" target=\"_blank\" rel=\"noreferrer noopener\" aria-label=\"organiza\u00e7\u00e3o  (abre numa nova aba)\">organiza\u00e7\u00e3o <\/a>\u00e9 criando um plano de carreira para eles.<\/p>\n\n\n\n<p>Dessa forma, a<a href=\"https:\/\/qrpoint.com.br\/blog\/gestao-de-pessoas-e-talentos-onde-voce-perde-dinheiro-e-onde-pode-ganhar-mais\/\"> gest\u00e3o de talentos<\/a> se torna algo simples e lucrativo. Ademais, outra forma de mant\u00ea-los dentro da organiza\u00e7\u00e3o e atrair novos \u00e9 atrav\u00e9s do oferecimento de um bom programa de treinamento e desenvolvimento.<\/p>\n\n\n\n<h3 class=\"wp-block-heading\"><strong>Crie uma cultura de feedback<\/strong><\/h3>\n\n\n\n<p>O feedback \u00e9 uma \u00f3tima forma de manter a produ\u00e7\u00e3o dos colaboradores alinhadas \u00e0s metas e expectativas da organiza\u00e7\u00e3o, ao mesmo tempo que se utiliza de um processo colaborativo muito construtivo para o trabalho em equipe.<\/p>\n\n\n\n<p>Essa pr\u00e1tica pode ser usada juntamente ao<a href=\"https:\/\/qrpoint.com.br\/blog\/people-analytics\/\"> People Analytics<\/a> e assim aproveitar os melhores recursos da<a href=\"https:\/\/qrpoint.com.br\/blog\/tecnologia-no-rh-2\/\"> tecnologia no RH<\/a> para avaliar e mensurar os pr\u00f3ximos passos a serem tomados em rela\u00e7\u00e3o aso profissionais como, por exemplo, oferecer o treinamento necess\u00e1rio ao colaborador certo.<\/p>\n\n\n\n<h3 class=\"wp-block-heading\"><strong>Use a metodologia de OKRs na sua organiza\u00e7\u00e3o<\/strong><\/h3>\n\n\n\n<p>O uso de OKRs (sistema de metas pessoais e em grupo) aumenta a autonomia dos profissionais e incentiva-os a alcan\u00e7ar os objetivos maiores da <a href=\"https:\/\/qrpoint.com.br\/blog\/cultura-organizacional\/\" target=\"_blank\" rel=\"noreferrer noopener\" aria-label=\"organiza\u00e7\u00e3o (abre numa nova aba)\">organiza\u00e7\u00e3o<\/a>.<\/p>\n\n\n\n<p>Isso ocorre devido \u00e0 flexibilidade e transpar\u00eancia com a qual as metas s\u00e3o distribu\u00eddas entre todos da empresa, trabalhando em ciclos mais curtos, tornando a<a href=\"https:\/\/qrpoint.com.br\/blog\/gestao-de-desempenho-como-fazer\/\"> gest\u00e3o de desempenho<\/a> mais f\u00e1cil e deixando os objetivos mais tang\u00edveis.<\/p>\n\n\n\n<h2 class=\"wp-block-heading\"><strong>De qual forma \u00e9<\/strong> <strong>poss\u00edvel garantir a valoriza\u00e7\u00e3o das pessoas da sua empresa?&nbsp;<\/strong><\/h2>\n\n\n\n<p>N\u00f3s j\u00e1 sabemos que o capital humano \u00e9 de extrema import\u00e2ncia tanto para a empresa quanto para os seus colaboradores. Dessa forma, um precisa do outro para que a organiza\u00e7\u00e3o possa evoluir da melhor forma poss\u00edvel.&nbsp;<\/p>\n\n\n\n<p>Ent\u00e3o, confira as ideias que s\u00e3o utilizadas por empresas que d\u00e3o import\u00e2ncia para o bem-estar dos colaboradores e que podem facilitar a companhia:<\/p>\n\n\n\n<h3 class=\"wp-block-heading\"><strong>Desenvolva um plano de carreira<\/strong><\/h3>\n\n\n\n<p>Fa\u00e7a o plano de carreira do seu colaborador. Ao longo do tempo, as empresas j\u00e1 perceberam que os trabalhadores com mais tempo de casa, podem somar mais. Dessa forma, \u00e9 muito importante que a contrata\u00e7\u00e3o seja feita com essa perspectiva.&nbsp;<\/p>\n\n\n\n<p>Portanto, mostre ao seu funcion\u00e1rio que \u00e9 v\u00e1lido ter <a href=\"https:\/\/qrpoint.com.br\/blog\/motivacao\/\" target=\"_blank\" rel=\"noreferrer noopener\" aria-label=\"motiva\u00e7\u00e3o (abre numa nova aba)\">motiva\u00e7\u00e3o<\/a>, dedica\u00e7\u00e3o e tempo com a sua empresa, pois ele poder\u00e1 ter um crescimento profissional, pessoal e financeiro.&nbsp;<\/p>\n\n\n\n<h3 class=\"wp-block-heading\"><strong>D\u00ea lideran\u00e7a e autonomia<\/strong><\/h3>\n\n\n\n<p>Muitas pessoas acreditam que liderar \u00e9 mandar nos colaboradores. Ao contr\u00e1rio disso, a lideran\u00e7a \u00e9 inspirar os funcion\u00e1rios para que eles consigam um bom desempenho todos os dias.&nbsp;<\/p>\n\n\n\n<p>No entanto, o l\u00edder al\u00e9m de servir como uma inspira\u00e7\u00e3o, tamb\u00e9m delega as tarefas e se envolve nelas. Al\u00e9m de tudo, algumas atitudes s\u00e3o muito importantes para que os profissionais reconhe\u00e7am que o l\u00edder est\u00e1 pensando no seu desenvolvimento profissional na empresa, tais como:<\/p>\n\n\n\n<ul class=\"wp-block-list\"><li>entender os pontos fortes e fracos dos profissionais;<\/li><li>dar feedbacks positivos e construtivos;<\/li><li>dar tarefas que condizem com as habilidades de cada profissional;<\/li><li>fornecer orienta\u00e7\u00f5es para o desenvolvimento profissional.<\/li><\/ul>\n\n\n\n<p>Al\u00e9m disso, a lideran\u00e7a oferece mais autonomia para os profissionais e as equipes darem a sua opini\u00e3o, trocar ideias, compartilhar momentos, entre outras situa\u00e7\u00f5es. Portanto, a lideran\u00e7a \u00e9 relacionada com a transmiss\u00e3o de confian\u00e7a.&nbsp;<\/p>\n\n\n\n<p>Dessa forma, o funcion\u00e1rio acredita que a empresa sabe que ele pode ser respons\u00e1vel por tais atividades e isso o torna mais interessado em fazer o seu papel.&nbsp;<\/p>\n\n\n\n<h3 class=\"wp-block-heading\"><strong>Trabalhe com bonifica\u00e7\u00f5es e premia\u00e7\u00f5es<\/strong><\/h3>\n\n\n\n<p>A remunera\u00e7\u00e3o faz parte do capital humano. Ou seja, bons profissionais querem ser bem remunerados pelas suas fun\u00e7\u00f5es, caso contr\u00e1rio, partem para outras empresas que tendem a valorizar mais esse quesito.&nbsp;<\/p>\n\n\n\n<p>No entanto, uma empresa que seja muito boa, mas n\u00e3o possui a possibilidade de oferecer uma boa remunera\u00e7\u00e3o, pode substituir essa valoriza\u00e7\u00e3o por b\u00f4nus e premia\u00e7\u00f5es. Com isso, esses termos podem estar alinhados com as conquistas e metas da empresa.<\/p>\n\n\n\n<p>E claro, o retorno financeiro n\u00e3o \u00e9 o \u00fanico motivo de satisfa\u00e7\u00e3o profissional, mas n\u00e3o deixa de ser algo motivacional.<\/p>\n\n\n\n<h3 class=\"wp-block-heading\"><strong>Invista em capacita\u00e7\u00e3o<\/strong><\/h3>\n\n\n\n<p>As empresas querem que os profissionais se interessem e estejam envolvidos nos objetivos da empresa. No entanto, a <a href=\"https:\/\/qrpoint.com.br\/blog\/cultura-organizacional\/\" target=\"_blank\" rel=\"noreferrer noopener\" aria-label=\"organiza\u00e7\u00e3o  (abre numa nova aba)\">organiza\u00e7\u00e3o <\/a>tamb\u00e9m precisa tomar iniciativas, como por exemplo, obtendo programas de capacita\u00e7\u00e3o.&nbsp;<\/p>\n\n\n\n<p>Dessa forma, \u00e9 muito importante dar treinamentos, fazer rodas de conversas, palestras, tudo pensando no desenvolvimento profissional dos colaboradores. Al\u00e9m disso, os programas de capacita\u00e7\u00e3o devem ser cont\u00ednuos, afinal, o profissional pode ter uma vis\u00e3o mais ampla da sua carreira.&nbsp;<\/p>\n\n\n\n<h3 class=\"wp-block-heading\"><strong>Aplique estrat\u00e9gias de gamifica\u00e7\u00e3o<\/strong><\/h3>\n\n\n\n<p>Nesse sentido, a empresa poder\u00e1 melhorar sua rela\u00e7\u00e3o com os colaboradores por meio de jogos. Ent\u00e3o, todo o desempenho e produtividade ser\u00e3o resultados em premia\u00e7\u00f5es, rankings, pontua\u00e7\u00f5es, recompensas, entre outros.&nbsp;<\/p>\n\n\n\n<h2 class=\"wp-block-heading\"><strong>Como promover um ambiente de trabalho motivador?<\/strong><\/h2>\n\n\n\n<figure class=\"wp-block-image is-resized\"><img loading=\"lazy\" decoding=\"async\" src=\"https:\/\/qrpoint.com.br\/wp-content\/uploads\/2022\/04\/dia-do-trabalho-2-1024x683.jpg\" alt=\"dia do trabalho\" class=\"wp-image-4927\" width=\"675\" height=\"449\"\/><\/figure>\n\n\n\n<p>A motiva\u00e7\u00e3o pode ser resumida de uma forma bem objetiva, pois basicamente ela \u00e9 um conjunto de fatores individuais e contextuais que determinam uma a\u00e7\u00e3o ou at\u00e9 mesmo a tomada de uma decis\u00e3o. Em resumo, a motiva\u00e7\u00e3o \u00e9 o sin\u00f4nimo daquilo que nos move para querermos realizar nossas metas e objetivos.&nbsp;<\/p>\n\n\n\n<p>Dessa forma, fica mais f\u00e1cil compreender que o ser humano precisa da motiva\u00e7\u00e3o, pois \u00e9 com ela que damos o ponto de partida para executar nossos planos. Mas, um exemplo b\u00e1sico disso \u00e9: se voc\u00ea sente sono, sua <a href=\"https:\/\/qrpoint.com.br\/blog\/motivacao\/\" target=\"_blank\" rel=\"noreferrer noopener\" aria-label=\"motiva\u00e7\u00e3o  (abre numa nova aba)\">motiva\u00e7\u00e3o <\/a>\u00e9 dormir, descansar.<\/p>\n\n\n\n<p>Pensando nisso, vamos te contar formas de fomentar a motiva\u00e7\u00e3o dos colaboradores no ambiente de trabalho. Vamos l\u00e1?<\/p>\n\n\n\n<h3 class=\"wp-block-heading\"><strong>A motiva\u00e7\u00e3o \u00e9 algo coletivo e pessoal<\/strong><\/h3>\n\n\n\n<p>Infelizmente, muitas pessoas tendem a acreditar que a motiva\u00e7\u00e3o deve ser levada em conta se for coletiva e n\u00e3o! A <a rel=\"noreferrer noopener\" aria-label=\"motiva\u00e7\u00e3o  (abre numa nova aba)\" href=\"https:\/\/qrpoint.com.br\/blog\/motivacao\/\" target=\"_blank\">motiva\u00e7\u00e3o <\/a><a href=\"https:\/\/qrpoint.com.br\/blog\/motivacao\/\" target=\"_blank\" rel=\"noreferrer noopener\" aria-label=\"pessoal  (abre numa nova aba)\">pessoal <\/a>\u00e9 fundamental para que o colaborador acredite nas suas pr\u00f3prias expectativas.&nbsp;<\/p>\n\n\n\n<p>Por isso, \u00e9 muito importante que o colaborador entenda o que o motiva para continuar em busca das suas realiza\u00e7\u00f5es pessoais e profissionais. Al\u00e9m disso, a vida pessoal do colaborador afeta diretamente a vida profissional dele.&nbsp;<\/p>\n\n\n\n<p>Al\u00e9m de tudo, a empresa precisa tratar os funcion\u00e1rios de forma igual, mas saber que cada ser humano \u00e9 um indiv\u00edduo com quest\u00f5es diferentes e nem sempre ir\u00e3o reagir da mesma forma.&nbsp;<\/p>\n\n\n\n<h3 class=\"wp-block-heading\"><strong>Objetivos claros<\/strong><\/h3>\n\n\n\n<p>As metas e a\u00e7\u00f5es coletivas podem ser essenciais para a motiva\u00e7\u00e3o dos colaboradores. Afinal, tendo em vista que eles se sentem mais motivados quando conseguem perceber que seu trabalho impactou positivamente a empresa.&nbsp;<\/p>\n\n\n\n<p>Pois ent\u00e3o, quando for colocar as atividades para os seus colaboradores fazerem, lembre-se de falar o que espera deles e como eles podem elaborar tais atividades.<\/p>\n\n\n\n<h3 class=\"wp-block-heading\"><strong>Metas alcan\u00e7\u00e1veis<\/strong><\/h3>\n\n\n\n<p>Infelizmente, fazer metas que n\u00e3o podem ser realizadas, que s\u00e3o irreais e fazer s\u00f3 por achar que est\u00e1 inovando mais do que os outros colegas de trabalho, \u00e9 um tanto frustrante. Afinal, metas que n\u00e3o s\u00e3o alcan\u00e7\u00e1veis tendem a desgastar mais os colaboradores.&nbsp;<\/p>\n\n\n\n<p>Por isso, sempre tenha suas metas claras e com o p\u00e9 no ch\u00e3o.&nbsp;<\/p>\n\n\n\n<h3 class=\"wp-block-heading\"><strong>Bem-estar financeiro dos profissionais<\/strong><\/h3>\n\n\n\n<p>Como j\u00e1 dissemos, antigamente, era muito comum o dinheiro ser uma das fontes principais de motiva\u00e7\u00e3o. No entanto, hoje em dia a sa\u00fade mental \u00e9 de extrema import\u00e2ncia.&nbsp;<\/p>\n\n\n\n<p>Mas, \u00e9 claro que receber coerentemente com a sua fun\u00e7\u00e3o \u00e9 extremamente satisfat\u00f3rio e, principalmente, quando o bem-estar financeiro se alia com&nbsp; mental.&nbsp;<\/p>\n\n\n\n<h3 class=\"wp-block-heading\"><strong>Defini\u00e7\u00e3o de cargos<\/strong><\/h3>\n\n\n\n<p>Hoje em dia, muitas empresas possuem funcion\u00e1rios com fun\u00e7\u00f5es que n\u00e3o fazem sentido para eles. E claro, isso pode ser um grande incentivo para a falta de <a href=\"https:\/\/qrpoint.com.br\/blog\/motivacao\/\" target=\"_blank\" rel=\"noreferrer noopener\" aria-label=\"motiva\u00e7\u00e3o  (abre numa nova aba)\">motiva\u00e7\u00e3o <\/a>no ambiente de trabalho.&nbsp;<\/p>\n\n\n\n<p>Afinal, \u00e9 muito importante trabalhar n\u00e3o s\u00f3 com o que se gosta, mas tamb\u00e9m com o que faz sentido para o profissional, de acordo com suas habilidades, compet\u00eancias, experi\u00eancias, entre outros fatores.&nbsp;<\/p>\n\n\n\n<h3 class=\"wp-block-heading\"><strong>Controle de ponto online<\/strong><\/h3>\n\n\n\n<p>O sistema de controle de ponto online \u00e9 a forma mais f\u00e1cil, simples, pr\u00e1tica e moderna de controlar a entrada e sa\u00edda dos colaboradores da empresa.&nbsp;<\/p>\n\n\n\n<p>Al\u00e9m disso, esse software armazena todas as informa\u00e7\u00f5es da jornada do colaborador em nuvem e, consequentemente, pode ser conectado a muitos dispositivos, coletando os dados necess\u00e1rios dos funcion\u00e1rios.&nbsp;<\/p>\n\n\n\n<p>As principais vantagens deste software, al\u00e9m de mais conforto para os seus colaboradores, s\u00e3o:&nbsp;<\/p>\n\n\n\n<ul class=\"wp-block-list\"><li>Seguran\u00e7a e precis\u00e3o;<\/li><li>Praticidade e dinamismo;<\/li><li>Custo-benef\u00edcio;<\/li><li>Marca\u00e7\u00e3o remota;<\/li><li>C\u00e1lculos de forma autom\u00e1tica.<\/li><\/ul>\n\n\n\n<h2 class=\"wp-block-heading\"><strong>Porque a QR POINT pode contribuir com o seu RH?&nbsp;&nbsp;<\/strong><\/h2>\n\n\n\n<p>Em primeiro lugar, se a sua empresa gosta de modernizar e entrar nas novas tend\u00eancias do mercado, a <a href=\"https:\/\/qrpoint.com.br\/\"><strong>QR POINT<\/strong><\/a> \u00e9 a solu\u00e7\u00e3o para a sua <a href=\"https:\/\/qrpoint.com.br\/blog\/cultura-organizacional\/\" target=\"_blank\" rel=\"noreferrer noopener\" aria-label=\"organiza\u00e7\u00e3o (abre numa nova aba)\">organiza\u00e7\u00e3o<\/a>. Afinal, eles possuem o melhor sistema de controle de ponto alternativo, com funcionalidades completas para sanar todos os seus problemas.&nbsp;<\/p>\n\n\n\n<p>Al\u00e9m disso, o sistema possui um bom custo-benef\u00edcio e garante muita seguran\u00e7a para todos os profissionais. Ademais, os colaboradores podem registrar o ponto apenas usando um dispositivo m\u00f3vel, como por exemplo, tablets ou celulares.&nbsp;<\/p>\n\n\n\n<p>Em conclus\u00e3o, o sistema de <a href=\"https:\/\/qrpoint.com.br\/blog\/controle-de-ponto-online2\/\">controle de ponto<\/a> alternativo possui um armazenamento em nuvem, ou seja, os dados ficam armazenados com 100% de confian\u00e7a, o que \u00e9 muito importante para os casos de processos trabalhistas. <\/p>\n","protected":false},"excerpt":{"rendered":"<p>Dia do trabalho: Conhe\u00e7a sua origem e saiba como andam as novas discuss\u00f5es sobre o trabalho e a qualidade de vida dos colaboradores nas organiza\u00e7\u00f5es.<\/p>\n","protected":false},"author":4,"featured_media":4926,"comment_status":"open","ping_status":"open","sticky":false,"template":"","format":"standard","meta":{"site-sidebar-layout":"default","site-content-layout":"default","ast-global-header-display":"","ast-main-header-display":"","ast-hfb-above-header-display":"","ast-hfb-below-header-display":"","ast-hfb-mobile-header-display":"","site-post-title":"","ast-breadcrumbs-content":"","ast-featured-img":"","footer-sml-layout":"","theme-transparent-header-meta":"default","adv-header-id-meta":"","stick-header-meta":"","header-above-stick-meta":"","header-main-stick-meta":"","header-below-stick-meta":"","footnotes":""},"categories":[15,29,49],"tags":[170,38,156],"class_list":["post-4922","post","type-post","status-publish","format-standard","has-post-thumbnail","hentry","category-gestao-de-pessoas","category-legislacao","category-noticias","tag-dia-do-trabalho","tag-gestao-de-pessoas","tag-qualidade-de-vida"],"yoast_head":"<!-- This site is optimized with the Yoast SEO Premium plugin v19.2 (Yoast SEO v20.2.1) - https:\/\/yoast.com\/wordpress\/plugins\/seo\/ -->\n<title>Dia do trabalho: Saiba tudo sobre o bem-estar e autonomia do colaborador<\/title>\n<meta name=\"description\" content=\"Dia do trabalho: Conhe\u00e7a sua origem e saiba como andam as novas discuss\u00f5es sobre o trabalho e a qualidade de vida dos colaboradores nas organiza\u00e7\u00f5es.\" \/>\n<meta name=\"robots\" content=\"index, follow, max-snippet:-1, max-image-preview:large, max-video-preview:-1\" \/>\n<link rel=\"canonical\" href=\"https:\/\/qrpoint.io\/blog\/dia-do-trabalho\/\" \/>\n<meta property=\"og:locale\" content=\"pt_BR\" \/>\n<meta property=\"og:type\" content=\"article\" \/>\n<meta property=\"og:title\" content=\"Dia do trabalho: Saiba tudo sobre o bem-estar e autonomia do colaborador!\" \/>\n<meta property=\"og:description\" content=\"Dia do trabalho: Conhe\u00e7a sua origem e saiba como andam as novas discuss\u00f5es sobre o trabalho e a qualidade de vida dos colaboradores nas organiza\u00e7\u00f5es.\" \/>\n<meta property=\"og:url\" content=\"https:\/\/qrpoint.io\/blog\/dia-do-trabalho\/\" \/>\n<meta property=\"og:site_name\" content=\"QRpoint\" \/>\n<meta property=\"article:publisher\" content=\"https:\/\/pt-br.facebook.com\/qrpoint\/\" \/>\n<meta property=\"article:published_time\" content=\"2022-05-01T11:53:35+00:00\" \/>\n<meta name=\"author\" content=\"Fernanda Moreira\" \/>\n<meta name=\"twitter:card\" content=\"summary_large_image\" \/>\n<meta name=\"twitter:label1\" content=\"Escrito por\" \/>\n\t<meta name=\"twitter:data1\" content=\"Fernanda Moreira\" \/>\n\t<meta name=\"twitter:label2\" content=\"Est. tempo de leitura\" \/>\n\t<meta name=\"twitter:data2\" content=\"13 minutos\" \/>\n<script type=\"application\/ld+json\" class=\"yoast-schema-graph\">{\"@context\":\"https:\/\/schema.org\",\"@graph\":[{\"@type\":\"Article\",\"@id\":\"https:\/\/qrpoint.io\/blog\/dia-do-trabalho\/#article\",\"isPartOf\":{\"@id\":\"https:\/\/qrpoint.io\/blog\/dia-do-trabalho\/\"},\"author\":{\"name\":\"Fernanda Moreira\",\"@id\":\"https:\/\/qrpoint.io\/blog\/#\/schema\/person\/1b55fd3e196634cabac540e7809e000a\"},\"headline\":\"Dia do trabalho: Saiba tudo sobre o bem-estar e autonomia do colaborador!\",\"datePublished\":\"2022-05-01T11:53:35+00:00\",\"dateModified\":\"2022-05-01T11:53:35+00:00\",\"mainEntityOfPage\":{\"@id\":\"https:\/\/qrpoint.io\/blog\/dia-do-trabalho\/\"},\"wordCount\":2606,\"commentCount\":0,\"publisher\":{\"@id\":\"https:\/\/qrpoint.io\/blog\/#organization\"},\"keywords\":[\"dia do trabalho\",\"gest\u00e3o de pessoas\",\"qualidade de vida\"],\"articleSection\":[\"Gest\u00e3o de Pessoas\",\"Legisla\u00e7\u00e3o\",\"Not\u00edcias\"],\"inLanguage\":\"pt-BR\",\"potentialAction\":[{\"@type\":\"CommentAction\",\"name\":\"Comment\",\"target\":[\"https:\/\/qrpoint.io\/blog\/dia-do-trabalho\/#respond\"]}]},{\"@type\":\"WebPage\",\"@id\":\"https:\/\/qrpoint.io\/blog\/dia-do-trabalho\/\",\"url\":\"https:\/\/qrpoint.io\/blog\/dia-do-trabalho\/\",\"name\":\"Dia do trabalho: Saiba tudo sobre o bem-estar e autonomia do colaborador\",\"isPartOf\":{\"@id\":\"https:\/\/qrpoint.io\/blog\/#website\"},\"datePublished\":\"2022-05-01T11:53:35+00:00\",\"dateModified\":\"2022-05-01T11:53:35+00:00\",\"description\":\"Dia do trabalho: Conhe\u00e7a sua origem e saiba como andam as novas discuss\u00f5es sobre o trabalho e a qualidade de vida dos colaboradores nas organiza\u00e7\u00f5es.\",\"breadcrumb\":{\"@id\":\"https:\/\/qrpoint.io\/blog\/dia-do-trabalho\/#breadcrumb\"},\"inLanguage\":\"pt-BR\",\"potentialAction\":[{\"@type\":\"ReadAction\",\"target\":[\"https:\/\/qrpoint.io\/blog\/dia-do-trabalho\/\"]}]},{\"@type\":\"BreadcrumbList\",\"@id\":\"https:\/\/qrpoint.io\/blog\/dia-do-trabalho\/#breadcrumb\",\"itemListElement\":[{\"@type\":\"ListItem\",\"position\":1,\"name\":\"Home\",\"item\":\"https:\/\/qrpoint.io\/blog\/\"},{\"@type\":\"ListItem\",\"position\":2,\"name\":\"Dia do trabalho: Saiba tudo sobre o bem-estar e autonomia do colaborador!\"}]},{\"@type\":\"WebSite\",\"@id\":\"https:\/\/qrpoint.io\/blog\/#website\",\"url\":\"https:\/\/qrpoint.io\/blog\/\",\"name\":\"QRpoint\",\"description\":\"Melhor Sistema de Controle de Ponto do Brasil! Tecnologia de RH capaz de simplificar os processos do RH da sua empresa! Confira!\",\"publisher\":{\"@id\":\"https:\/\/qrpoint.io\/blog\/#organization\"},\"potentialAction\":[{\"@type\":\"SearchAction\",\"target\":{\"@type\":\"EntryPoint\",\"urlTemplate\":\"https:\/\/qrpoint.io\/blog\/?s={search_term_string}\"},\"query-input\":\"required name=search_term_string\"}],\"inLanguage\":\"pt-BR\"},{\"@type\":\"Organization\",\"@id\":\"https:\/\/qrpoint.io\/blog\/#organization\",\"name\":\"QRpoint\",\"url\":\"https:\/\/qrpoint.io\/blog\/\",\"logo\":{\"@type\":\"ImageObject\",\"inLanguage\":\"pt-BR\",\"@id\":\"https:\/\/qrpoint.io\/blog\/#\/schema\/logo\/image\/\",\"url\":\"https:\/\/qrpoint.io\/wp-content\/uploads\/2022\/09\/Twitter-avatar-100x100-1.png\",\"contentUrl\":\"https:\/\/qrpoint.io\/wp-content\/uploads\/2022\/09\/Twitter-avatar-100x100-1.png\",\"width\":100,\"height\":100,\"caption\":\"QRpoint\"},\"image\":{\"@id\":\"https:\/\/qrpoint.io\/blog\/#\/schema\/logo\/image\/\"},\"sameAs\":[\"https:\/\/pt-br.facebook.com\/qrpoint\/\",\"https:\/\/www.instagram.com\/qrpoint\/\"]},{\"@type\":\"Person\",\"@id\":\"https:\/\/qrpoint.io\/blog\/#\/schema\/person\/1b55fd3e196634cabac540e7809e000a\",\"name\":\"Fernanda Moreira\",\"image\":{\"@type\":\"ImageObject\",\"inLanguage\":\"pt-BR\",\"@id\":\"https:\/\/qrpoint.io\/blog\/#\/schema\/person\/image\/\",\"url\":\"https:\/\/secure.gravatar.com\/avatar\/?s=96&d=mm&r=g\",\"contentUrl\":\"https:\/\/secure.gravatar.com\/avatar\/?s=96&d=mm&r=g\",\"caption\":\"Fernanda Moreira\"},\"url\":\"https:\/\/qrpoint.io\/blog\/author\/fernanda-moreira\/\"}]}<\/script>\n<!-- \/ Yoast SEO Premium plugin. -->","yoast_head_json":{"title":"Dia do trabalho: Saiba tudo sobre o bem-estar e autonomia do colaborador","description":"Dia do trabalho: Conhe\u00e7a sua origem e saiba como andam as novas discuss\u00f5es sobre o trabalho e a qualidade de vida dos colaboradores nas organiza\u00e7\u00f5es.","robots":{"index":"index","follow":"follow","max-snippet":"max-snippet:-1","max-image-preview":"max-image-preview:large","max-video-preview":"max-video-preview:-1"},"canonical":"https:\/\/qrpoint.io\/blog\/dia-do-trabalho\/","og_locale":"pt_BR","og_type":"article","og_title":"Dia do trabalho: Saiba tudo sobre o bem-estar e autonomia do colaborador!","og_description":"Dia do trabalho: Conhe\u00e7a sua origem e saiba como andam as novas discuss\u00f5es sobre o trabalho e a qualidade de vida dos colaboradores nas organiza\u00e7\u00f5es.","og_url":"https:\/\/qrpoint.io\/blog\/dia-do-trabalho\/","og_site_name":"QRpoint","article_publisher":"https:\/\/pt-br.facebook.com\/qrpoint\/","article_published_time":"2022-05-01T11:53:35+00:00","author":"Fernanda Moreira","twitter_card":"summary_large_image","twitter_misc":{"Escrito por":"Fernanda Moreira","Est. tempo de leitura":"13 minutos"},"schema":{"@context":"https:\/\/schema.org","@graph":[{"@type":"Article","@id":"https:\/\/qrpoint.io\/blog\/dia-do-trabalho\/#article","isPartOf":{"@id":"https:\/\/qrpoint.io\/blog\/dia-do-trabalho\/"},"author":{"name":"Fernanda Moreira","@id":"https:\/\/qrpoint.io\/blog\/#\/schema\/person\/1b55fd3e196634cabac540e7809e000a"},"headline":"Dia do trabalho: Saiba tudo sobre o bem-estar e autonomia do colaborador!","datePublished":"2022-05-01T11:53:35+00:00","dateModified":"2022-05-01T11:53:35+00:00","mainEntityOfPage":{"@id":"https:\/\/qrpoint.io\/blog\/dia-do-trabalho\/"},"wordCount":2606,"commentCount":0,"publisher":{"@id":"https:\/\/qrpoint.io\/blog\/#organization"},"keywords":["dia do trabalho","gest\u00e3o de pessoas","qualidade de vida"],"articleSection":["Gest\u00e3o de Pessoas","Legisla\u00e7\u00e3o","Not\u00edcias"],"inLanguage":"pt-BR","potentialAction":[{"@type":"CommentAction","name":"Comment","target":["https:\/\/qrpoint.io\/blog\/dia-do-trabalho\/#respond"]}]},{"@type":"WebPage","@id":"https:\/\/qrpoint.io\/blog\/dia-do-trabalho\/","url":"https:\/\/qrpoint.io\/blog\/dia-do-trabalho\/","name":"Dia do trabalho: Saiba tudo sobre o bem-estar e autonomia do colaborador","isPartOf":{"@id":"https:\/\/qrpoint.io\/blog\/#website"},"datePublished":"2022-05-01T11:53:35+00:00","dateModified":"2022-05-01T11:53:35+00:00","description":"Dia do trabalho: Conhe\u00e7a sua origem e saiba como andam as novas discuss\u00f5es sobre o trabalho e a qualidade de vida dos colaboradores nas organiza\u00e7\u00f5es.","breadcrumb":{"@id":"https:\/\/qrpoint.io\/blog\/dia-do-trabalho\/#breadcrumb"},"inLanguage":"pt-BR","potentialAction":[{"@type":"ReadAction","target":["https:\/\/qrpoint.io\/blog\/dia-do-trabalho\/"]}]},{"@type":"BreadcrumbList","@id":"https:\/\/qrpoint.io\/blog\/dia-do-trabalho\/#breadcrumb","itemListElement":[{"@type":"ListItem","position":1,"name":"Home","item":"https:\/\/qrpoint.io\/blog\/"},{"@type":"ListItem","position":2,"name":"Dia do trabalho: Saiba tudo sobre o bem-estar e autonomia do colaborador!"}]},{"@type":"WebSite","@id":"https:\/\/qrpoint.io\/blog\/#website","url":"https:\/\/qrpoint.io\/blog\/","name":"QRpoint","description":"Melhor Sistema de Controle de Ponto do Brasil! Tecnologia de RH capaz de simplificar os processos do RH da sua empresa! Confira!","publisher":{"@id":"https:\/\/qrpoint.io\/blog\/#organization"},"potentialAction":[{"@type":"SearchAction","target":{"@type":"EntryPoint","urlTemplate":"https:\/\/qrpoint.io\/blog\/?s={search_term_string}"},"query-input":"required name=search_term_string"}],"inLanguage":"pt-BR"},{"@type":"Organization","@id":"https:\/\/qrpoint.io\/blog\/#organization","name":"QRpoint","url":"https:\/\/qrpoint.io\/blog\/","logo":{"@type":"ImageObject","inLanguage":"pt-BR","@id":"https:\/\/qrpoint.io\/blog\/#\/schema\/logo\/image\/","url":"https:\/\/qrpoint.io\/wp-content\/uploads\/2022\/09\/Twitter-avatar-100x100-1.png","contentUrl":"https:\/\/qrpoint.io\/wp-content\/uploads\/2022\/09\/Twitter-avatar-100x100-1.png","width":100,"height":100,"caption":"QRpoint"},"image":{"@id":"https:\/\/qrpoint.io\/blog\/#\/schema\/logo\/image\/"},"sameAs":["https:\/\/pt-br.facebook.com\/qrpoint\/","https:\/\/www.instagram.com\/qrpoint\/"]},{"@type":"Person","@id":"https:\/\/qrpoint.io\/blog\/#\/schema\/person\/1b55fd3e196634cabac540e7809e000a","name":"Fernanda Moreira","image":{"@type":"ImageObject","inLanguage":"pt-BR","@id":"https:\/\/qrpoint.io\/blog\/#\/schema\/person\/image\/","url":"https:\/\/secure.gravatar.com\/avatar\/?s=96&d=mm&r=g","contentUrl":"https:\/\/secure.gravatar.com\/avatar\/?s=96&d=mm&r=g","caption":"Fernanda Moreira"},"url":"https:\/\/qrpoint.io\/blog\/author\/fernanda-moreira\/"}]}},"_links":{"self":[{"href":"https:\/\/qrpoint.io\/blog\/wp-json\/wp\/v2\/posts\/4922","targetHints":{"allow":["GET"]}}],"collection":[{"href":"https:\/\/qrpoint.io\/blog\/wp-json\/wp\/v2\/posts"}],"about":[{"href":"https:\/\/qrpoint.io\/blog\/wp-json\/wp\/v2\/types\/post"}],"author":[{"embeddable":true,"href":"https:\/\/qrpoint.io\/blog\/wp-json\/wp\/v2\/users\/4"}],"replies":[{"embeddable":true,"href":"https:\/\/qrpoint.io\/blog\/wp-json\/wp\/v2\/comments?post=4922"}],"version-history":[{"count":0,"href":"https:\/\/qrpoint.io\/blog\/wp-json\/wp\/v2\/posts\/4922\/revisions"}],"wp:featuredmedia":[{"embeddable":true,"href":"https:\/\/qrpoint.io\/blog\/wp-json\/"}],"wp:attachment":[{"href":"https:\/\/qrpoint.io\/blog\/wp-json\/wp\/v2\/media?parent=4922"}],"wp:term":[{"taxonomy":"category","embeddable":true,"href":"https:\/\/qrpoint.io\/blog\/wp-json\/wp\/v2\/categories?post=4922"},{"taxonomy":"post_tag","embeddable":true,"href":"https:\/\/qrpoint.io\/blog\/wp-json\/wp\/v2\/tags?post=4922"}],"curies":[{"name":"wp","href":"https:\/\/api.w.org\/{rel}","templated":true}]}}