{"id":5185,"date":"2022-05-26T09:34:38","date_gmt":"2022-05-26T12:34:38","guid":{"rendered":"https:\/\/qrpoint.io\/?p=5185"},"modified":"2022-09-06T13:47:09","modified_gmt":"2022-09-06T16:47:09","slug":"mei","status":"publish","type":"post","link":"https:\/\/qrpoint.io\/blog\/mei\/","title":{"rendered":"MEI: Entenda como funciona e quais s\u00e3o seus benef\u00edcios!"},"content":{"rendered":"\r\n<p>Sabemos que trabalhar por conta pr\u00f3pria, por mais desafiador que seja, \u00e9 muito comum no Brasil, por isso, o MEI surgiu como um grande aliado aos que possuem um empreendimento.\u00a0<\/p>\r\n\r\n\r\n\r\n<p>Dito isto, existem dois tipos de empreendedores:\u00a0<\/p>\r\n\r\n\r\n\r\n<ul class=\"wp-block-list\">\r\n<li>Os empreendedores de oportunidade;<\/li>\r\n<li>Os empreendedores de necessidade.\u00a0<\/li>\r\n<\/ul>\r\n\r\n\r\n\r\n<p>Voc\u00ea j\u00e1 deve imaginar quais s\u00e3o as diferen\u00e7as entre eles, entretanto vamos voltar ao assunto ao longo do texto.\u00a0<\/p>\r\n\r\n\r\n\r\n<p>Portanto, seja qual for, o MEI serve exatamente como um facilitador deste processo para ambos os tipos de empreendedores. Ele contribui com o crescimento e desenvolvimento de qualquer empresa que est\u00e1 iniciando as atividades.\u00a0<\/p>\r\n\r\n\r\n\r\n<p>Desse modo, leia o conte\u00fado completo e entenda tudo sobre este programa. Confira:\u00a0<\/p>\r\n\r\n\r\n\r\n<ul class=\"wp-block-list\">\r\n<li><strong>O que \u00e9 MEI?\u00a0<\/strong><\/li>\r\n<li><strong>Como abrir um MEI?\u00a0<\/strong><\/li>\r\n<li><strong>Quem pode ser um MEI?\u00a0<\/strong><\/li>\r\n<li><strong>Quais s\u00e3o as atividades permitidas para um MEI?\u00a0<\/strong><\/li>\r\n<li><strong>Quais s\u00e3o os direitos do MEI?<\/strong><\/li>\r\n<li><strong>Como \u00e9 realizada a contribui\u00e7\u00e3o do INSS para o MEI?\u00a0<\/strong><\/li>\r\n<li><strong>Quais s\u00e3o os benef\u00edcios do INSS para o MEI?\u00a0<\/strong><\/li>\r\n<li><strong>O que mudou com a Reforma Previdenci\u00e1ria?\u00a0<\/strong><\/li>\r\n<li><strong>Quais s\u00e3o os valores do DAS-MEI?\u00a0<\/strong><\/li>\r\n<\/ul>\r\n\r\n\r\n\r\n<p>Vamos l\u00e1?\u00a0<\/p>\r\n\r\n\r\n\r\n<figure class=\"wp-block-image is-resized\"><img loading=\"lazy\" decoding=\"async\" class=\"alignnone size-full wp-image-7134\" src=\"https:\/\/qrpoint.com.br\/wp-content\/uploads\/2022\/05\/MEI-768x512-1.jpg\" alt=\"MEI\" width=\"768\" height=\"512\" srcset=\"https:\/\/qrpoint.io\/blog\/wp-content\/uploads\/2022\/05\/MEI-768x512-1.jpg 768w, https:\/\/qrpoint.io\/blog\/wp-content\/uploads\/2022\/05\/MEI-768x512-1-600x400.jpg 600w, https:\/\/qrpoint.io\/blog\/wp-content\/uploads\/2022\/05\/MEI-768x512-1-300x200.jpg 300w\" sizes=\"auto, (max-width: 768px) 100vw, 768px\" \/><\/figure>\r\n\r\n\r\n\r\n<h2 class=\"wp-block-heading\"><strong>O que \u00e9 MEI?\u00a0<\/strong><\/h2>\r\n\r\n\r\n\r\n<p>O MEI nada mais \u00e9 do que o programa de microempreendedor individual e \u00e9 aquele em que atende os profissionais aut\u00f4nomos que trabalham por conta pr\u00f3pria. Ou seja, em qualquer segmento de atua\u00e7\u00e3o esse profissional passar\u00e1 a ser pessoa jur\u00eddica.\u00a0<\/p>\r\n\r\n\r\n\r\n<p>Aderindo ao MEI, o profissional aut\u00f4nomo consegue formalizar o seu trabalho, que antes era informal. Isso porque o MEI pode garantir ao indiv\u00edduo direitos que antes eram permitidos apenas para quem possui CNPJ, tais como:\u00a0<\/p>\r\n\r\n\r\n\r\n<ul class=\"wp-block-list\">\r\n<li>Emiss\u00e3o de notas fiscais;<\/li>\r\n<li>Pedidos de empr\u00e9stimos para pessoa jur\u00eddica;<\/li>\r\n<li>Entre outras atividades.\u00a0<\/li>\r\n<\/ul>\r\n\r\n\r\n\r\n<p>Desse modo, \u00e9 necess\u00e1rio possuir algumas caracter\u00edsticas para abrir o seu pr\u00f3prio MEI, mas no t\u00f3pico a seguir vamos te contar tudo sobre isso.\u00a0<\/p>\r\n\r\n\r\n\r\n<h2 class=\"wp-block-heading\"><strong>Como abrir um MEI?\u00a0<\/strong><\/h2>\r\n\r\n\r\n\r\n<p>Bom, realizar o cadastro de MEI n\u00e3o \u00e9 um processo complicado. Ele pode ser feito pela internet, al\u00e9m de n\u00e3o ter nenhuma taxa de inscri\u00e7\u00e3o.\u00a0<\/p>\r\n\r\n\r\n\r\n<p>Por isso, vamos te contar todos os passos que voc\u00ea precisa saber para realizar o seu pr\u00f3prio MEI, veja:\u00a0<\/p>\r\n\r\n\r\n\r\n<p>1. Em primeiro lugar \u00e9 necess\u00e1rio consultar a prefeitura do seu munic\u00edpio e averiguar se existe alguma autoriza\u00e7\u00e3o para a atividade do seu neg\u00f3cio. Isso porque essa libera\u00e7\u00e3o varia de regi\u00e3o para regi\u00e3o. Em S\u00e3o Paulo o servi\u00e7o de motot\u00e1xi \u00e9 proibido, por exemplo.\u00a0<\/p>\r\n\r\n\r\n\r\n<p>2. Aqui, voc\u00ea precisar\u00e1 dos seu documentos e outras informa\u00e7\u00f5es tamb\u00e9m relevantes. confira:\u00a0<\/p>\r\n\r\n\r\n\r\n<ul class=\"wp-block-list\">\r\n<li>RG;<\/li>\r\n<li>T\u00edtulo de eleitor;<\/li>\r\n<li>Declara\u00e7\u00e3o de imposto de renda;<\/li>\r\n<li>Dados de contato;<\/li>\r\n<li>Endere\u00e7o residencial\u00a0<\/li>\r\n<\/ul>\r\n\r\n\r\n\r\n<p>3, Acesse o portal de servi\u00e7os do Governo Federal e realize o seu cadastro. Caso j\u00e1 o tenha, basta informar o seu CPF e a senha de cadastro.\u00a0<\/p>\r\n\r\n\r\n\r\n<p>4. Por \u00faltimo, acesse o portal do empreendedor e clique na op\u00e7\u00e3o \u201cFormalize-se\u201d. Nessa etapa ser\u00e1 solicitado o login do seu cadastro, ap\u00f3s entrar na plataforma, basta preencher as informa\u00e7\u00f5es do seu neg\u00f3cio e aceitar os termos e pol\u00edticas do MEI. PRONTO!\u00a0<\/p>\r\n\r\n\r\n\r\n<h2 class=\"wp-block-heading\"><strong>Quem pode ser um MEI?\u00a0<\/strong><\/h2>\r\n\r\n\r\n\r\n<p>Agora, se voc\u00ea tem interesse em se tornar MEI mas n\u00e3o sabe como, n\u00f3s vamos te contar! Antes de mais nada, para se enquadrar neste perfil \u00e9 necess\u00e1rio atender alguns requisitos, veja:\u00a0<\/p>\r\n\r\n\r\n\r\n<ul class=\"wp-block-list\">\r\n<li>Idade m\u00ednima de 18 anos;<\/li>\r\n<li>N\u00e3o possuir nenhuma sociedade e participa\u00e7\u00e3o em outra empresa;<\/li>\r\n<li>O faturamento precisa ser de at\u00e9 R$6.750,00 mensal ou de at\u00e9 R$81.000,00 ao ano.\u00a0<\/li>\r\n<\/ul>\r\n\r\n\r\n\r\n<p>Entretanto, vale ressaltar que como o MEI n\u00e3o pode aderir a outras sociedades, n\u00e3o existe um contrato social. Neste caso, ent\u00e3o, o neg\u00f3cio pode ter apenas um dono.\u00a0<\/p>\r\n\r\n\r\n\r\n<p>Outras caracter\u00edsticas que tamb\u00e9m n\u00e3o podem aderir ao MEI, s\u00e3o os pensionistas, servidores p\u00fablicos federais em atividade e estrangeiros com vistos provis\u00f3rios.\u00a0<\/p>\r\n\r\n\r\n\r\n<p>Al\u00e9m disso, os servidores tanto estaduais quanto municipais precisam averiguar como funcionam as regras do seu estado ou munic\u00edpio, respectivamente.\u00a0<\/p>\r\n\r\n\r\n\r\n<h2 class=\"wp-block-heading\"><strong>Quais s\u00e3o as atividades permitidas para um MEI?\u00a0<\/strong><\/h2>\r\n\r\n\r\n\r\n<p>Na verdade, s\u00e3o centenas de atividades permitidas no MEI, mas hoje vamos te mostrar apenas algumas delas. confira a seguir:\u00a0<\/p>\r\n\r\n\r\n\r\n<ul class=\"wp-block-list\">\r\n<li>Manicure e pedicure;<\/li>\r\n<li>Cabeleireiro;<\/li>\r\n<li>Com\u00e9rcio varejista de artigos para vestu\u00e1rio;<\/li>\r\n<li>Promo\u00e7\u00e3o de vendas;<\/li>\r\n<li>Lanchonetes;<\/li>\r\n<li>Instala\u00e7\u00e3o e manuten\u00e7\u00e3o el\u00e9trica;<\/li>\r\n<li>Atividade de est\u00e9tica e outros cuidados\u00a0<\/li>\r\n<li>Entre outras atividades<\/li>\r\n<\/ul>\r\n\r\n\r\n\r\n<p><a href=\"https:\/\/www.contabilizei.com.br\/contabilidade-online\/atividades-mei-tabela\/\">Aqui<\/a> voc\u00ea pode conferir a tabela do MEI completa.\u00a0<\/p>\r\n\r\n\r\n\r\n<p>Desse modo, \u00e9 v\u00e1lido se atentar \u00e0s regras: O que \u00e9 permitido ou n\u00e3o \u00e9 a atividade e n\u00e3o o profissional. Ou seja, se um engenheiro quiser abrir um MEI para vender salgados n\u00e3o h\u00e1 nenhum impedimento.\u00a0<\/p>\r\n\r\n\r\n\r\n<h2 class=\"wp-block-heading\"><strong>Quais s\u00e3o os direitos do MEI?<\/strong><\/h2>\r\n\r\n\r\n\r\n<p>Uma grande vantagem ao se tornar MEI \u00e9 justamente o trabalhador que antes era informal, passar a ter direito a uma s\u00e9rie de benef\u00edcios. Esses direitos s\u00e3o tanto previdenci\u00e1rios quanto a obten\u00e7\u00e3o de um CNPJ. Veja a seguir as especifica\u00e7\u00f5es:\u00a0<\/p>\r\n\r\n\r\n\r\n<h3 class=\"wp-block-heading\"><strong>Benef\u00edcios Previdenci\u00e1rios<\/strong><\/h3>\r\n\r\n\r\n\r\n<ul class=\"wp-block-list\">\r\n<li>Aposentadoria por idade ou invalidez;<\/li>\r\n<li>Aux\u00edlio-doen\u00e7a;<\/li>\r\n<li>Sal\u00e1rio maternidade;<\/li>\r\n<li>Pens\u00e3o por morte ou reclus\u00e3o.\u00a0<\/li>\r\n<\/ul>\r\n\r\n\r\n\r\n<h3 class=\"wp-block-heading\"><strong>Benef\u00edcios de um CNPJ<\/strong><\/h3>\r\n\r\n\r\n\r\n<ul class=\"wp-block-list\">\r\n<li>Facilidade no momento de abertura da empresa;<\/li>\r\n<li>Dispensa de alvar\u00e1 ou licen\u00e7a;<\/li>\r\n<li>Baixo custo para manter a empresa dentro da legalidade;<\/li>\r\n<li>Acesso f\u00e1cil a cr\u00e9ditos banc\u00e1rios;<\/li>\r\n<li>Declara\u00e7\u00e3o de renda simplificada;<\/li>\r\n<li>Permiss\u00e3o para emitir nota fiscal;<\/li>\r\n<li>Entre outros benef\u00edcios.\u00a0<\/li>\r\n<\/ul>\r\n\r\n\r\n\r\n<p>Mas se voc\u00ea ainda tem alguma d\u00favida sobre como o MEI contribui com o INSS, n\u00e3o perca o restante do conte\u00fado que te contaremos tudo sobre o assunto.\u00a0<\/p>\r\n\r\n\r\n\r\n<h2 class=\"wp-block-heading\"><strong>Como \u00e9 realizada a contribui\u00e7\u00e3o do INSS para o MEI?\u00a0<\/strong><\/h2>\r\n\r\n\r\n\r\n<p>A contribui\u00e7\u00e3o do INSS \u00e9 feita por meio da DAS. Para quem n\u00e3o sabe \u00e9 a abrevia\u00e7\u00e3o de Documento de Arrecada\u00e7\u00e3o do Simples Nacional. \u00c9 nele, por exemplo, que est\u00e3o inclu\u00eddos os valores relativos a alguns impostos, tais como:\u00a0<\/p>\r\n\r\n\r\n\r\n<ul class=\"wp-block-list\">\r\n<li>INSS;<\/li>\r\n<li>ICMS;<\/li>\r\n<li>ISS.<\/li>\r\n<\/ul>\r\n\r\n\r\n\r\n<p>Esses valores s\u00e3o mensais, em 2021 eles ficaram entre R$56 e R$61, sendo assim, a varia\u00e7\u00e3o dependia, por exemplo, do tipo de servi\u00e7o ou atividade exercida.\u00a0<\/p>\r\n\r\n\r\n\r\n<h2 class=\"wp-block-heading\"><strong>Quais s\u00e3o os benef\u00edcios do INSS para o MEI?\u00a0<\/strong><\/h2>\r\n\r\n\r\n\r\n<p>O que voc\u00ea pode n\u00e3o saber \u00e9 que existem benef\u00edcios do INSS para os indiv\u00edduos MEI. Mesmo existindo algumas limita\u00e7\u00f5es, pois a al\u00edquota \u00e9 reduzida, vamos te explicar tudo o que um MEI tem direito. Veja s\u00f3:\u00a0<\/p>\r\n\r\n\r\n\r\n<h3 class=\"wp-block-heading\"><strong>Aposentadoria por idade<\/strong><\/h3>\r\n\r\n\r\n\r\n<p>Para os profissionais que cumprirem o requisito de idade m\u00ednima e a car\u00eancia prevista na lei trabalhista \u00e9 poss\u00edvel requerer o benef\u00edcio. Para isso, entenda as caracter\u00edsticas citadas:\u00a0<\/p>\r\n\r\n\r\n\r\n<ul class=\"wp-block-list\">\r\n<li>Idade m\u00ednima de 65 anos para homens;\u00a0<\/li>\r\n<li>Idade m\u00ednima de 62 anos mulheres;<\/li>\r\n<li>180 contribui\u00e7\u00f5es para o INSS (15 anos).<\/li>\r\n<\/ul>\r\n\r\n\r\n\r\n<p>Outro ponto fundamental para a aposentadoria de um MEI, \u00e9 mesmo ele deixando de pagar por um per\u00edodo determinado, para a car\u00eancia o tempo pago continuar\u00e1 contando.\u00a0<\/p>\r\n\r\n\r\n\r\n<h3 class=\"wp-block-heading\"><strong>Aux\u00edlio doen\u00e7a e aposentadoria por invalidez\u00a0<\/strong><\/h3>\r\n\r\n\r\n\r\n<p>O INSS possui um benef\u00edcio para os segurados que ficaram incapazes de exercer suas fun\u00e7\u00f5es por um tempo determinado, devido a uma doen\u00e7a: O aux\u00edlio-doen\u00e7a.\u00a0<\/p>\r\n\r\n\r\n\r\n<p>Ele tem como princ\u00edpio garantir uma renda para o indiv\u00edduo, durante o seu per\u00edodo de recupera\u00e7\u00e3o. Desse modo, o MEI tamb\u00e9m tem direito a esse benef\u00edcio, desde que tenha cumprido um per\u00edodo de car\u00eancia equivalente a 12 meses de contribui\u00e7\u00e3o.\u00a0<\/p>\r\n\r\n\r\n\r\n<p>Entretanto, esse requisito pode ser dispensado caso o profissional realize um requerimento em situa\u00e7\u00e3o de acidente ou doen\u00e7as espec\u00edficas, prevista na legisla\u00e7\u00e3o. Al\u00e9m disso, \u00e9 preciso passar por uma per\u00edcia m\u00e9dica, avaliando a necessidade de um poss\u00edvel afastamento.\u00a0<\/p>\r\n\r\n\r\n\r\n<p>Vale lembrar que nos casos de incapacidade permanente, o MEI ter\u00e1 a chance de se aposentar por invalidez. Nesse caso, o INSS pode fazer convoca\u00e7\u00f5es ao indiv\u00edduo a cada dois para averiguar como anda a recupera\u00e7\u00e3o e reabilita\u00e7\u00e3o do profissional.\u00a0<\/p>\r\n\r\n\r\n\r\n<h3 class=\"wp-block-heading\"><strong>Sal\u00e1rio maternidade<\/strong><\/h3>\r\n\r\n\r\n\r\n<p>Para o MEI que cumprir a car\u00eancia de 10 meses de contribui\u00e7\u00e3o, \u00e9 poss\u00edvel garantir o sal\u00e1rio-maternidade, em caso de ado\u00e7\u00e3o ou parto. Esse benef\u00edcio pode chegar a quatro meses, equivalente a 120 dias.\u00a0<\/p>\r\n\r\n\r\n\r\n<p>Vale ressaltar que em casos de abordo, o benef\u00edcio tamb\u00e9m poder\u00e1 ser concedido, entretanto, o prazo ser\u00e1 somente de 14 dias de licen\u00e7a.\u00a0<\/p>\r\n\r\n\r\n\r\n<p>\u00c9 muito importante que o MEI se atente aos prazos, veja como eles s\u00e3o estabelecidos a seguir:\u00a0<\/p>\r\n\r\n\r\n\r\n<ul class=\"wp-block-list\">\r\n<li>Para as gr\u00e1vidas, at\u00e9 28 dias antes do parto;<\/li>\r\n<li>Para ado\u00e7\u00e3o, \u00e9 v\u00e1lido a partir do termo de guarda judicial ou da nova expedi\u00e7\u00e3o de certid\u00e3o de nascimento da crian\u00e7a.\u00a0<\/li>\r\n<\/ul>\r\n\r\n\r\n\r\n<p>Nesse caso, o benef\u00edcio tamb\u00e9m pode ser estendido aos homens, mas existem requisitos tamb\u00e9m:\u00a0<\/p>\r\n\r\n\r\n\r\n<ul class=\"wp-block-list\">\r\n<li>Ado\u00e7\u00e3o unilateral;<\/li>\r\n<li>Ado\u00e7\u00e3o homoafetiva;<\/li>\r\n<li>Em caso de falecimento da m\u00e3e no momento do parto.\u00a0<\/li>\r\n<\/ul>\r\n\r\n\r\n\r\n<p>No \u00faltimo requisito citado, o pai da crian\u00e7a tem direito a requerer judicialmente o benef\u00edcio-maternidade destinado \u00e0s mulheres, caso ele tenha cumprido todos os pontos que a legisla\u00e7\u00e3o pede.\u00a0<\/p>\r\n\r\n\r\n\r\n<h3 class=\"wp-block-heading\"><strong>Pens\u00e3o por morte e aux\u00edlio reclus\u00e3o<\/strong><\/h3>\r\n\r\n\r\n\r\n<p>Esse tipo de benef\u00edcio \u00e9 pago aos dependentes do MEI por um per\u00edodo determinado e que pode variar de acordo com as condi\u00e7\u00f5es espec\u00edficas, com dura\u00e7\u00e3o m\u00ednima de quatro meses.<\/p>\r\n\r\n\r\n\r\n<p>A pens\u00e3o por morte n\u00e3o exige uma car\u00eancia m\u00ednima, entretanto, no aux\u00edlio reclus\u00e3o \u00e9 requerido o m\u00ednimo de 24 contribui\u00e7\u00f5es.\u00a0<\/p>\r\n\r\n\r\n\r\n<h2 class=\"wp-block-heading\"><strong>O que mudou com a Reforma Previdenci\u00e1ria?\u00a0<\/strong><\/h2>\r\n\r\n\r\n\r\n<p>A reforma previdenci\u00e1ria trouxe algumas mudan\u00e7as em diversos setores de trabalho. Desse modo, as novas regras para o MEI, mesmo que n\u00e3o trouxeram mudan\u00e7as para os direitos desses profissionais, impactaram em outros \u00e2mbitos, tais como:\u00a0<\/p>\r\n\r\n\r\n\r\n<ul class=\"wp-block-list\">\r\n<li>Valor pago pelo INSS para o benefici\u00e1rio;<\/li>\r\n<li>Requisitos exigidos para o direito aos benef\u00edcios.<\/li>\r\n<\/ul>\r\n\r\n\r\n\r\n<p>Abaixo, vamos te contar com mais detalhes tudo sobre o assunto, acompanhe:\u00a0<\/p>\r\n\r\n\r\n\r\n<h3 class=\"wp-block-heading\"><strong>Idade para aposentadoria\u00a0<\/strong><\/h3>\r\n\r\n\r\n\r\n<p>Para entender melhor, na regra anterior as mulheres precisavam de apenas 60 anos para cumprir os requisitos de aposentadoria por idade, depois da reforma, passou a ser 62 anos, enquanto os homens precisam cumprir 65 anos.\u00a0<\/p>\r\n\r\n\r\n\r\n<p>Para a car\u00eancia, n\u00e3o existem mudan\u00e7as para quem j\u00e1 era contribuinte antes da reforma trabalhista. Entretanto, para os homens que se filiaram ap\u00f3s esse acontecimento precisaram cumprir 20 anos de recolhimento.\u00a0<\/p>\r\n\r\n\r\n\r\n<h3 class=\"wp-block-heading\"><strong>Valor de benef\u00edcios\u00a0<\/strong><\/h3>\r\n\r\n\r\n\r\n<p>Para o c\u00e1lculo dos valores do benef\u00edcio houve altera\u00e7\u00f5es. Agora \u00e9 considerado todas as contribui\u00e7\u00f5es realizadas, al\u00e9m do valor inicial da aposentadoria ser de 60% com acr\u00e9scimo de 2% ao ano.\u00a0<\/p>\r\n\r\n\r\n\r\n<p>Nesse caso, \u00e9 apenas para os contribuintes que ultrapassam a car\u00eancia de 15 anos para as mulheres e 20 anos para os homens.\u00a0<\/p>\r\n\r\n\r\n\r\n<p>Para os MEI, os benef\u00edcios continuam equivalentes ao sal\u00e1rio m\u00ednimo, com exce\u00e7\u00e3o dos casos que houverem contribui\u00e7\u00f5es de mais atividades. Ou seja, os impactos das novas regras n\u00e3o atingiram tanto esses profissionais.\u00a0<\/p>\r\n\r\n\r\n\r\n<h2 class=\"wp-block-heading\"><strong>Quais s\u00e3o os valores do DAS-MEI?\u00a0<\/strong><\/h2>\r\n\r\n\r\n\r\n<p>Antes de mais nada, \u00e9 fundamental que voc\u00ea saiba que o valor do DAS-MEI est\u00e1 atrelado ao sal\u00e1rio m\u00ednimo. Por isso, a partir do reajuste do sal\u00e1rio de 2022, a guia de contribui\u00e7\u00e3o sofreu uma altera\u00e7\u00e3o de 10,18%. O que corresponde a R$60,60.\u00a0<\/p>\r\n\r\n\r\n\r\n<p>Neste caso,\u00a0 os valores ser\u00e3o calculados da seguinte forma:\u00a0<\/p>\r\n\r\n\r\n\r\n<ul class=\"wp-block-list\">\r\n<li>Os contribuintes que exercem atividades relacionadas ao segmento de servi\u00e7os, pagar\u00e3o R$5 a mais ao ISS.\u00a0<\/li>\r\n<li>Os trabalhadores de ind\u00fastria ou com\u00e9rcio, pagar\u00e3o R$1 a mais ao ICMS.\u00a0<\/li>\r\n<\/ul>\r\n\r\n\r\n\r\n<p>Vale lembrar que esse reajuste come\u00e7ou a valer para os boletos emitidos a partir de fevereiro deste ano. Ou seja, o valor devido at\u00e9 janeiro de 2022 ainda permanece o de R$55.\u00a0<\/p>\r\n\r\n\r\n\r\n<h2 class=\"wp-block-heading\"><strong>Como o QRPoint pode contribuir para a sua empresa?<\/strong><\/h2>\r\n\r\n\r\n\r\n<p>Agora voc\u00ea sabe tudo o que precisa para abri o seu MEI, n\u00e3o \u00e9 mesmo? E para facilitar ainda mais o controle da sua pr\u00f3pria empresa, a QRPoint pode te ajudar!<\/p>\r\n\r\n\r\n\r\n<p>Por isso, a QRPoint chegou para garantir que sua empresa siga todas as normas da legisla\u00e7\u00e3o, e para isso acontecer \u00e9 necess\u00e1rio um sistema de <a href=\"https:\/\/qrpoint.com.br\/blog\/controle-de-ponto-online2\/\" target=\"_blank\" rel=\"noreferrer noopener\" aria-label=\"controle (abre numa nova aba)\">controle<\/a> <a href=\"https:\/\/qrpoint.com.br\/blog\/controle-de-ponto-online2\/\" target=\"_blank\" rel=\"noreferrer noopener\" aria-label=\"de (abre numa nova aba)\">de<\/a> <a href=\"https:\/\/qrpoint.com.br\/blog\/controle-de-ponto-online2\/\" target=\"_blank\" rel=\"noreferrer noopener\" aria-label=\"ponto (abre numa nova aba)\">ponto<\/a> com muita qualidade!<\/p>\r\n\r\n\r\n\r\n<p>Dessa forma, garantimos que a <a href=\"https:\/\/qrpoint.com.br\/blog\/gestao-de-pessoas\/\" target=\"_blank\" rel=\"noreferrer noopener\" aria-label=\" (abre numa nova aba)\">equipe<\/a> <a href=\"https:\/\/qrpoint.com.br\/blog\/gestao-de-pessoas\/\" target=\"_blank\" rel=\"noreferrer noopener\" aria-label=\" (abre numa nova aba)\">de<\/a> <a href=\"https:\/\/qrpoint.com.br\/blog\/gestao-de-pessoas\/\" target=\"_blank\" rel=\"noreferrer noopener\" aria-label=\"RH (abre numa nova aba)\">RH<\/a> da sua empresa trabalhar\u00e1 primordialmente na <a href=\"https:\/\/qrpoint.com.br\/blog\/gestao-de-pessoas\/\" target=\"_blank\" rel=\"noreferrer noopener\" aria-label=\" (abre numa nova aba)\">gest\u00e3o<\/a> <a href=\"https:\/\/qrpoint.com.br\/blog\/gestao-de-pessoas\/\" target=\"_blank\" rel=\"noreferrer noopener\" aria-label=\" (abre numa nova aba)\">de<\/a> <a href=\"https:\/\/qrpoint.com.br\/blog\/gestao-de-pessoas\/\" target=\"_blank\" rel=\"noreferrer noopener\" aria-label=\"pessoas (abre numa nova aba)\">pessoas<\/a>, pois cuidar do bem estar dos seus colaboradores faz toda diferen\u00e7a no desenvolvimento e produtividade da rotina de trabalho.<\/p>\r\n\r\n\r\n\r\n<p>Isso s\u00f3 \u00e9 poss\u00edvel porque a QRPoint cuida de todos os processos para voc\u00ea, oferecendo diversas vantagens aos seus colaboradores, como a possibilidade do <a href=\"https:\/\/qrpoint.com.br\/blog\/controle-de-ponto-online2\/\" target=\"_blank\" rel=\"noreferrer noopener\" aria-label=\"controle (abre numa nova aba)\">controle<\/a> <a href=\"https:\/\/qrpoint.com.br\/blog\/controle-de-ponto-online2\/\" target=\"_blank\" rel=\"noreferrer noopener\" aria-label=\"de (abre numa nova aba)\">de<\/a> <a href=\"https:\/\/qrpoint.com.br\/blog\/controle-de-ponto-online2\/\" target=\"_blank\" rel=\"noreferrer noopener\" aria-label=\"ponto (abre numa nova aba)\">ponto<\/a> <a href=\"https:\/\/qrpoint.com.br\/blog\/controle-de-ponto-online2\/\" target=\"_blank\" rel=\"noreferrer noopener\" aria-label=\" (abre numa nova aba)\">online<\/a>. Al\u00e9m disso, garantimos que tudo aconte\u00e7a dentro do que a lei estabelece.\u00a0\u00a0<\/p>\r\n\r\n\r\n\r\n<p>No entanto, somos um software de <a href=\"https:\/\/qrpoint.com.br\/blog\/portaria-373\/\">controle de ponto online<\/a> que al\u00e9m de permitir o registro de ponto em qualquer localiza\u00e7\u00e3o, tamb\u00e9m colaboramos para que a sua empresa cumpra todas as responsabilidades trabalhistas.\u00a0<\/p>\r\n\r\n\r\n\r\n<p>\u00c9 poss\u00edvel que em nosso sistema de <a href=\"https:\/\/qrpoint.com.br\/blog\/controle-de-ponto-online2\/\" target=\"_blank\" rel=\"noreferrer noopener\" aria-label=\" (abre numa nova aba)\">controle<\/a> <a href=\"https:\/\/qrpoint.com.br\/blog\/controle-de-ponto-online2\/\" target=\"_blank\" rel=\"noreferrer noopener\" aria-label=\" (abre numa nova aba)\">de<\/a> <a href=\"https:\/\/qrpoint.com.br\/blog\/controle-de-ponto-online2\/\" target=\"_blank\" rel=\"noreferrer noopener\" aria-label=\"ponto (abre numa nova aba)\">ponto<\/a> sejam lan\u00e7adas as informa\u00e7\u00f5es sobre faltas, saldos negativos de horas trabalhadas, e at\u00e9 mesmo as horas extras de seus funcion\u00e1rios.<\/p>\r\n\r\n\r\n\r\n<p>Ademais, voc\u00ea pode evitar que poss\u00edveis falhas humanas aconte\u00e7am no <a href=\"https:\/\/qrpoint.com.br\/blog\/gestao-de-pessoas\/\" target=\"_blank\" rel=\"noreferrer noopener\" aria-label=\"RH (abre numa nova aba)\">RH<\/a> da sua empresa contratando os servi\u00e7os de <a href=\"https:\/\/qrpoint.com.br\/blog\/controle-de-ponto-online2\/\" target=\"_blank\" rel=\"noreferrer noopener\" aria-label=\" (abre numa nova aba)\">controle<\/a> <a href=\"https:\/\/qrpoint.com.br\/blog\/controle-de-ponto-online2\/\" target=\"_blank\" rel=\"noreferrer noopener\" aria-label=\" (abre numa nova aba)\">de<\/a> <a href=\"https:\/\/qrpoint.com.br\/blog\/controle-de-ponto-online2\/\" target=\"_blank\" rel=\"noreferrer noopener\" aria-label=\"ponto (abre numa nova aba)\">ponto<\/a> da QRPoint. Al\u00e9m de permitir que a <a href=\"https:\/\/qrpoint.com.br\/blog\/gestao-de-pessoas\/\" target=\"_blank\" rel=\"noreferrer noopener\" aria-label=\"gest\u00e3o (abre numa nova aba)\">gest\u00e3o<\/a> <a href=\"https:\/\/qrpoint.com.br\/blog\/gestao-de-pessoas\/\" target=\"_blank\" rel=\"noreferrer noopener\" aria-label=\"de (abre numa nova aba)\">de<\/a> <a href=\"https:\/\/qrpoint.com.br\/blog\/gestao-de-pessoas\/\" target=\"_blank\" rel=\"noreferrer noopener\" aria-label=\"pessoas (abre numa nova aba)\">pessoas<\/a> do seu empreendimento cuide mais dos seus colaboradores.<\/p>\r\n\r\n\r\n\r\n<p>Sendo assim, contrate a QRPoint como o sistema de <a href=\"https:\/\/qrpoint.com.br\/blog\/controle-de-ponto-online2\/\" target=\"_blank\" rel=\"noreferrer noopener\" aria-label=\" (abre numa nova aba)\">controle<\/a> <a href=\"https:\/\/qrpoint.com.br\/blog\/controle-de-ponto-online2\/\" target=\"_blank\" rel=\"noreferrer noopener\" aria-label=\" (abre numa nova aba)\">de<\/a> <a href=\"https:\/\/qrpoint.com.br\/blog\/controle-de-ponto-online2\/\" target=\"_blank\" rel=\"noreferrer noopener\" aria-label=\" (abre numa nova aba)\">ponto<\/a> <a href=\"https:\/\/qrpoint.com.br\/blog\/controle-de-ponto-online2\/\" target=\"_blank\" rel=\"noreferrer noopener\" aria-label=\"online (abre numa nova aba)\">online<\/a> da sua empresa, e garanta a automatiza\u00e7\u00e3o dos processos com a melhor tecnologia de registro de ponto a cada atualiza\u00e7\u00e3o!<\/p>\r\n\r\n\r\n\r\n<h3 class=\"wp-block-heading\"><strong>Como a QRPoint funciona?<\/strong><\/h3>\r\n\r\n\r\n\r\n<p>Para dar in\u00edcio, n\u00f3s fornecemos o <a href=\"https:\/\/qrpoint.com.br\/funcionalidades\/registro-rapido\/\">registro r\u00e1pido<\/a> dos seus colaboradores no software de <a href=\"https:\/\/qrpoint.com.br\/blog\/controle-de-ponto-online2\/\" target=\"_blank\" rel=\"noreferrer noopener\" aria-label=\" (abre numa nova aba)\">controle<\/a> <a href=\"https:\/\/qrpoint.com.br\/blog\/controle-de-ponto-online2\/\" target=\"_blank\" rel=\"noreferrer noopener\" aria-label=\" (abre numa nova aba)\">de<\/a> <a href=\"https:\/\/qrpoint.com.br\/blog\/controle-de-ponto-online2\/\" target=\"_blank\" rel=\"noreferrer noopener\" aria-label=\"ponto (abre numa nova aba)\">ponto<\/a>, reduzindo a dificuldade na hora de adotar o novo sistema.<\/p>\r\n\r\n\r\n\r\n<p>Uma vez que tudo j\u00e1 estiver nos conformes, voc\u00ea vai poder aproveitar do app do gestor, um dos nossos maiores benef\u00edcios.<\/p>\r\n\r\n\r\n\r\n<p>\u00c9 atrav\u00e9s do<a href=\"https:\/\/qrpoint.com.br\/funcionalidades\/aplicativo-do-gestor\/\"> aplicativo do gestor<\/a> que voc\u00ea ter\u00e1 acesso a <a href=\"https:\/\/qrpoint.com.br\/funcionalidades\/dashboards-indicadores\/\">dashboards de indicadores<\/a>, mostrando todos os colaboradores que est\u00e3o dentro da organiza\u00e7\u00e3o trabalhando, al\u00e9m daqueles que est\u00e3o de f\u00e9rias e muito mais!<\/p>\r\n\r\n\r\n\r\n<p>Portanto, para garantir a estadia do colaborador dentro do local de trabalho, n\u00f3s usamos os recursos de <a href=\"https:\/\/qrpoint.com.br\/funcionalidades\/geolocalizacao\/\">geolocaliza\u00e7\u00e3o<\/a> para criar uma <a href=\"https:\/\/qrpoint.com.br\/funcionalidades\/cerca-digital\/\">cerca digital<\/a> que garante exatamente onde o ponto online ou o ponto offline est\u00e1 sendo registrado.<\/p>\r\n\r\n\r\n\r\n<p>E pensando na seguran\u00e7a tanto do colaborador quanto do gestor, o <a href=\"https:\/\/qrpoint.com.br\/blog\/controle-de-ponto-online2\/\" target=\"_blank\" rel=\"noreferrer noopener\" aria-label=\" (abre numa nova aba)\">controle<\/a> <a href=\"https:\/\/qrpoint.com.br\/blog\/controle-de-ponto-online2\/\" target=\"_blank\" rel=\"noreferrer noopener\" aria-label=\" (abre numa nova aba)\">de<\/a> <a href=\"https:\/\/qrpoint.com.br\/blog\/controle-de-ponto-online2\/\" target=\"_blank\" rel=\"noreferrer noopener\" aria-label=\"ponto (abre numa nova aba)\">ponto<\/a> \u00e9 registrado atrav\u00e9s do <a href=\"https:\/\/qrpoint.com.br\/funcionalidades\/reconhecimento-facial\/\">reconhecimento biom\u00e9trico<\/a> do profissional. N\u00f3s tamb\u00e9m mantemos o <a href=\"https:\/\/qrpoint.com.br\/funcionalidades\/banco-de-horas\/\">banco de horas<\/a> de todos os colaboradores, permitindo mudan\u00e7as nele se necess\u00e1rio.<\/p>\r\n\r\n\r\n\r\n<p><a href=\"https:\/\/qrpoint.com.br\/contato\/\">Entre em contato<\/a> para tirar qualquer d\u00favida sobre o nosso sistema de <a href=\"https:\/\/qrpoint.com.br\/blog\/controle-de-ponto-online2\/\" target=\"_blank\" rel=\"noreferrer noopener\" aria-label=\" (abre numa nova aba)\">controle<\/a> <a href=\"https:\/\/qrpoint.com.br\/blog\/controle-de-ponto-online2\/\" target=\"_blank\" rel=\"noreferrer noopener\" aria-label=\" (abre numa nova aba)\">de<\/a> <a href=\"https:\/\/qrpoint.com.br\/blog\/controle-de-ponto-online2\/\" target=\"_blank\" rel=\"noreferrer noopener\" aria-label=\"ponto (abre numa nova aba)\">ponto<\/a> com nossa equipe. Ficou interessado e quer os benef\u00edcios do QRPoint na sua empresa? Fa\u00e7a hoje mesmo um <a href=\"https:\/\/cadastro.qrpoint.com.br\/\">teste do controle de ponto gratuito<\/a> e prove a facilidade de ter o <a href=\"https:\/\/qrpoint.com.br\/funcionalidades\/calculo-de-horas-adicionais-e-faltas\/\">c\u00e1lculo de horas, adicionais e faltas feito automaticamente<\/a>.<\/p>\r\n\r\n\r\n\r\n<p>N\u00e3o vai perder a oportunidade de automatizar a sua empresa com o melhor software de <a href=\"https:\/\/qrpoint.com.br\/blog\/controle-de-ponto-online2\/\" target=\"_blank\" rel=\"noreferrer noopener\" aria-label=\" (abre numa nova aba)\">controle<\/a> <a href=\"https:\/\/qrpoint.com.br\/blog\/controle-de-ponto-online2\/\" target=\"_blank\" rel=\"noreferrer noopener\" aria-label=\" (abre numa nova aba)\">de<\/a> <a href=\"https:\/\/qrpoint.com.br\/blog\/controle-de-ponto-online2\/\" target=\"_blank\" rel=\"noreferrer noopener\" aria-label=\" (abre numa nova aba)\">ponto<\/a> <a href=\"https:\/\/qrpoint.com.br\/blog\/controle-de-ponto-online2\/\" target=\"_blank\" rel=\"noreferrer noopener\" aria-label=\"online (abre numa nova aba)\">online<\/a>, n\u00e9? Saiba mais sobre o nosso controle de ponto em nosso site!<\/p>\r\n\r\n\r\n\r\n<p>Voc\u00ea pode acompanhar mais conte\u00fados em nossas redes sociais: <a href=\"https:\/\/www.linkedin.com\/company\/qrpoint\">LinkedIn<\/a>, <a href=\"https:\/\/www.instagram.com\/qrpoint\/\">Instagram<\/a> e <a href=\"https:\/\/www.facebook.com\/qrpoint\">Facebook<\/a>.<\/p>\r\n\r\n\r\n\r\n<h2 class=\"wp-block-heading\"><strong>Tudo que voc\u00ea perdeu sobre: Empres\u00e1rias Mulheres!\u00a0<\/strong><\/h2>\r\n\r\n\r\n\r\n<p>A luta das empres\u00e1rias mulheres ou o movimento do empreendedorismo feminino surgiu atrav\u00e9s das limita\u00e7\u00f5es que a sociedade estabelecia e at\u00e9 hoje estabelece para as mulheres.\u00a0<\/p>\r\n\r\n\r\n\r\n<p>Por uma vida e por uma hist\u00f3ria, as mulheres foram discriminadas e diminu\u00eddas perante a sociedade por serem &#8220;fracas&#8221;. Mas, tudo come\u00e7ou com a consci\u00eancia delas em rela\u00e7\u00e3o \u00e0s suas capacidades e habilidades.\u00a0<\/p>\r\n\r\n\r\n\r\n<p>Dessa forma, o feminismo, a <a href=\"https:\/\/qrpoint.com.br\/?s=lideran%C3%A7a+feminina\">lideran\u00e7a<\/a> <a href=\"https:\/\/qrpoint.com.br\/?s=lideran%C3%A7a+feminina\">feminina<\/a>, o empoderamento feminino, a luta contra a <a href=\"https:\/\/qrpoint.com.br\/blog\/equidade-de-genero\/\">desigualdade<\/a> <a href=\"https:\/\/qrpoint.com.br\/blog\/equidade-de-genero\/\">de<\/a> <a href=\"https:\/\/qrpoint.com.br\/blog\/equidade-de-genero\/\">g\u00eanero<\/a>, entre outros fatores e movimentos s\u00e3o extremamente importantes para a amplia\u00e7\u00e3o da ocupa\u00e7\u00e3o feminina no mercado de trabalho.\u00a0<\/p>\r\n\r\n\r\n\r\n<p>Afinal, n\u00f3s sabemos que a capacidade de homens e mulheres s\u00e3o fortes e efetivas, mas, por quest\u00f5es hist\u00f3ricas, costumes e paradigmas, as mulheres ainda sofrem muito preconceito.\u00a0<\/p>\r\n\r\n\r\n\r\n<p>No entanto, ap\u00f3s tantas lutas hist\u00f3ricas de s\u00e9culos e d\u00e9cadas, o desenvolvimento das mulheres empres\u00e1rias s\u00f3 foi garantido em 1988 pela Constitui\u00e7\u00e3o Federal.\u00a0<\/p>\r\n\r\n\r\n\r\n<p>Entretanto, este foi o ano em que as mulheres receberam a oportunidade de possuir a mesma capacidade (perante a lei) que os homens, para trabalhar, empreender e crescer com suas ideias e objetivos.\u00a0<\/p>\r\n\r\n\r\n\r\n<p>Sendo assim, \u00e9 poss\u00edvel notar que as conquistas ainda s\u00e3o bem recentes e, por isso, \u00e9 muito importante lutar a cada dia para ampliar os espa\u00e7os de lideran\u00e7a e empreendedorismo feminino em nosso pa\u00eds.\u00a0<\/p>\r\n\r\n\r\n\r\n<p><strong>Para saber mais sobre o assunto, <\/strong><a href=\"https:\/\/qrpoint.com.br\/blog\/empresarias-mulheres\/\"><strong>clique aqui<\/strong><\/a><strong>!<\/strong><\/p>\r\n","protected":false},"excerpt":{"rendered":"<p>MEI: Conhe\u00e7a o Programa do Microempreendedor Individual e entenda como ele permite que sua empresa atue dentro do que tange a legisla\u00e7\u00e3o. <\/p>\n","protected":false},"author":4,"featured_media":7134,"comment_status":"open","ping_status":"open","sticky":false,"template":"","format":"standard","meta":{"site-sidebar-layout":"default","site-content-layout":"default","ast-global-header-display":"","ast-main-header-display":"","ast-hfb-above-header-display":"","ast-hfb-below-header-display":"","ast-hfb-mobile-header-display":"","site-post-title":"","ast-breadcrumbs-content":"","ast-featured-img":"","footer-sml-layout":"","theme-transparent-header-meta":"default","adv-header-id-meta":"","stick-header-meta":"","header-above-stick-meta":"","header-main-stick-meta":"","header-below-stick-meta":"","footnotes":""},"categories":[29,49],"tags":[40,186],"class_list":["post-5185","post","type-post","status-publish","format-standard","has-post-thumbnail","hentry","category-legislacao","category-noticias","tag-legislacao","tag-mei"],"yoast_head":"<!-- This site is optimized with the Yoast SEO Premium plugin v19.2 (Yoast SEO v20.2.1) - https:\/\/yoast.com\/wordpress\/plugins\/seo\/ -->\n<title>MEI: Entenda como funciona e quais s\u00e3o seus benef\u00edcios!<\/title>\n<meta name=\"description\" content=\"MEI: Conhe\u00e7a o Programa do Microempreendedor Individual e entenda como ele permite que sua empresa atue dentro do que tange a legisla\u00e7\u00e3o.\" \/>\n<meta name=\"robots\" content=\"index, follow, max-snippet:-1, max-image-preview:large, max-video-preview:-1\" \/>\n<link rel=\"canonical\" href=\"https:\/\/qrpoint.io\/blog\/mei\/\" \/>\n<meta property=\"og:locale\" content=\"pt_BR\" \/>\n<meta property=\"og:type\" content=\"article\" \/>\n<meta property=\"og:title\" content=\"MEI: Entenda como funciona e quais s\u00e3o seus benef\u00edcios!\" \/>\n<meta property=\"og:description\" content=\"MEI: Conhe\u00e7a o Programa do Microempreendedor Individual e entenda como ele permite que sua empresa atue dentro do que tange a legisla\u00e7\u00e3o.\" \/>\n<meta property=\"og:url\" content=\"https:\/\/qrpoint.io\/blog\/mei\/\" \/>\n<meta property=\"og:site_name\" content=\"QRpoint\" \/>\n<meta property=\"article:publisher\" content=\"https:\/\/pt-br.facebook.com\/qrpoint\/\" \/>\n<meta property=\"article:published_time\" content=\"2022-05-26T12:34:38+00:00\" \/>\n<meta property=\"article:modified_time\" content=\"2022-09-06T16:47:09+00:00\" \/>\n<meta property=\"og:image\" content=\"https:\/\/qrpoint.io\/blog\/wp-content\/uploads\/2022\/05\/MEI-768x512-1.jpg\" \/>\n\t<meta property=\"og:image:width\" content=\"768\" \/>\n\t<meta property=\"og:image:height\" content=\"512\" \/>\n\t<meta property=\"og:image:type\" content=\"image\/jpeg\" \/>\n<meta name=\"author\" content=\"Fernanda Moreira\" \/>\n<meta name=\"twitter:card\" content=\"summary_large_image\" \/>\n<meta name=\"twitter:label1\" content=\"Escrito por\" \/>\n\t<meta name=\"twitter:data1\" content=\"Fernanda Moreira\" \/>\n\t<meta name=\"twitter:label2\" content=\"Est. tempo de leitura\" \/>\n\t<meta name=\"twitter:data2\" content=\"15 minutos\" \/>\n<script type=\"application\/ld+json\" class=\"yoast-schema-graph\">{\"@context\":\"https:\/\/schema.org\",\"@graph\":[{\"@type\":\"Article\",\"@id\":\"https:\/\/qrpoint.io\/blog\/mei\/#article\",\"isPartOf\":{\"@id\":\"https:\/\/qrpoint.io\/blog\/mei\/\"},\"author\":{\"name\":\"Fernanda Moreira\",\"@id\":\"https:\/\/qrpoint.io\/blog\/#\/schema\/person\/1b55fd3e196634cabac540e7809e000a\"},\"headline\":\"MEI: Entenda como funciona e quais s\u00e3o seus benef\u00edcios!\",\"datePublished\":\"2022-05-26T12:34:38+00:00\",\"dateModified\":\"2022-09-06T16:47:09+00:00\",\"mainEntityOfPage\":{\"@id\":\"https:\/\/qrpoint.io\/blog\/mei\/\"},\"wordCount\":2787,\"commentCount\":0,\"publisher\":{\"@id\":\"https:\/\/qrpoint.io\/blog\/#organization\"},\"keywords\":[\"#legisla\u00e7\u00e3o\",\"MEI\"],\"articleSection\":[\"Legisla\u00e7\u00e3o\",\"Not\u00edcias\"],\"inLanguage\":\"pt-BR\",\"potentialAction\":[{\"@type\":\"CommentAction\",\"name\":\"Comment\",\"target\":[\"https:\/\/qrpoint.io\/blog\/mei\/#respond\"]}]},{\"@type\":\"WebPage\",\"@id\":\"https:\/\/qrpoint.io\/blog\/mei\/\",\"url\":\"https:\/\/qrpoint.io\/blog\/mei\/\",\"name\":\"MEI: Entenda como funciona e quais s\u00e3o seus benef\u00edcios!\",\"isPartOf\":{\"@id\":\"https:\/\/qrpoint.io\/blog\/#website\"},\"datePublished\":\"2022-05-26T12:34:38+00:00\",\"dateModified\":\"2022-09-06T16:47:09+00:00\",\"description\":\"MEI: Conhe\u00e7a o Programa do Microempreendedor Individual e entenda como ele permite que sua empresa atue dentro do que tange a legisla\u00e7\u00e3o.\",\"breadcrumb\":{\"@id\":\"https:\/\/qrpoint.io\/blog\/mei\/#breadcrumb\"},\"inLanguage\":\"pt-BR\",\"potentialAction\":[{\"@type\":\"ReadAction\",\"target\":[\"https:\/\/qrpoint.io\/blog\/mei\/\"]}]},{\"@type\":\"BreadcrumbList\",\"@id\":\"https:\/\/qrpoint.io\/blog\/mei\/#breadcrumb\",\"itemListElement\":[{\"@type\":\"ListItem\",\"position\":1,\"name\":\"Home\",\"item\":\"https:\/\/qrpoint.io\/blog\/\"},{\"@type\":\"ListItem\",\"position\":2,\"name\":\"MEI: Entenda como funciona e quais s\u00e3o seus benef\u00edcios!\"}]},{\"@type\":\"WebSite\",\"@id\":\"https:\/\/qrpoint.io\/blog\/#website\",\"url\":\"https:\/\/qrpoint.io\/blog\/\",\"name\":\"QRpoint\",\"description\":\"Melhor Sistema de Controle de Ponto do Brasil! Tecnologia de RH capaz de simplificar os processos do RH da sua empresa! Confira!\",\"publisher\":{\"@id\":\"https:\/\/qrpoint.io\/blog\/#organization\"},\"potentialAction\":[{\"@type\":\"SearchAction\",\"target\":{\"@type\":\"EntryPoint\",\"urlTemplate\":\"https:\/\/qrpoint.io\/blog\/?s={search_term_string}\"},\"query-input\":\"required name=search_term_string\"}],\"inLanguage\":\"pt-BR\"},{\"@type\":\"Organization\",\"@id\":\"https:\/\/qrpoint.io\/blog\/#organization\",\"name\":\"QRpoint\",\"url\":\"https:\/\/qrpoint.io\/blog\/\",\"logo\":{\"@type\":\"ImageObject\",\"inLanguage\":\"pt-BR\",\"@id\":\"https:\/\/qrpoint.io\/blog\/#\/schema\/logo\/image\/\",\"url\":\"https:\/\/qrpoint.io\/wp-content\/uploads\/2022\/09\/Twitter-avatar-100x100-1.png\",\"contentUrl\":\"https:\/\/qrpoint.io\/wp-content\/uploads\/2022\/09\/Twitter-avatar-100x100-1.png\",\"width\":100,\"height\":100,\"caption\":\"QRpoint\"},\"image\":{\"@id\":\"https:\/\/qrpoint.io\/blog\/#\/schema\/logo\/image\/\"},\"sameAs\":[\"https:\/\/pt-br.facebook.com\/qrpoint\/\",\"https:\/\/www.instagram.com\/qrpoint\/\"]},{\"@type\":\"Person\",\"@id\":\"https:\/\/qrpoint.io\/blog\/#\/schema\/person\/1b55fd3e196634cabac540e7809e000a\",\"name\":\"Fernanda Moreira\",\"image\":{\"@type\":\"ImageObject\",\"inLanguage\":\"pt-BR\",\"@id\":\"https:\/\/qrpoint.io\/blog\/#\/schema\/person\/image\/\",\"url\":\"https:\/\/secure.gravatar.com\/avatar\/?s=96&d=mm&r=g\",\"contentUrl\":\"https:\/\/secure.gravatar.com\/avatar\/?s=96&d=mm&r=g\",\"caption\":\"Fernanda Moreira\"},\"url\":\"https:\/\/qrpoint.io\/blog\/author\/fernanda-moreira\/\"}]}<\/script>\n<!-- \/ Yoast SEO Premium plugin. -->","yoast_head_json":{"title":"MEI: Entenda como funciona e quais s\u00e3o seus benef\u00edcios!","description":"MEI: Conhe\u00e7a o Programa do Microempreendedor Individual e entenda como ele permite que sua empresa atue dentro do que tange a legisla\u00e7\u00e3o.","robots":{"index":"index","follow":"follow","max-snippet":"max-snippet:-1","max-image-preview":"max-image-preview:large","max-video-preview":"max-video-preview:-1"},"canonical":"https:\/\/qrpoint.io\/blog\/mei\/","og_locale":"pt_BR","og_type":"article","og_title":"MEI: Entenda como funciona e quais s\u00e3o seus benef\u00edcios!","og_description":"MEI: Conhe\u00e7a o Programa do Microempreendedor Individual e entenda como ele permite que sua empresa atue dentro do que tange a legisla\u00e7\u00e3o.","og_url":"https:\/\/qrpoint.io\/blog\/mei\/","og_site_name":"QRpoint","article_publisher":"https:\/\/pt-br.facebook.com\/qrpoint\/","article_published_time":"2022-05-26T12:34:38+00:00","article_modified_time":"2022-09-06T16:47:09+00:00","og_image":[{"width":768,"height":512,"url":"https:\/\/qrpoint.io\/blog\/wp-content\/uploads\/2022\/05\/MEI-768x512-1.jpg","type":"image\/jpeg"}],"author":"Fernanda Moreira","twitter_card":"summary_large_image","twitter_misc":{"Escrito por":"Fernanda Moreira","Est. tempo de leitura":"15 minutos"},"schema":{"@context":"https:\/\/schema.org","@graph":[{"@type":"Article","@id":"https:\/\/qrpoint.io\/blog\/mei\/#article","isPartOf":{"@id":"https:\/\/qrpoint.io\/blog\/mei\/"},"author":{"name":"Fernanda Moreira","@id":"https:\/\/qrpoint.io\/blog\/#\/schema\/person\/1b55fd3e196634cabac540e7809e000a"},"headline":"MEI: Entenda como funciona e quais s\u00e3o seus benef\u00edcios!","datePublished":"2022-05-26T12:34:38+00:00","dateModified":"2022-09-06T16:47:09+00:00","mainEntityOfPage":{"@id":"https:\/\/qrpoint.io\/blog\/mei\/"},"wordCount":2787,"commentCount":0,"publisher":{"@id":"https:\/\/qrpoint.io\/blog\/#organization"},"keywords":["#legisla\u00e7\u00e3o","MEI"],"articleSection":["Legisla\u00e7\u00e3o","Not\u00edcias"],"inLanguage":"pt-BR","potentialAction":[{"@type":"CommentAction","name":"Comment","target":["https:\/\/qrpoint.io\/blog\/mei\/#respond"]}]},{"@type":"WebPage","@id":"https:\/\/qrpoint.io\/blog\/mei\/","url":"https:\/\/qrpoint.io\/blog\/mei\/","name":"MEI: Entenda como funciona e quais s\u00e3o seus benef\u00edcios!","isPartOf":{"@id":"https:\/\/qrpoint.io\/blog\/#website"},"datePublished":"2022-05-26T12:34:38+00:00","dateModified":"2022-09-06T16:47:09+00:00","description":"MEI: Conhe\u00e7a o Programa do Microempreendedor Individual e entenda como ele permite que sua empresa atue dentro do que tange a legisla\u00e7\u00e3o.","breadcrumb":{"@id":"https:\/\/qrpoint.io\/blog\/mei\/#breadcrumb"},"inLanguage":"pt-BR","potentialAction":[{"@type":"ReadAction","target":["https:\/\/qrpoint.io\/blog\/mei\/"]}]},{"@type":"BreadcrumbList","@id":"https:\/\/qrpoint.io\/blog\/mei\/#breadcrumb","itemListElement":[{"@type":"ListItem","position":1,"name":"Home","item":"https:\/\/qrpoint.io\/blog\/"},{"@type":"ListItem","position":2,"name":"MEI: Entenda como funciona e quais s\u00e3o seus benef\u00edcios!"}]},{"@type":"WebSite","@id":"https:\/\/qrpoint.io\/blog\/#website","url":"https:\/\/qrpoint.io\/blog\/","name":"QRpoint","description":"Melhor Sistema de Controle de Ponto do Brasil! Tecnologia de RH capaz de simplificar os processos do RH da sua empresa! Confira!","publisher":{"@id":"https:\/\/qrpoint.io\/blog\/#organization"},"potentialAction":[{"@type":"SearchAction","target":{"@type":"EntryPoint","urlTemplate":"https:\/\/qrpoint.io\/blog\/?s={search_term_string}"},"query-input":"required name=search_term_string"}],"inLanguage":"pt-BR"},{"@type":"Organization","@id":"https:\/\/qrpoint.io\/blog\/#organization","name":"QRpoint","url":"https:\/\/qrpoint.io\/blog\/","logo":{"@type":"ImageObject","inLanguage":"pt-BR","@id":"https:\/\/qrpoint.io\/blog\/#\/schema\/logo\/image\/","url":"https:\/\/qrpoint.io\/wp-content\/uploads\/2022\/09\/Twitter-avatar-100x100-1.png","contentUrl":"https:\/\/qrpoint.io\/wp-content\/uploads\/2022\/09\/Twitter-avatar-100x100-1.png","width":100,"height":100,"caption":"QRpoint"},"image":{"@id":"https:\/\/qrpoint.io\/blog\/#\/schema\/logo\/image\/"},"sameAs":["https:\/\/pt-br.facebook.com\/qrpoint\/","https:\/\/www.instagram.com\/qrpoint\/"]},{"@type":"Person","@id":"https:\/\/qrpoint.io\/blog\/#\/schema\/person\/1b55fd3e196634cabac540e7809e000a","name":"Fernanda Moreira","image":{"@type":"ImageObject","inLanguage":"pt-BR","@id":"https:\/\/qrpoint.io\/blog\/#\/schema\/person\/image\/","url":"https:\/\/secure.gravatar.com\/avatar\/?s=96&d=mm&r=g","contentUrl":"https:\/\/secure.gravatar.com\/avatar\/?s=96&d=mm&r=g","caption":"Fernanda Moreira"},"url":"https:\/\/qrpoint.io\/blog\/author\/fernanda-moreira\/"}]}},"_links":{"self":[{"href":"https:\/\/qrpoint.io\/blog\/wp-json\/wp\/v2\/posts\/5185","targetHints":{"allow":["GET"]}}],"collection":[{"href":"https:\/\/qrpoint.io\/blog\/wp-json\/wp\/v2\/posts"}],"about":[{"href":"https:\/\/qrpoint.io\/blog\/wp-json\/wp\/v2\/types\/post"}],"author":[{"embeddable":true,"href":"https:\/\/qrpoint.io\/blog\/wp-json\/wp\/v2\/users\/4"}],"replies":[{"embeddable":true,"href":"https:\/\/qrpoint.io\/blog\/wp-json\/wp\/v2\/comments?post=5185"}],"version-history":[{"count":0,"href":"https:\/\/qrpoint.io\/blog\/wp-json\/wp\/v2\/posts\/5185\/revisions"}],"wp:featuredmedia":[{"embeddable":true,"href":"https:\/\/qrpoint.io\/blog\/wp-json\/wp\/v2\/media\/7134"}],"wp:attachment":[{"href":"https:\/\/qrpoint.io\/blog\/wp-json\/wp\/v2\/media?parent=5185"}],"wp:term":[{"taxonomy":"category","embeddable":true,"href":"https:\/\/qrpoint.io\/blog\/wp-json\/wp\/v2\/categories?post=5185"},{"taxonomy":"post_tag","embeddable":true,"href":"https:\/\/qrpoint.io\/blog\/wp-json\/wp\/v2\/tags?post=5185"}],"curies":[{"name":"wp","href":"https:\/\/api.w.org\/{rel}","templated":true}]}}