{"id":5919,"date":"2022-08-29T12:46:16","date_gmt":"2022-08-29T15:46:16","guid":{"rendered":"https:\/\/qrpoint.io\/?p=5919"},"modified":"2022-09-05T12:19:58","modified_gmt":"2022-09-05T15:19:58","slug":"verbas-rescisorias","status":"publish","type":"post","link":"https:\/\/qrpoint.io\/blog\/verbas-rescisorias\/","title":{"rendered":"Verbas Rescis\u00f3rias: aprenda como fazer o c\u00e1lculo corretamente!"},"content":{"rendered":"\r\n<p>As verbas rescis\u00f3rias s\u00e3o direitos que o funcion\u00e1rio possui ao rescindir o contrato com a empresa. No entanto, o colaborador pode ser demitido ou pedir demiss\u00e3o e, claro, existem algumas regrinhas para cada situa\u00e7\u00e3o, afinal, existem alguns tipos de rescis\u00e3o de contrato.\u00a0<\/p>\r\n\r\n\r\n\r\n<p>Por isso, \u00e9 muito importante que as empresas fiquem atentas nos pagamentos e prazos para cada ocasi\u00e3o, evitando o pagamento de multas e processos trabalhistas. As verbas rescis\u00f3rias s\u00e3o direitos dos funcion\u00e1rios reconhecidos por lei, ou seja, n\u00e3o tem como fugir.\u00a0<\/p>\r\n\r\n\r\n\r\n<p>Neste artigo, n\u00f3s sanaremos todas as suas d\u00favidas sobre as verbas rescis\u00f3rias, principalmente sobre como fazer o c\u00e1lculo corretamente. Se voc\u00ea est\u00e1 interessado neste assunto, continue a leitura! Antes de mais nada, olha o que preparamos para voc\u00ea:<\/p>\r\n\r\n\r\n\r\n<ul class=\"wp-block-list\">\r\n<li><strong>O que s\u00e3o as Verbas Rescis\u00f3rias?<\/strong><\/li>\r\n<li><strong>Como funcionam as Verbas Rescis\u00f3rias?<\/strong><\/li>\r\n<li><strong>Qual \u00e9 o prazo para a empresa pagar as Verbas Rescis\u00f3rias?<\/strong><\/li>\r\n<li><strong>Quais foram as principais mudan\u00e7as da Reforma Trabalhista?<\/strong><\/li>\r\n<li><strong>Como fazer o c\u00e1lculo das Verbas Rescis\u00f3rias?\u00a0<\/strong><\/li>\r\n<\/ul>\r\n\r\n\r\n\r\n<h2 class=\"wp-block-heading\"><strong>O que s\u00e3o as Verbas Rescis\u00f3rias?\u00a0<\/strong><\/h2>\r\n\r\n\r\n\r\n<figure class=\"wp-block-image\"><img loading=\"lazy\" decoding=\"async\" class=\"alignnone size-full wp-image-6983\" src=\"https:\/\/qrpoint.com.br\/wp-content\/uploads\/2022\/08\/Verbas-Resciso\u0301rias-1024x683-1.jpg\" alt=\"Verbas recis\u00f3rias \" width=\"1024\" height=\"683\" srcset=\"https:\/\/qrpoint.io\/blog\/wp-content\/uploads\/2022\/08\/Verbas-Resciso\u0301rias-1024x683-1.jpg 1024w, https:\/\/qrpoint.io\/blog\/wp-content\/uploads\/2022\/08\/Verbas-Resciso\u0301rias-1024x683-1-600x400.jpg 600w, https:\/\/qrpoint.io\/blog\/wp-content\/uploads\/2022\/08\/Verbas-Resciso\u0301rias-1024x683-1-300x200.jpg 300w, https:\/\/qrpoint.io\/blog\/wp-content\/uploads\/2022\/08\/Verbas-Resciso\u0301rias-1024x683-1-768x512.jpg 768w\" sizes=\"auto, (max-width: 1024px) 100vw, 1024px\" \/><br \/>\r\n<figcaption>Verbas Rescis\u00f3rias<\/figcaption>\r\n<\/figure>\r\n\r\n\r\n\r\n<p>Antes de saber quais s\u00e3o as verbas rescis\u00f3rias, \u00e9 muito importante entender o que s\u00e3o esses direitos dos colaboradores. Em resumo, as verbas rescis\u00f3rias s\u00e3o valores que o empregado recebe ao pedir demiss\u00e3o ou ser demitido, veja quais s\u00e3o:<\/p>\r\n\r\n\r\n\r\n<ul class=\"wp-block-list\">\r\n<li>saldo de sal\u00e1rios;<\/li>\r\n<li><a href=\"https:\/\/qrpoint.com.br\/blog\/tipo-aviso-previo\/\" target=\"_blank\" rel=\"noreferrer noopener\" aria-label=\"aviso pr\u00e9vio (abre numa nova aba)\">aviso pr\u00e9vio<\/a>;<\/li>\r\n<li>f\u00e9rias vencidas;<\/li>\r\n<li>f\u00e9rias proporcionais;<\/li>\r\n<li>acr\u00e9scimo de \u2153 de f\u00e9rias;<\/li>\r\n<li><a href=\"https:\/\/qrpoint.com.br\/blog\/salario-proporcional-saiba-como-fazer-o-calculo-corretamente\/\" target=\"_blank\" rel=\"noreferrer noopener\" aria-label=\" (abre numa nova aba)\">sal\u00e1rio proporcional<\/a>;<\/li>\r\n<li>indeniza\u00e7\u00e3o de 40% dos dep\u00f3sitos do FGTS;<\/li>\r\n<li>indeniza\u00e7\u00e3o por rescis\u00e3o antecipada do contrato por prazo determinado;\u00a0<\/li>\r\n<li>entre outros.\u00a0<\/li>\r\n<\/ul>\r\n\r\n\r\n\r\n<p>No entanto, cada tipo de contrato possui a forma correta de fazer o c\u00e1lculo e tamb\u00e9m direitos espec\u00edficos e daqui a pouco voc\u00ea entender\u00e1 melhor sobre isso. Pois bem, outro ponto importante das verbas rescis\u00f3rias \u00e9 que elas podem incluir descontos.\u00a0<\/p>\r\n\r\n\r\n\r\n<p>Por exemplo, caso o colaborador pague pens\u00e3o aliment\u00edcia, o valor da rescis\u00e3o \u00e9 descontado do pagamento das verbas rescis\u00f3rias. Al\u00e9m disso, outros descontos podem ser feitos, como a coparticipa\u00e7\u00e3o de<a href=\"https:\/\/qrpoint.com.br\/blog\/beneficios-corporativos\/\" target=\"_blank\" rel=\"noreferrer noopener\" aria-label=\" planos de sa\u00fade ou odontol\u00f3gicos. (abre numa nova aba)\"> planos de sa\u00fade ou odontol\u00f3gicos.<\/a>\u00a0<\/p>\r\n\r\n\r\n\r\n<p>Portanto, para que voc\u00ea entenda melhor, confira quais s\u00e3o os tipos de contrato e como funcionam as verbas rescis\u00f3rias em cada um deles.\u00a0<\/p>\r\n\r\n\r\n\r\n<h2 class=\"wp-block-heading\"><strong>Como funcionam as Verbas Rescis\u00f3rias?<\/strong><\/h2>\r\n\r\n\r\n\r\n<p>Como dissemos anteriormente, as verbas rescis\u00f3rias podem variar de acordo com o tipo de contrato de trabalho feito entre o empregado e o empregador. Por isso, estamos aqui para te explicar como funciona cada um:<\/p>\r\n\r\n\r\n\r\n<h3 class=\"wp-block-heading\"><strong>Verbas Rescis\u00f3rias para <a href=\"https:\/\/qrpoint.com.br\/blog\/pedido-de-demissao\/\" target=\"_blank\" rel=\"noreferrer noopener\" aria-label=\"Pedido de Demiss\u00e3o (abre numa nova aba)\">Pedido de Demiss\u00e3o<\/a><\/strong><\/h3>\r\n\r\n\r\n\r\n<p>A princ\u00edpio, \u00e9 quando o colaborador pede demiss\u00e3o ao empregador. Dessa forma, ele tem direito aos seguintes benef\u00edcios:<\/p>\r\n\r\n\r\n\r\n<ul class=\"wp-block-list\">\r\n<li>saldo do sal\u00e1rio;<\/li>\r\n<li><a href=\"https:\/\/qrpoint.com.br\/blog\/ferias\/\" target=\"_blank\" rel=\"noreferrer noopener\" aria-label=\"f\u00e9rias proporcionais acrescidas de \u2153; (abre numa nova aba)\">f\u00e9rias proporcionais acrescidas de \u2153;<\/a><\/li>\r\n<li>caso haja f\u00e9rias vencidas, precisam ser pagas tamb\u00e9m acrescidas de \u2153;<\/li>\r\n<li>d\u00e9cimo terceiro sal\u00e1rio.\u00a0<\/li>\r\n<\/ul>\r\n\r\n\r\n\r\n<p>Nesse caso, o funcion\u00e1rio precisa cumprir o <a href=\"https:\/\/qrpoint.com.br\/blog\/aviso-previo\/\" target=\"_blank\" rel=\"noreferrer noopener\" aria-label=\"aviso pr\u00e9vio (abre numa nova aba)\">aviso pr\u00e9vio<\/a>, sem a possibilidade de reduzir o sal\u00e1rio. No entanto, se o empregador preferir que o trabalhador n\u00e3o cumpra, ele precisar\u00e1 pagar o valor corretamente.\u00a0<\/p>\r\n\r\n\r\n\r\n<p>Al\u00e9m disso, caso o profissional j\u00e1 esteja em um novo emprego, ele tamb\u00e9m n\u00e3o precisar\u00e1 cumprir.\u00a0<\/p>\r\n\r\n\r\n\r\n<h3 class=\"wp-block-heading\"><strong>Verbas Rescis\u00f3rias para Demiss\u00e3o por Comum Acordo<\/strong><\/h3>\r\n\r\n\r\n\r\n<p>Nesse sentido, \u00e9 quando o empregado e o empregador entram em um acordo para rescindir o contrato, ou seja, \u00e9 uma decis\u00e3o conjunta. Sendo assim, os direitos do trabalhadores s\u00e3o:<\/p>\r\n\r\n\r\n\r\n<ul class=\"wp-block-list\">\r\n<li>saldo do sal\u00e1rio;<\/li>\r\n<li>f\u00e9rias proporcionais acrescidas de \u2153;<\/li>\r\n<li>caso haja f\u00e9rias vencidas, precisam ser pagas tamb\u00e9m acrescidas de \u2153;<\/li>\r\n<li>d\u00e9cimo terceiro sal\u00e1rio.\u00a0<\/li>\r\n<\/ul>\r\n\r\n\r\n\r\n<p>Contudo, o funcion\u00e1rio pode fazer uma negocia\u00e7\u00e3o com a empresa para receber a metade dos 40% sobre a multa do FGTS e tamb\u00e9m a metade do aviso pr\u00e9vio.\u00a0<\/p>\r\n\r\n\r\n\r\n<h3 class=\"wp-block-heading\"><strong>Verbas Rescis\u00f3rias para Dispensa Sem Justa Causa<\/strong><\/h3>\r\n\r\n\r\n\r\n<p>\u00c0 primeira vista, esse \u00e9 o tipo de contrato rescindido apenas por parte da organiza\u00e7\u00e3o. Pode acontecer por diversos motivos, menos por justa causa. Dessa forma, os direitos dos colaboradores s\u00e3o:<\/p>\r\n\r\n\r\n\r\n<ul class=\"wp-block-list\">\r\n<li>saldo de sal\u00e1rio;<\/li>\r\n<li>aviso-pr\u00e9vio;<\/li>\r\n<li>f\u00e9rias proporcionais acrescidas de \u2153;<\/li>\r\n<li>f\u00e9rias vencidas acrescidas de \u2153 (se houver);<\/li>\r\n<li>13\u00ba sal\u00e1rio;<\/li>\r\n<li>FGTS + 40% de multa.<\/li>\r\n<\/ul>\r\n\r\n\r\n\r\n<p>No entanto, para esses casos, se o empregador exigir que o trabalhador cumpra o aviso pr\u00e9vio, o funcion\u00e1rio ter\u00e1 direito a pedir a redu\u00e7\u00e3o de 2 horas di\u00e1rias sem desconto no sal\u00e1rio.\u00a0<\/p>\r\n\r\n\r\n\r\n<p>Por outro lado, se o empregador negar a redu\u00e7\u00e3o de horas, ele ter\u00e1 que dar ao colaborador 7 dias de folga corridos, sem desconto no sal\u00e1rio.\u00a0<\/p>\r\n\r\n\r\n\r\n<h3 class=\"wp-block-heading\"><strong>Verbas Rescis\u00f3rias para Demiss\u00e3o por Justa Causa<\/strong><\/h3>\r\n\r\n\r\n\r\n<p>O <a href=\"https:\/\/jus.com.br\/artigos\/58109\/justa-causa-do-artigo-482-da-clt\" target=\"_blank\" rel=\"noreferrer noopener\" aria-label=\" (abre numa nova aba)\">Artigo 482 da CLT<\/a>, diz que a justa causa se configura quando:<\/p>\r\n\r\n\r\n\r\n<h4 class=\"wp-block-heading\"><strong>III-ESP\u00c9CIES DE JUSTA CAUSA<\/strong><\/h4>\r\n\r\n\r\n\r\n<blockquote class=\"wp-block-quote is-layout-flow wp-block-quote-is-layout-flow\">\r\n<p>\u00a0\u00a0\u00a0\u00a0\u00a0\u00a0 \u201c<em>S\u00e3o esp\u00e9cies de justa causa aquelas que est\u00e3o elencadas no art. 482 da CLT:<\/em><\/p>\r\n<\/blockquote>\r\n\r\n\r\n\r\n<blockquote class=\"wp-block-quote is-layout-flow wp-block-quote-is-layout-flow\">\r\n<p><em>ato de improbidade.<\/em><\/p>\r\n<p><em>Incontin\u00eancia de conduta ou mau procedimento.<\/em><\/p>\r\n<p><em>Negocia\u00e7\u00e3o habitual por conta pr\u00f3pria ou alheia sem permiss\u00e3o do empregador e quando constituir ato de concorr\u00eancia a empresa para qual trabalha ou for prejudicial ao servi\u00e7o.\u201d<\/em><\/p>\r\n<\/blockquote>\r\n\r\n\r\n\r\n<p>Ou seja, quando o funcion\u00e1rio \u00e9 demitido por algum motivo grave. No caso, isso \u00e9 uma quebra de confian\u00e7a por parte do empregado. Dessa forma, ele perde alguns direitos e s\u00f3 recebe os principais:<\/p>\r\n\r\n\r\n\r\n<ul class=\"wp-block-list\">\r\n<li>Saldo de sal\u00e1rio;<\/li>\r\n<li>F\u00e9rias proporcionais acrescidas de \u2153;<\/li>\r\n<li>F\u00e9rias vencidas acrescidas de \u2153 (se houver);<\/li>\r\n<\/ul>\r\n\r\n\r\n\r\n<h3 class=\"wp-block-heading\"><strong>Verbas Rescis\u00f3rias para Rescis\u00e3o Indireta<\/strong><\/h3>\r\n\r\n\r\n\r\n<p>De fato, muitas pessoas n\u00e3o entendem muito sobre a<a href=\"https:\/\/qrpoint.com.br\/blog\/rescisao-indireta\/\" target=\"_blank\" rel=\"noreferrer noopener\" aria-label=\" rescis\u00e3o indireta (abre numa nova aba)\"> rescis\u00e3o indireta<\/a>, pois al\u00e9m de n\u00e3o ser t\u00e3o frequente, ela n\u00e3o \u00e9 comentada. Mas, \u00e9 necess\u00e1rio entender que existe a possibilidade de o empregado \u201cdemitir\u201d o empregador por <a href=\"https:\/\/qrpoint.com.br\/blog\/demissao-por-justa-causa\/\" target=\"_blank\" rel=\"noreferrer noopener\" aria-label=\" (abre numa nova aba)\">justa causa<\/a>. E a\u00ed, voc\u00ea sabia disso?<\/p>\r\n\r\n\r\n\r\n<p>O <a href=\"https:\/\/andreiarg02.jusbrasil.com.br\/artigos\/565822118\/artigo-483-clt-rescisao-indireta-do-contrato-de-trabalho#:~:text=A%20rescis%C3%A3o%20indireta%20do%20contrato,por%C3%A9m%2C%20com%20verbas%20rescis%C3%B3rias%20diferentes.\" target=\"_blank\" rel=\"noreferrer noopener\" aria-label=\" (abre numa nova aba)\">Artigo 483 da CLT<\/a> explica todos os motivos que o empregador pode ser demitido, por cometer uma falta grave com o colaborador. Alguns s\u00e3o:<\/p>\r\n\r\n\r\n\r\n<ul class=\"wp-block-list\">\r\n<li>quando o colaborador exigir que o funcion\u00e1rio exer\u00e7a uma fun\u00e7\u00e3o superior a sua for\u00e7a;<\/li>\r\n<li>em caso de ofensa f\u00edsica ou verbal;<\/li>\r\n<li>redu\u00e7\u00e3o do trabalho, tentando reduzir significativamente o valor do sal\u00e1rio; entre outros.\u00a0<\/li>\r\n<\/ul>\r\n\r\n\r\n\r\n<p>\u00c9 direito do colaborador receber esses benef\u00edcios no caso de rescis\u00e3o indireta:<\/p>\r\n\r\n\r\n\r\n<ul class=\"wp-block-list\">\r\n<li>saldo de sal\u00e1rio;<\/li>\r\n<li>aviso-pr\u00e9vio;<\/li>\r\n<li>f\u00e9rias proporcionais acrescidas de \u2153;<\/li>\r\n<li>f\u00e9rias vencidas acrescidas de \u2153 (se houver);<\/li>\r\n<li>13\u00ba sal\u00e1rio;<\/li>\r\n<li>FGTS + 40% de multa.<\/li>\r\n<\/ul>\r\n\r\n\r\n\r\n<p>Por fim, caso o empregador conteste as acusa\u00e7\u00f5es e a justi\u00e7a avalie que o empregado respondeu todas as agress\u00f5es com reciprocidade, todos os seus direitos ser\u00e3o reduzidos em 50%.<\/p>\r\n\r\n\r\n\r\n<h3 class=\"wp-block-heading\"><strong>Verbas Rescis\u00f3rias para Rescis\u00e3o de Contrato Antecipado com Prazo Determinado por Pedido de Demiss\u00e3o<\/strong><\/h3>\r\n\r\n\r\n\r\n<p>Neste caso, \u00e9 quando o contrato de trabalho j\u00e1 possui um prazo determinado para encerrar, mas o colaborador pede a demiss\u00e3o antecipada. Com isso, os direitos dos funcion\u00e1rios s\u00e3o:<\/p>\r\n\r\n\r\n\r\n<ul class=\"wp-block-list\">\r\n<li>saldo do sal\u00e1rio;<\/li>\r\n<li>f\u00e9rias proporcionais acrescidas de \u2153;<\/li>\r\n<li>caso haja f\u00e9rias vencidas, precisam ser pagas tamb\u00e9m acrescidas de \u2153;<\/li>\r\n<li>d\u00e9cimo terceiro sal\u00e1rio.\u00a0<\/li>\r\n<\/ul>\r\n\r\n\r\n\r\n<h3 class=\"wp-block-heading\"><strong>Verbas Rescis\u00f3rias para Rescis\u00e3o Antecipada de Contrato com Prazo Determinado Sem Justa Causa<\/strong><\/h3>\r\n\r\n\r\n\r\n<p>A princ\u00edpio, isso acontece quando o contrato de trabalho possui um prazo para terminar, mas, ao contr\u00e1rio do anterior, a demiss\u00e3o ocorre por parte da empresa. No entanto, sem nenhum motivo grave.\u00a0<\/p>\r\n\r\n\r\n\r\n<p>Nesse sentido, os funcion\u00e1rio possuem os seguintes direitos:<\/p>\r\n\r\n\r\n\r\n<ul class=\"wp-block-list\">\r\n<li>saldo de sal\u00e1rio;<\/li>\r\n<li>aviso-pr\u00e9vio;<\/li>\r\n<li>f\u00e9rias proporcionais acrescidas de \u2153;<\/li>\r\n<li>f\u00e9rias vencidas acrescidas de \u2153 (se houver);<\/li>\r\n<li>13\u00ba sal\u00e1rio;<\/li>\r\n<li>FGTS + 40% de multa.<\/li>\r\n<\/ul>\r\n\r\n\r\n\r\n<p>No entanto, \u00e9 importante lembrar que para os contratos Verde Amarelo, destinados a jovens de 18 a 29 anos, geralmente contratados pelo programa Jovem Aprendiz, a situa\u00e7\u00e3o \u00e9 diferente.\u00a0<\/p>\r\n\r\n\r\n\r\n<p>No <a href=\"https:\/\/www.jusbrasil.com.br\/topicos\/10709618\/artigo-479-do-decreto-lei-n-5452-de-01-de-maio-de-1943\" target=\"_blank\" rel=\"noreferrer noopener\" aria-label=\" (abre numa nova aba)\">artigo 479 da CLT<\/a>, diz que, para essas situa\u00e7\u00f5es:<\/p>\r\n\r\n\r\n\r\n<blockquote class=\"wp-block-quote is-layout-flow wp-block-quote-is-layout-flow\">\r\n<p>\u201c<em>Art. 479 &#8211; Nos contratos que tenham termo estipulado, o empregador que, sem justa causa, despedir o empregado ser\u00e1 obrigado a pagar-lhe, a t\u00edtulo de indeniza\u00e7\u00e3o, e por metade, a remunera\u00e7\u00e3o a que teria direito at\u00e9 o t\u00e9rmino do contrato. (Vide Lei n\u00ba 9.601, de 1998)<\/em>\u201d<\/p>\r\n<\/blockquote>\r\n\r\n\r\n\r\n<h3 class=\"wp-block-heading\"><strong>Verbas Rescis\u00f3rias para Rescis\u00e3o Antecipada de Contrato com Prazo Determinado por Justa Causa<\/strong><\/h3>\r\n\r\n\r\n\r\n<p>Neste cen\u00e1rio, o contrato de trabalho \u00e9 rescindido antecipadamente por algum motivo grave que o colaborador cometeu na empresa. Por isso, ele s\u00f3 ter\u00e1 os seguintes direitos:<\/p>\r\n\r\n\r\n\r\n<ul class=\"wp-block-list\">\r\n<li>saldo de sal\u00e1rio;<\/li>\r\n<li>f\u00e9rias vencidas acrescidas de \u2153 (caso haja);<\/li>\r\n<\/ul>\r\n\r\n\r\n\r\n<h3 class=\"wp-block-heading\"><strong>Verbas Rescis\u00f3rias para Extin\u00e7\u00e3o de Contrato por Falecimento do Empregado<\/strong><\/h3>\r\n\r\n\r\n\r\n<p>De fato, esse contrato \u00e9 bem delicado. No caso de <a href=\"https:\/\/qrpoint.com.br\/blog\/rescisao-do-contrato\/\" target=\"_blank\" rel=\"noreferrer noopener\" aria-label=\"rescis\u00e3o de contrato (abre numa nova aba)\">rescis\u00e3o de contrato<\/a> por falecimento, \u00e9 not\u00f3rio que quem recebe os direitos do empregado s\u00e3o os familiares dele. Por isso, os direitos s\u00e3o:<\/p>\r\n\r\n\r\n\r\n<ul class=\"wp-block-list\">\r\n<li>saldo de sal\u00e1rio;<\/li>\r\n<li>f\u00e9rias proporcionais acrescidas de \u2153;<\/li>\r\n<li>f\u00e9rias vencidas acrescidas de \u2153 (se houver);<\/li>\r\n<li>13\u00ba sal\u00e1rio;<\/li>\r\n<li><a href=\"https:\/\/qrpoint.com.br\/blog\/saque-fgts-2022\/\" target=\"_blank\" rel=\"noreferrer noopener\" aria-label=\"FGTS. (abre numa nova aba)\">FGTS.<\/a>\u00a0<\/li>\r\n<\/ul>\r\n\r\n\r\n\r\n<h3 class=\"wp-block-heading\"><strong>Verbas Rescis\u00f3rias para Extin\u00e7\u00e3o de Contrato por Fechamento da Empresa<\/strong><\/h3>\r\n\r\n\r\n\r\n<p>Se houver o decretamento de fal\u00eancia da empresa, n\u00e3o t\u00eam outra sa\u00edda, logo, a rescis\u00e3o dever\u00e1 ser paga com os seguintes benef\u00edcios:<\/p>\r\n\r\n\r\n\r\n<ul class=\"wp-block-list\">\r\n<li>saldo de sal\u00e1rio;<\/li>\r\n<li>aviso-pr\u00e9vio;<\/li>\r\n<li>f\u00e9rias proporcionais acrescidas de \u2153;<\/li>\r\n<li>f\u00e9rias vencidas acrescidas de \u2153 (se houver);<\/li>\r\n<li>13\u00ba sal\u00e1rio;<\/li>\r\n<li>FGTS + 40% de multa.<\/li>\r\n<\/ul>\r\n\r\n\r\n\r\n<h3 class=\"wp-block-heading\"><strong>Verbas Rescis\u00f3rias para Extin\u00e7\u00e3o de Contrato a Prazo Determinado<\/strong><\/h3>\r\n\r\n\r\n\r\n<p>Nesse caso, o contrato de trabalho cumpre o prazo j\u00e1 previsto e por isso, se torna necess\u00e1rio rescindir o contrato. Os direitos s\u00e3o:<\/p>\r\n\r\n\r\n\r\n<ul class=\"wp-block-list\">\r\n<li>saldo de sal\u00e1rio;<\/li>\r\n<li>f\u00e9rias proporcionais acrescidas de \u2153;<\/li>\r\n<li>f\u00e9rias vencidas acrescidas de \u2153 (se houver);<\/li>\r\n<li>13\u00ba sal\u00e1rio;<\/li>\r\n<li>FGTS.\u00a0<\/li>\r\n<\/ul>\r\n\r\n\r\n\r\n<p>Al\u00e9m disso, isso tamb\u00e9m se aplica para casos de contrato de experi\u00eancia.\u00a0<\/p>\r\n\r\n\r\n\r\n<h3 class=\"wp-block-heading\"><strong>Verbas Rescis\u00f3rias para Incontroversas<\/strong><\/h3>\r\n\r\n\r\n\r\n<p>Basicamente, a verba incontroversa \u00e9 aquela n\u00e3o discutida, ou n\u00e3o contestada, desde que tenha provas.\u00a0<\/p>\r\n\r\n\r\n\r\n<p>Sendo assim, se o funcion\u00e1rio diz que n\u00e3o recebeu o \u00faltimo m\u00eas de sal\u00e1rio, e a empresa n\u00e3o contesta, \u00e9 verba incontroversa, sobre a qual incide a multa de 50% do <a href=\"https:\/\/www.jusbrasil.com.br\/topicos\/10711950\/artigo-467-do-decreto-lei-n-5452-de-01-de-maio-de-1943\" target=\"_blank\" rel=\"noreferrer noopener\" aria-label=\" (abre numa nova aba)\">Artigo 467 da CLT<\/a>.\u00a0<\/p>\r\n\r\n\r\n\r\n<p>Por outro lado, caso haja contesta\u00e7\u00e3o e a empresa diz que pagou o sal\u00e1rio do colaborador, o caso \u00e9 levado para a Justi\u00e7a do Trabalho. Ou seja, se o juiz entender que realmente a empresa pagou, a multa \u00e9 afastada.\u00a0<\/p>\r\n\r\n\r\n\r\n<h2 class=\"wp-block-heading\"><strong>Qual \u00e9 o prazo para a empresa pagar as Verbas Rescis\u00f3rias?<\/strong><\/h2>\r\n\r\n\r\n\r\n<p>O Artigo 477 da CLT diz que o prazo para o pagamento das verbas rescis\u00f3rias dos funcion\u00e1rios demitidos, deve ser feito em at\u00e9 10 dias corridos a partir da data do t\u00e9rmino do contrato.\u00a0<\/p>\r\n\r\n\r\n\r\n<p>No entanto, quando o funcion\u00e1rio precisar cumprir o aviso pr\u00e9vio, a data \u00e9 contada a partir do t\u00e9rmino do cumprimento. Caso o prazo n\u00e3o seja respeitado, o empregador ter\u00e1 que pagar uma multa equivalente ao sal\u00e1rio nominal do empregado.\u00a0<\/p>\r\n\r\n\r\n\r\n<p>No entanto, se o atraso for por culpa do trabalhador, a empresa n\u00e3o dever\u00e1 pagar a multa, j\u00e1 que ela tentou e n\u00e3o encontrou os meios para falar com o funcion\u00e1rio. Isso voc\u00ea poder\u00e1 entender melhor em nosso conte\u00fado sobre o Artigo 477.\u00a0<\/p>\r\n\r\n\r\n\r\n<p>Para fazer a leitura, continue lendo este artigo e ao final disponibilizamos um link para que voc\u00ea tenha o acesso, combinado?<\/p>\r\n\r\n\r\n\r\n<h2 class=\"wp-block-heading\"><strong>Quais foram as principais mudan\u00e7as da Reforma Trabalhista?<\/strong><\/h2>\r\n\r\n\r\n\r\n<p>Com a Reforma Trabalhista de 2017, algumas quest\u00f5es da CLT foram alteradas e, as verbas rescis\u00f3rias foi uma dela, veja quais foram as principais mudan\u00e7as:<\/p>\r\n\r\n\r\n\r\n<ul class=\"wp-block-list\">\r\n<li><strong>Termo de quita\u00e7\u00e3o anual<\/strong>:\u00a0 um documento que declara que ambas as partes concordam que as obriga\u00e7\u00f5es trabalhistas foram cumpridas mensalmente e funciona como uma quita\u00e7\u00e3o anual das verbas.<\/li>\r\n<\/ul>\r\n\r\n\r\n\r\n<ul class=\"wp-block-list\">\r\n<li><strong>Possibilidade de demiss\u00e3o consensual<\/strong>: uma negocia\u00e7\u00e3o pode ser feita entre as partes e o funcion\u00e1rio poder\u00e1 solicitar: 80% do FGTS, 20% da multa do FGTS e metade do valor do aviso pr\u00e9vio.\u00a0<\/li>\r\n<\/ul>\r\n\r\n\r\n\r\n<ul class=\"wp-block-list\">\r\n<li><strong>Forma de pagamento das verbas rescis\u00f3rias<\/strong>: agora podem ser pagas em cheque, dinheiro ou dep\u00f3sito banc\u00e1rio, seguindo o prazo de 10 dias corridos a partir da data do t\u00e9rmino do contrato.\u00a0<\/li>\r\n<\/ul>\r\n\r\n\r\n\r\n<ul class=\"wp-block-list\">\r\n<li><strong>Homologa\u00e7\u00e3o sindical<\/strong>: a empresa n\u00e3o \u00e9 mais obrigada a fazer a homologa\u00e7\u00e3o, apenas se houver um acordo coletivo ou descrito na cl\u00e1usula contratual.\u00a0<\/li>\r\n<\/ul>\r\n\r\n\r\n\r\n<h2 class=\"wp-block-heading\"><strong>Como fazer o c\u00e1lculo das Verbas Rescis\u00f3rias?\u00a0<\/strong><\/h2>\r\n\r\n\r\n\r\n<p>At\u00e9 aqui voc\u00ea j\u00e1 conseguiu compreender como funcionam as verbas rescis\u00f3rias para cada tipo de contrato, n\u00e3o \u00e9 mesmo? Ent\u00e3o, vamos te ajudar a fazer o c\u00e1lculo de cada uma delas. Entenda!<\/p>\r\n\r\n\r\n\r\n<p>Como exemplo, n\u00f3s vamos supor que um funcion\u00e1rio recebe um sal\u00e1rio m\u00ednimo de 2022 (R$ 1.212,00) e tenha trabalhado 20 dias do m\u00eas correspondente. Vamos l\u00e1?\u00a0<\/p>\r\n\r\n\r\n\r\n<h3 class=\"wp-block-heading\"><strong>Saldo de Sal\u00e1rio<\/strong><\/h3>\r\n\r\n\r\n\r\n<p>A princ\u00edpio, esse c\u00e1lculo \u00e9 baseado nos dias em que o trabalhador exerceu suas atividades no m\u00eas da rescis\u00e3o contratual. O primeiro passo \u00e9 dividir o valor do sal\u00e1rio por 30 dias.\u00a0<\/p>\r\n\r\n\r\n\r\n<p>O resultado dessa conta, ser\u00e1 o valor que o funcion\u00e1rio recebe por dia. Ap\u00f3s isso, basta multiplicar o valor di\u00e1rio pelos dias trabalhados no m\u00eas. Dessa forma:<\/p>\r\n\r\n\r\n\r\n<p class=\"has-text-color has-background\" style=\"background-color: #a261dd; color: #ffffff;\"><strong>R$ 1.212 \/ 30= R$ 40,40<br \/>R$ 40,40 x 20= R$ 808,00 <\/strong><\/p>\r\n\r\n\r\n\r\n<p>Sendo assim, o sal\u00e1rio proporcional do colaborador ser\u00e1 de <strong>R$ 808,00<\/strong>.\u00a0<\/p>\r\n\r\n\r\n\r\n<h3 class=\"wp-block-heading\"><strong>Aviso Pr\u00e9vio<\/strong><\/h3>\r\n\r\n\r\n\r\n<p>Em primeiro lugar, o aviso pr\u00e9vio \u00e9 a comunica\u00e7\u00e3o de uma parte para outra sobre o desligamento da empresa. Por parte da empresa, esse aviso precisa ser feito com 30 dias de anteced\u00eancia.\u00a0<\/p>\r\n\r\n\r\n\r\n<p>Caso o aviso pr\u00e9vio n\u00e3o seja cumprido, o empregador deve indenizar o funcion\u00e1rio com o pagamento de um m\u00eas de sal\u00e1rio. Nesse sentido, ele deve ter um acr\u00e9scimo de\u00a0 3 dias para cada ano trabalhado na empresa, at\u00e9 o limite de 90 dias. Ou seja, o c\u00e1lculo ficar\u00e1 assim:<\/p>\r\n\r\n\r\n\r\n<p class=\"has-text-color has-background\" style=\"background-color: #a261dd; color: #ffffff;\"><strong>R$ 1.212,00 \/ 30= R$ 40,40 (di\u00e1ria) x 3= R$ 121,20.\u00a0<\/strong><\/p>\r\n\r\n\r\n\r\n<p>Neste caso, <strong>o valor do aviso pr\u00e9vio ser\u00e1 de R$ 1.212 + R$ 121,20 para cada ano trabalhado<\/strong>.\u00a0<\/p>\r\n\r\n\r\n\r\n<h2 class=\"wp-block-heading\"><strong>13\u00ba Proporcional<\/strong><\/h2>\r\n\r\n\r\n\r\n<p>A princ\u00edpio, o c\u00e1lculo acontece a partir dos meses trabalhados no ano corrente. Por isso, \u00e9 preciso dividir o valor do sal\u00e1rio por 12 meses e depois multiplicar pela quantidade de meses trabalhados.\u00a0<\/p>\r\n\r\n\r\n\r\n<p>Por exemplo, suponhamos que o seu colaborador tenha trabalhado por 6 meses, ent\u00e3o, o c\u00e1lculo ser\u00e1 feito da seguinte forma:<\/p>\r\n\r\n\r\n\r\n<p class=\"has-text-color has-background\" style=\"background-color: #a261dd; color: #ffffff;\"><strong>R$ 1.212,00 \/ 12= R$ 101,00 x 6= R$ 606,00<\/strong><\/p>\r\n\r\n\r\n\r\n<p>Sendo assim, o valor do d\u00e9cimo terceiro \u00e9 <strong>R$ 606,00<\/strong>.\u00a0<\/p>\r\n\r\n\r\n\r\n<h2 class=\"wp-block-heading\"><strong>F\u00e9rias<\/strong><\/h2>\r\n\r\n\r\n\r\n<p>Embora o c\u00e1lculo seja muito parecido com o anterior, existe um acr\u00e9scimo de \u2153 em cima das f\u00e9rias. Pois bem, a demiss\u00e3o pode ocorrer antes de o funcion\u00e1rio tirar o seu per\u00edodo de f\u00e9rias.\u00a0<\/p>\r\n\r\n\r\n\r\n<p>Ent\u00e3o, o empregador deve fazer o pagamento das f\u00e9rias n\u00e3o tiradas e das proporcionais n\u00e3o adquiridas. Calma, vamos te explicar cada c\u00e1lculo!<\/p>\r\n\r\n\r\n\r\n<p class=\"has-text-color has-background\" style=\"background-color: #a261dd; color: #ffffff;\"><strong>F\u00e9rias Integrais = Valor do Sal\u00e1rio + \u2153\u00a0<\/strong><br \/><strong> R$ 1.212,00 \/ 3= R$ 404,00 (\u2153 das f\u00e9rias) <br \/>R$ 1.212,00 + R$ 404,00 = R$ 1616,00. <\/strong><\/p>\r\n\r\n\r\n\r\n<p>ou\u00a0<\/p>\r\n\r\n\r\n\r\n<p class=\"has-text-color has-background\" style=\"background-color: #a261dd; color: #ffffff;\"><strong>F\u00e9rias Proporcionais = Valor do Sal\u00e1rio \/ 12 x trabalhados + \u2153\u00a0<\/strong><br \/>1- <strong>R$ 1.212,00 \/ 12= R$ 101,00 x 6 (meses trabalhados)= R$ 606,00 <br \/>2- R$ 606,00 \/ 3 (\u2153 das f\u00e9rias)= R$ 202,00 <br \/>3- R$ 606,00 + R$ 202,00= R$ 808,00 <\/strong><\/p>\r\n\r\n\r\n\r\n<h2 class=\"wp-block-heading\"><strong>FGTS + 40% de multa como uma das verbas rescis\u00f3rias<\/strong><\/h2>\r\n\r\n\r\n\r\n<p>Por fim, o c\u00e1lculo do FGTS. Primeiramente \u00e9 importante conferir o saldo FGTS e o dep\u00f3sito. Por exemplo, imagine que um colaborador trabalhou por 2 anos na sua empresa.\u00a0<\/p>\r\n\r\n\r\n\r\n<p class=\"has-text-color has-background\" style=\"background-color: #a261dd; color: #ffffff;\"><strong>FGTS= sal\u00e1rio + 8% x n\u00famero de meses trabalhados<\/strong><\/p>\r\n\r\n\r\n\r\n<p>Em nosso exemplo, o valor de 8% do sal\u00e1rio do colaborador \u00e9 de R$ 96,96. Nesse sentido, o trabalhador exerceu suas atividades por 24 meses, ent\u00e3o, o valor a ser pago para o colaborador \u00e9<strong> R$ 2.327,04<\/strong>.\u00a0<\/p>\r\n\r\n\r\n\r\n<p class=\"has-text-color has-background\" style=\"background-color: #a261dd; color: #ffffff;\"><strong>Multa de 40%: valor do FGTS depositado x 40 \/ 100<br \/>R$ 2.327,04 x 40 \/ 100= R$ 930,82.\u00a0<\/strong><\/p>\r\n\r\n\r\n\r\n<p>Conseguiu compreender? Esperamos que sim!<\/p>\r\n\r\n\r\n\r\n<h2 class=\"wp-block-heading\"><strong>Conclus\u00e3o<\/strong><\/h2>\r\n\r\n\r\n\r\n\r\n\r\n<p>Sem d\u00favida, \u00e9 muito importante se atentar aos detalhes quando o assunto \u00e9 verbas rescis\u00f3rias. Afinal, qualquer erro pode ser fatal, acarretando multas e processos trabalhistas.\u00a0<\/p>\r\n\r\n\r\n\r\n<p>Dessa forma, neste artigo falamos sobre o que s\u00e3o as verbas rescis\u00f3rias, como elas funcionam e como fazer o c\u00e1lculo de cada uma delas, com exemplos pr\u00e1ticos.\u00a0<\/p>\r\n\r\n\r\n\r\n<p>Mas sabemos que, se a sua empresa for de grande porte, essas contas feitas manualmente se tornam humanamente imposs\u00edveis. Por isso, \u00e9 muito importante automatizar o seu <a href=\"https:\/\/qrpoint.com.br\/blog\/recursos-humanos\/\" target=\"_blank\" rel=\"noreferrer noopener\" aria-label=\"setor de recursos humanos (abre numa nova aba)\">setor de recursos humanos<\/a>.\u00a0<\/p>\r\n\r\n\r\n\r\n<p>Quer uma dica? Conhe\u00e7a a QRPoint! Nosso sistema de controle de ponto conta com diversas ferramentas que podem ajudar voc\u00ea, como por exemplo, c\u00e1lculos autom\u00e1ticos.\u00a0<\/p>\r\n\r\n\r\n\r\n<p>Para saber mais, continue a leitura!<\/p>\r\n\r\n\r\n\r\n<h2 class=\"wp-block-heading\"><strong>Como o QRPoint pode contribuir para a sua empresa?<\/strong><\/h2>\r\n\r\n\r\n\r\n<p>Em primeiro lugar, a QRPoint chegou para garantir que sua empresa siga todas as normas da legisla\u00e7\u00e3o, e para isso acontecer \u00e9 necess\u00e1rio um sistema de controle de ponto com muita qualidade!<\/p>\r\n\r\n\r\n\r\n<p>Dessa forma, garantimos que a equipe de RH da sua empresa trabalhar\u00e1 primordialmente na <a href=\"https:\/\/qrpoint.com.br\/blog\/gestao-de-pessoas\/\" target=\"_blank\" rel=\"noreferrer noopener\" aria-label=\"gest\u00e3o de pessoas (abre numa nova aba)\">gest\u00e3o de pessoas<\/a>, pois cuidar do bem estar dos seus colaboradores faz toda diferen\u00e7a no desenvolvimento e produtividade da rotina de trabalho.<\/p>\r\n\r\n\r\n\r\n<p>Isso s\u00f3 \u00e9 poss\u00edvel porque a QRPoint cuida de todos os processos para voc\u00ea, oferecendo diversas vantagens aos seus colaboradores, como a possibilidade do controle de ponto online. Al\u00e9m disso, garantimos que tudo aconte\u00e7a dentro do que a lei estabelece.\u00a0\u00a0<\/p>\r\n\r\n\r\n\r\n<p>No entanto, somos um <a href=\"https:\/\/qrpoint.com.br\/blog\/controle-de-ponto-online2\/\" target=\"_blank\" rel=\"noreferrer noopener\" aria-label=\"software de controle de ponto online (abre numa nova aba)\">software de controle de ponto online<\/a> que al\u00e9m de permitir o registro de ponto em qualquer localiza\u00e7\u00e3o, tamb\u00e9m colaboramos para que a sua empresa cumpra todas as responsabilidades trabalhistas.\u00a0<\/p>\r\n\r\n\r\n\r\n<p>\u00c9 poss\u00edvel que em nosso sistema de controle de ponto sejam lan\u00e7adas as informa\u00e7\u00f5es sobre faltas, saldos negativos de horas trabalhadas, e at\u00e9 mesmo as horas extras de seus funcion\u00e1rios.<\/p>\r\n\r\n\r\n\r\n<p>Ademais, voc\u00ea pode evitar que poss\u00edveis falhas humanas aconte\u00e7am no RH da sua empresa contratando os <a href=\"https:\/\/qrpoint.com.br\/blog\/controle-de-ponto\/\" target=\"_blank\" rel=\"noreferrer noopener\" aria-label=\"servi\u00e7os de controle de ponto da QRPoint (abre numa nova aba)\">servi\u00e7os de controle de ponto da QRPoint<\/a>. Al\u00e9m de permitir que a gest\u00e3o de pessoas do seu empreendimento cuide mais dos seus colaboradores.<\/p>\r\n\r\n\r\n\r\n<p>Sendo assim, contrate a QRPoint como o sistema de controle de ponto online da sua empresa, e garanta a automatiza\u00e7\u00e3o dos processos com a melhor tecnologia de registro de ponto a cada atualiza\u00e7\u00e3o!<\/p>\r\n\r\n\r\n\r\n<h2 class=\"wp-block-heading\"><strong>Como a QRPoint funciona?<\/strong><\/h2>\r\n\r\n\r\n\r\n<p>Para dar in\u00edcio, n\u00f3s fornecemos o <a href=\"https:\/\/qrpoint.com.br\/funcionalidades\/registro-rapido\/\" target=\"_blank\" rel=\"noreferrer noopener\" aria-label=\" (abre numa nova aba)\">registro r\u00e1pido<\/a> dos seus colaboradores no software de controle de ponto, reduzindo a dificuldade na hora de adotar o novo sistema.<\/p>\r\n\r\n\r\n\r\n<p>Uma vez que tudo j\u00e1 estiver nos conformes, voc\u00ea vai poder aproveitar do app do gestor, um dos nossos maiores benef\u00edcios.<\/p>\r\n\r\n\r\n\r\n<p>\u00c9 atrav\u00e9s do<a href=\"https:\/\/qrpoint.com.br\/funcionalidades\/aplicativo-do-gestor\/\" target=\"_blank\" rel=\"noreferrer noopener\" aria-label=\" (abre numa nova aba)\"> aplicativo do gestor<\/a> que voc\u00ea ter\u00e1 acesso a <a href=\"https:\/\/qrpoint.com.br\/funcionalidades\/dashboards-indicadores\/\" target=\"_blank\" rel=\"noreferrer noopener\" aria-label=\" (abre numa nova aba)\">dashboards de indicadores<\/a>, mostrando todos os colaboradores que est\u00e3o dentro da organiza\u00e7\u00e3o trabalhando, al\u00e9m daqueles que est\u00e3o de f\u00e9rias e muito mais!<\/p>\r\n\r\n\r\n\r\n<p>Portanto, para garantir a estadia do colaborador dentro do local de trabalho, n\u00f3s usamos os recursos de <a href=\"https:\/\/qrpoint.com.br\/funcionalidades\/geolocalizacao\/\" target=\"_blank\" rel=\"noreferrer noopener\" aria-label=\" (abre numa nova aba)\">geolocaliza\u00e7\u00e3o<\/a> para criar uma <a href=\"https:\/\/qrpoint.com.br\/funcionalidades\/cerca-digital\/\" target=\"_blank\" rel=\"noreferrer noopener\" aria-label=\" (abre numa nova aba)\">cerca digital<\/a> que garante exatamente onde o <a href=\"https:\/\/qrpoint.com.br\/blog\/ponto-online\/\" target=\"_blank\" rel=\"noreferrer noopener\" aria-label=\"ponto online (abre numa nova aba)\">ponto online<\/a> ou o ponto offline est\u00e1 sendo registrado.<\/p>\r\n\r\n\r\n\r\n<p>E pensando na seguran\u00e7a tanto do colaborador quanto do gestor, o controle de ponto \u00e9 registrado atrav\u00e9s do <a href=\"https:\/\/qrpoint.com.br\/funcionalidades\/reconhecimento-facial\/\" target=\"_blank\" rel=\"noreferrer noopener\" aria-label=\" (abre numa nova aba)\">reconhecimento biom\u00e9trico<\/a> do profissional. N\u00f3s tamb\u00e9m mantemos o <a href=\"https:\/\/qrpoint.com.br\/funcionalidades\/banco-de-horas\/\" target=\"_blank\" rel=\"noreferrer noopener\" aria-label=\" (abre numa nova aba)\">banco de horas<\/a> de todos os colaboradores, permitindo mudan\u00e7as nele se necess\u00e1rio.<\/p>\r\n\r\n\r\n\r\n<p><a href=\"https:\/\/qrpoint.com.br\/contato\/\" target=\"_blank\" rel=\"noreferrer noopener\" aria-label=\" (abre numa nova aba)\">Entre em contato<\/a> para tirar qualquer d\u00favida sobre o nosso sistema de controle de ponto com nossa equipe. Ficou interessado e quer os benef\u00edcios do QRPoint na sua empresa? Fa\u00e7a hoje mesmo um <a href=\"https:\/\/cadastro.qrpoint.com.br\/\" target=\"_blank\" rel=\"noreferrer noopener\" aria-label=\" (abre numa nova aba)\">teste do controle de ponto gratuito<\/a> e prove a facilidade de ter o <a href=\"https:\/\/qrpoint.com.br\/funcionalidades\/calculo-de-horas-adicionais-e-faltas\/\" target=\"_blank\" rel=\"noreferrer noopener\" aria-label=\" (abre numa nova aba)\">c\u00e1lculo de horas, adicionais e faltas feito automaticamente<\/a>.<\/p>\r\n\r\n\r\n\r\n<p>Ent\u00e3o, n\u00e3o vai perder a oportunidade de automatizar a sua empresa com o melhor software de controle de ponto online, n\u00e9? Saiba mais sobre o nosso controle de ponto em nosso site!<\/p>\r\n\r\n\r\n\r\n<p>Al\u00e9m disso, voc\u00ea pode acompanhar mais conte\u00fados em nossas redes sociais: <a href=\"https:\/\/www.linkedin.com\/company\/qrpoint\" target=\"_blank\" rel=\"noreferrer noopener\" aria-label=\" (abre numa nova aba)\">LinkedIn<\/a>, <a href=\"https:\/\/www.instagram.com\/qrpoint\/\" target=\"_blank\" rel=\"noreferrer noopener\" aria-label=\" (abre numa nova aba)\">Instagram<\/a> e <a href=\"https:\/\/www.facebook.com\/qrpoint\" target=\"_blank\" rel=\"noreferrer noopener\" aria-label=\" (abre numa nova aba)\">Facebook<\/a>.<\/p>\r\n\r\n\r\n\r\n<h2 class=\"wp-block-heading\"><strong>O que voc\u00ea perdeu?<\/strong><\/h2>\r\n\r\n\r\n\r\n<h3 class=\"wp-block-heading\"><strong>Artigo 477: tudo sobre a multa por atraso das verbas rescis\u00f3rias!<\/strong><\/h3>\r\n\r\n\r\n\r\n<p>Quem j\u00e1 foi demitido ou trabalha com o processo de demiss\u00e3o, sabe que todo o colaborador que \u00e9 demitido sem justa causa, recebe uma indeniza\u00e7\u00e3o das respectivas empresas. No entanto, o atraso desse pagamento pode gerar s\u00e9rios problemas para a empresa, como consta no Artigo 477, da CLT.\u00a0<\/p>\r\n\r\n\r\n\r\n<p>Pois bem, para que voc\u00ea possa entender melhor, a verba rescis\u00f3ria deve ser paga em at\u00e9 10 dias ap\u00f3s a demiss\u00e3o, por isso, se a empresa n\u00e3o cumprir com o pagamento neste per\u00edodo de tempo, ela pode pagar multa.\u00a0<\/p>\r\n\r\n\r\n\r\n<p>Entretanto, o Artigo 477 da CLT \u00e9 justamente o cap\u00edtulo da \u201crescis\u00e3o\u201d. Ou seja, esse artigo \u00e9 muito importante para orientar sobre todos os processos que devem ser tomados em rela\u00e7\u00e3o ao procedimento da rescis\u00e3o.\u00a0<\/p>\r\n\r\n\r\n\r\n<p>Sendo assim, neste artigo iremos explicar tudo o que voc\u00ea precisa saber sobre o Artigo 477 da CLT. Para ler o artigo completo, basta clicar no bot\u00e3o abaixo!<\/p>\r\n\r\n\r\n\r\n<p class=\"has-text-color\" style=\"color: #622d7d; text-align: center;\"><strong><a href=\"https:\/\/qrpoint.com.br\/blog\/artigo-477\/#:~:text=Qual%20%C3%A9%20o%20valor%20da,o%20sal%C3%A1rio%20base%20do%20colaborador.\" target=\"_blank\" rel=\"noreferrer noopener\" aria-label=\"QUERO LER O CONTE\u00daDO COMPLETO (abre numa nova aba)\">QUERO LER O CONTE\u00daDO COMPLETO<\/a><\/strong><\/p>\r\n","protected":false},"excerpt":{"rendered":"<p>As verbas rescis\u00f3rias s\u00e3o direitos que o funcion\u00e1rio possui ao rescindir o contrato com a empresa. No entanto, o colaborador pode ser demitido ou pedir demiss\u00e3o e, claro, existem algumas regrinhas para cada situa\u00e7\u00e3o, afinal, existem alguns tipos de rescis\u00e3o de contrato.\u00a0 Por isso, \u00e9 muito importante que as empresas fiquem atentas nos pagamentos e &hellip;<\/p>\n<p class=\"read-more\"> <a class=\"\" href=\"https:\/\/qrpoint.io\/blog\/verbas-rescisorias\/\"> <span class=\"screen-reader-text\">Verbas Rescis\u00f3rias: aprenda como fazer o c\u00e1lculo corretamente!<\/span> Leia mais &raquo;<\/a><\/p>\n","protected":false},"author":8,"featured_media":6983,"comment_status":"open","ping_status":"open","sticky":false,"template":"","format":"standard","meta":{"site-sidebar-layout":"default","site-content-layout":"default","ast-global-header-display":"","ast-main-header-display":"","ast-hfb-above-header-display":"","ast-hfb-below-header-display":"","ast-hfb-mobile-header-display":"","site-post-title":"","ast-breadcrumbs-content":"","ast-featured-img":"","footer-sml-layout":"","theme-transparent-header-meta":"default","adv-header-id-meta":"","stick-header-meta":"","header-above-stick-meta":"","header-main-stick-meta":"","header-below-stick-meta":"","footnotes":""},"categories":[29],"tags":[],"class_list":["post-5919","post","type-post","status-publish","format-standard","has-post-thumbnail","hentry","category-legislacao"],"yoast_head":"<!-- This site is optimized with the Yoast SEO Premium plugin v19.2 (Yoast SEO v20.2.1) - https:\/\/yoast.com\/wordpress\/plugins\/seo\/ -->\n<title>Verbas Rescis\u00f3rias: aprenda como fazer o c\u00e1lculo corretamente!<\/title>\n<meta name=\"description\" content=\"Entenda quais s\u00e3o as verbas rescis\u00f3rias e como calcul\u00e1-las de forma correta. Al\u00e9m disso, saiba quais s\u00e3o os prazos para o pagamento.\" \/>\n<meta name=\"robots\" content=\"index, follow, max-snippet:-1, max-image-preview:large, max-video-preview:-1\" \/>\n<link rel=\"canonical\" href=\"https:\/\/qrpoint.io\/blog\/verbas-rescisorias\/\" \/>\n<meta property=\"og:locale\" content=\"pt_BR\" \/>\n<meta property=\"og:type\" content=\"article\" \/>\n<meta property=\"og:title\" content=\"Verbas Rescis\u00f3rias: aprenda como fazer o c\u00e1lculo corretamente!\" \/>\n<meta property=\"og:description\" content=\"Entenda quais s\u00e3o as verbas rescis\u00f3rias e como calcul\u00e1-las de forma correta. Al\u00e9m disso, saiba quais s\u00e3o os prazos para o pagamento.\" \/>\n<meta property=\"og:url\" content=\"https:\/\/qrpoint.io\/blog\/verbas-rescisorias\/\" \/>\n<meta property=\"og:site_name\" content=\"QRpoint\" \/>\n<meta property=\"article:publisher\" content=\"https:\/\/pt-br.facebook.com\/qrpoint\/\" \/>\n<meta property=\"article:published_time\" content=\"2022-08-29T15:46:16+00:00\" \/>\n<meta property=\"article:modified_time\" content=\"2022-09-05T15:19:58+00:00\" \/>\n<meta property=\"og:image\" content=\"https:\/\/qrpoint.io\/blog\/wp-content\/uploads\/2022\/08\/Verbas-Resciso\u0301rias-1024x683-1.jpg\" \/>\n\t<meta property=\"og:image:width\" content=\"1024\" \/>\n\t<meta property=\"og:image:height\" content=\"683\" \/>\n\t<meta property=\"og:image:type\" content=\"image\/jpeg\" \/>\n<meta name=\"author\" content=\"Mariana Miranda\" \/>\n<meta name=\"twitter:card\" content=\"summary_large_image\" \/>\n<meta name=\"twitter:label1\" content=\"Escrito por\" \/>\n\t<meta name=\"twitter:data1\" content=\"Mariana Miranda\" \/>\n\t<meta name=\"twitter:label2\" content=\"Est. tempo de leitura\" \/>\n\t<meta name=\"twitter:data2\" content=\"18 minutos\" \/>\n<script type=\"application\/ld+json\" class=\"yoast-schema-graph\">{\"@context\":\"https:\/\/schema.org\",\"@graph\":[{\"@type\":\"Article\",\"@id\":\"https:\/\/qrpoint.io\/blog\/verbas-rescisorias\/#article\",\"isPartOf\":{\"@id\":\"https:\/\/qrpoint.io\/blog\/verbas-rescisorias\/\"},\"author\":{\"name\":\"Mariana Miranda\",\"@id\":\"https:\/\/qrpoint.io\/blog\/#\/schema\/person\/b220cd9663897e8d071907110957749e\"},\"headline\":\"Verbas Rescis\u00f3rias: aprenda como fazer o c\u00e1lculo corretamente!\",\"datePublished\":\"2022-08-29T15:46:16+00:00\",\"dateModified\":\"2022-09-05T15:19:58+00:00\",\"mainEntityOfPage\":{\"@id\":\"https:\/\/qrpoint.io\/blog\/verbas-rescisorias\/\"},\"wordCount\":3406,\"commentCount\":0,\"publisher\":{\"@id\":\"https:\/\/qrpoint.io\/blog\/#organization\"},\"articleSection\":[\"Legisla\u00e7\u00e3o\"],\"inLanguage\":\"pt-BR\",\"potentialAction\":[{\"@type\":\"CommentAction\",\"name\":\"Comment\",\"target\":[\"https:\/\/qrpoint.io\/blog\/verbas-rescisorias\/#respond\"]}]},{\"@type\":\"WebPage\",\"@id\":\"https:\/\/qrpoint.io\/blog\/verbas-rescisorias\/\",\"url\":\"https:\/\/qrpoint.io\/blog\/verbas-rescisorias\/\",\"name\":\"Verbas Rescis\u00f3rias: aprenda como fazer o c\u00e1lculo corretamente!\",\"isPartOf\":{\"@id\":\"https:\/\/qrpoint.io\/blog\/#website\"},\"datePublished\":\"2022-08-29T15:46:16+00:00\",\"dateModified\":\"2022-09-05T15:19:58+00:00\",\"description\":\"Entenda quais s\u00e3o as verbas rescis\u00f3rias e como calcul\u00e1-las de forma correta. Al\u00e9m disso, saiba quais s\u00e3o os prazos para o pagamento.\",\"breadcrumb\":{\"@id\":\"https:\/\/qrpoint.io\/blog\/verbas-rescisorias\/#breadcrumb\"},\"inLanguage\":\"pt-BR\",\"potentialAction\":[{\"@type\":\"ReadAction\",\"target\":[\"https:\/\/qrpoint.io\/blog\/verbas-rescisorias\/\"]}]},{\"@type\":\"BreadcrumbList\",\"@id\":\"https:\/\/qrpoint.io\/blog\/verbas-rescisorias\/#breadcrumb\",\"itemListElement\":[{\"@type\":\"ListItem\",\"position\":1,\"name\":\"Home\",\"item\":\"https:\/\/qrpoint.io\/blog\/\"},{\"@type\":\"ListItem\",\"position\":2,\"name\":\"Verbas Rescis\u00f3rias: aprenda como fazer o c\u00e1lculo corretamente!\"}]},{\"@type\":\"WebSite\",\"@id\":\"https:\/\/qrpoint.io\/blog\/#website\",\"url\":\"https:\/\/qrpoint.io\/blog\/\",\"name\":\"QRpoint\",\"description\":\"Melhor Sistema de Controle de Ponto do Brasil! Tecnologia de RH capaz de simplificar os processos do RH da sua empresa! Confira!\",\"publisher\":{\"@id\":\"https:\/\/qrpoint.io\/blog\/#organization\"},\"potentialAction\":[{\"@type\":\"SearchAction\",\"target\":{\"@type\":\"EntryPoint\",\"urlTemplate\":\"https:\/\/qrpoint.io\/blog\/?s={search_term_string}\"},\"query-input\":\"required name=search_term_string\"}],\"inLanguage\":\"pt-BR\"},{\"@type\":\"Organization\",\"@id\":\"https:\/\/qrpoint.io\/blog\/#organization\",\"name\":\"QRpoint\",\"url\":\"https:\/\/qrpoint.io\/blog\/\",\"logo\":{\"@type\":\"ImageObject\",\"inLanguage\":\"pt-BR\",\"@id\":\"https:\/\/qrpoint.io\/blog\/#\/schema\/logo\/image\/\",\"url\":\"https:\/\/qrpoint.io\/wp-content\/uploads\/2022\/09\/Twitter-avatar-100x100-1.png\",\"contentUrl\":\"https:\/\/qrpoint.io\/wp-content\/uploads\/2022\/09\/Twitter-avatar-100x100-1.png\",\"width\":100,\"height\":100,\"caption\":\"QRpoint\"},\"image\":{\"@id\":\"https:\/\/qrpoint.io\/blog\/#\/schema\/logo\/image\/\"},\"sameAs\":[\"https:\/\/pt-br.facebook.com\/qrpoint\/\",\"https:\/\/www.instagram.com\/qrpoint\/\"]},{\"@type\":\"Person\",\"@id\":\"https:\/\/qrpoint.io\/blog\/#\/schema\/person\/b220cd9663897e8d071907110957749e\",\"name\":\"Mariana Miranda\",\"image\":{\"@type\":\"ImageObject\",\"inLanguage\":\"pt-BR\",\"@id\":\"https:\/\/qrpoint.io\/blog\/#\/schema\/person\/image\/\",\"url\":\"https:\/\/secure.gravatar.com\/avatar\/7f696fbea5d327fb33d8920c527ae5e5a424e5b26421f0c8a4f774ecc49e5348?s=96&d=mm&r=g\",\"contentUrl\":\"https:\/\/secure.gravatar.com\/avatar\/7f696fbea5d327fb33d8920c527ae5e5a424e5b26421f0c8a4f774ecc49e5348?s=96&d=mm&r=g\",\"caption\":\"Mariana Miranda\"},\"url\":\"https:\/\/qrpoint.io\/blog\/author\/mariana-miranda\/\"}]}<\/script>\n<!-- \/ Yoast SEO Premium plugin. -->","yoast_head_json":{"title":"Verbas Rescis\u00f3rias: aprenda como fazer o c\u00e1lculo corretamente!","description":"Entenda quais s\u00e3o as verbas rescis\u00f3rias e como calcul\u00e1-las de forma correta. Al\u00e9m disso, saiba quais s\u00e3o os prazos para o pagamento.","robots":{"index":"index","follow":"follow","max-snippet":"max-snippet:-1","max-image-preview":"max-image-preview:large","max-video-preview":"max-video-preview:-1"},"canonical":"https:\/\/qrpoint.io\/blog\/verbas-rescisorias\/","og_locale":"pt_BR","og_type":"article","og_title":"Verbas Rescis\u00f3rias: aprenda como fazer o c\u00e1lculo corretamente!","og_description":"Entenda quais s\u00e3o as verbas rescis\u00f3rias e como calcul\u00e1-las de forma correta. Al\u00e9m disso, saiba quais s\u00e3o os prazos para o pagamento.","og_url":"https:\/\/qrpoint.io\/blog\/verbas-rescisorias\/","og_site_name":"QRpoint","article_publisher":"https:\/\/pt-br.facebook.com\/qrpoint\/","article_published_time":"2022-08-29T15:46:16+00:00","article_modified_time":"2022-09-05T15:19:58+00:00","og_image":[{"width":1024,"height":683,"url":"https:\/\/qrpoint.io\/blog\/wp-content\/uploads\/2022\/08\/Verbas-Resciso\u0301rias-1024x683-1.jpg","type":"image\/jpeg"}],"author":"Mariana Miranda","twitter_card":"summary_large_image","twitter_misc":{"Escrito por":"Mariana Miranda","Est. tempo de leitura":"18 minutos"},"schema":{"@context":"https:\/\/schema.org","@graph":[{"@type":"Article","@id":"https:\/\/qrpoint.io\/blog\/verbas-rescisorias\/#article","isPartOf":{"@id":"https:\/\/qrpoint.io\/blog\/verbas-rescisorias\/"},"author":{"name":"Mariana Miranda","@id":"https:\/\/qrpoint.io\/blog\/#\/schema\/person\/b220cd9663897e8d071907110957749e"},"headline":"Verbas Rescis\u00f3rias: aprenda como fazer o c\u00e1lculo corretamente!","datePublished":"2022-08-29T15:46:16+00:00","dateModified":"2022-09-05T15:19:58+00:00","mainEntityOfPage":{"@id":"https:\/\/qrpoint.io\/blog\/verbas-rescisorias\/"},"wordCount":3406,"commentCount":0,"publisher":{"@id":"https:\/\/qrpoint.io\/blog\/#organization"},"articleSection":["Legisla\u00e7\u00e3o"],"inLanguage":"pt-BR","potentialAction":[{"@type":"CommentAction","name":"Comment","target":["https:\/\/qrpoint.io\/blog\/verbas-rescisorias\/#respond"]}]},{"@type":"WebPage","@id":"https:\/\/qrpoint.io\/blog\/verbas-rescisorias\/","url":"https:\/\/qrpoint.io\/blog\/verbas-rescisorias\/","name":"Verbas Rescis\u00f3rias: aprenda como fazer o c\u00e1lculo corretamente!","isPartOf":{"@id":"https:\/\/qrpoint.io\/blog\/#website"},"datePublished":"2022-08-29T15:46:16+00:00","dateModified":"2022-09-05T15:19:58+00:00","description":"Entenda quais s\u00e3o as verbas rescis\u00f3rias e como calcul\u00e1-las de forma correta. Al\u00e9m disso, saiba quais s\u00e3o os prazos para o pagamento.","breadcrumb":{"@id":"https:\/\/qrpoint.io\/blog\/verbas-rescisorias\/#breadcrumb"},"inLanguage":"pt-BR","potentialAction":[{"@type":"ReadAction","target":["https:\/\/qrpoint.io\/blog\/verbas-rescisorias\/"]}]},{"@type":"BreadcrumbList","@id":"https:\/\/qrpoint.io\/blog\/verbas-rescisorias\/#breadcrumb","itemListElement":[{"@type":"ListItem","position":1,"name":"Home","item":"https:\/\/qrpoint.io\/blog\/"},{"@type":"ListItem","position":2,"name":"Verbas Rescis\u00f3rias: aprenda como fazer o c\u00e1lculo corretamente!"}]},{"@type":"WebSite","@id":"https:\/\/qrpoint.io\/blog\/#website","url":"https:\/\/qrpoint.io\/blog\/","name":"QRpoint","description":"Melhor Sistema de Controle de Ponto do Brasil! Tecnologia de RH capaz de simplificar os processos do RH da sua empresa! Confira!","publisher":{"@id":"https:\/\/qrpoint.io\/blog\/#organization"},"potentialAction":[{"@type":"SearchAction","target":{"@type":"EntryPoint","urlTemplate":"https:\/\/qrpoint.io\/blog\/?s={search_term_string}"},"query-input":"required name=search_term_string"}],"inLanguage":"pt-BR"},{"@type":"Organization","@id":"https:\/\/qrpoint.io\/blog\/#organization","name":"QRpoint","url":"https:\/\/qrpoint.io\/blog\/","logo":{"@type":"ImageObject","inLanguage":"pt-BR","@id":"https:\/\/qrpoint.io\/blog\/#\/schema\/logo\/image\/","url":"https:\/\/qrpoint.io\/wp-content\/uploads\/2022\/09\/Twitter-avatar-100x100-1.png","contentUrl":"https:\/\/qrpoint.io\/wp-content\/uploads\/2022\/09\/Twitter-avatar-100x100-1.png","width":100,"height":100,"caption":"QRpoint"},"image":{"@id":"https:\/\/qrpoint.io\/blog\/#\/schema\/logo\/image\/"},"sameAs":["https:\/\/pt-br.facebook.com\/qrpoint\/","https:\/\/www.instagram.com\/qrpoint\/"]},{"@type":"Person","@id":"https:\/\/qrpoint.io\/blog\/#\/schema\/person\/b220cd9663897e8d071907110957749e","name":"Mariana Miranda","image":{"@type":"ImageObject","inLanguage":"pt-BR","@id":"https:\/\/qrpoint.io\/blog\/#\/schema\/person\/image\/","url":"https:\/\/secure.gravatar.com\/avatar\/7f696fbea5d327fb33d8920c527ae5e5a424e5b26421f0c8a4f774ecc49e5348?s=96&d=mm&r=g","contentUrl":"https:\/\/secure.gravatar.com\/avatar\/7f696fbea5d327fb33d8920c527ae5e5a424e5b26421f0c8a4f774ecc49e5348?s=96&d=mm&r=g","caption":"Mariana Miranda"},"url":"https:\/\/qrpoint.io\/blog\/author\/mariana-miranda\/"}]}},"_links":{"self":[{"href":"https:\/\/qrpoint.io\/blog\/wp-json\/wp\/v2\/posts\/5919","targetHints":{"allow":["GET"]}}],"collection":[{"href":"https:\/\/qrpoint.io\/blog\/wp-json\/wp\/v2\/posts"}],"about":[{"href":"https:\/\/qrpoint.io\/blog\/wp-json\/wp\/v2\/types\/post"}],"author":[{"embeddable":true,"href":"https:\/\/qrpoint.io\/blog\/wp-json\/wp\/v2\/users\/8"}],"replies":[{"embeddable":true,"href":"https:\/\/qrpoint.io\/blog\/wp-json\/wp\/v2\/comments?post=5919"}],"version-history":[{"count":0,"href":"https:\/\/qrpoint.io\/blog\/wp-json\/wp\/v2\/posts\/5919\/revisions"}],"wp:featuredmedia":[{"embeddable":true,"href":"https:\/\/qrpoint.io\/blog\/wp-json\/wp\/v2\/media\/6983"}],"wp:attachment":[{"href":"https:\/\/qrpoint.io\/blog\/wp-json\/wp\/v2\/media?parent=5919"}],"wp:term":[{"taxonomy":"category","embeddable":true,"href":"https:\/\/qrpoint.io\/blog\/wp-json\/wp\/v2\/categories?post=5919"},{"taxonomy":"post_tag","embeddable":true,"href":"https:\/\/qrpoint.io\/blog\/wp-json\/wp\/v2\/tags?post=5919"}],"curies":[{"name":"wp","href":"https:\/\/api.w.org\/{rel}","templated":true}]}}