{"id":6356,"date":"2017-12-04T12:42:55","date_gmt":"2017-12-04T14:42:55","guid":{"rendered":"https:\/\/charming-archimedes.50-17-123-235.plesk.page\/index.php\/2017\/12\/04\/o-brasil-e-o-pais-campeao-em-reclamacoes-trabalhistas-com-mais-3-milhoes-registradas-nos-trts-2\/"},"modified":"2017-12-04T12:42:55","modified_gmt":"2017-12-04T14:42:55","slug":"o-brasil-e-o-pais-campeao-em-reclamacoes-trabalhistas-com-mais-3-milhoes-registradas-nos-trts-2","status":"publish","type":"post","link":"https:\/\/qrpoint.io\/blog\/o-brasil-e-o-pais-campeao-em-reclamacoes-trabalhistas-com-mais-3-milhoes-registradas-nos-trts-2\/","title":{"rendered":"O Brasil \u00e9 o pa\u00eds campe\u00e3o em reclama\u00e7\u00f5es trabalhistas com mais 3 Milh\u00f5es registradas nos TRTs!"},"content":{"rendered":"\n<p>Segundo o especialista em rela\u00e7\u00f5es de trabalho Professor Jos\u00e9 Pastore em 2016 o Brasil j\u00e1 computava mais 3,9 milh\u00f5es de reclama\u00e7\u00e3o trabalhistas na justi\u00e7a do trabalho, grande parte desses processos tem litigio em torno de <strong>horas extras<\/strong>, adicional noturno, DSR (descanso semanal remunerado) e consequentemente seus reflexos em todas as verbas trabalhistas.<\/p>\n\n\n\n<p>As horas extras<strong>,<\/strong> por exemplo, s\u00e3o uma das principais causas de <strong>reclama\u00e7\u00e3o trabalhistas<\/strong>, n\u00e3o s\u00f3 pela dificuldade e fazer o correto calculo e seguir as determina\u00e7\u00f5es dos acordos coletivos, mas principalmente pela dificuldade em fazer o correto e efetivo controle dessas horas extras e do seu impacto dentro da jornada de trabalho. <\/p>\n\n\n\n<p><strong><a href=\\\"#\\\">Como evitar isso em sua empresa?<\/a><\/strong><\/p>\n\n\n\n<p>As empresas que n\u00e3o fazem o correto <strong>controle de ponto<\/strong> de sua equipe ficam extremamente vulner\u00e1veis em rela\u00e7\u00e3o a poss\u00edveis reclama\u00e7\u00f5es trabalhistas. At\u00e9 2011 as empresas contavam apenas com duas possibilidades para fazer o controle de ponto: <\/p>\n\n\n\n<ul class=\"wp-block-list\"><li>O rel\u00f3gio de ponto eletr\u00f4nico;<\/li><li>A folha de ponto com registro manual.<\/li><\/ul>\n\n\n\n<p>Os antigos e tradicionais REP (Rel\u00f3gio eletr\u00f4nico de ponto) s\u00e3o uma alternativa de alto custo, tanto para aquisi\u00e7\u00e3o como para manuten\u00e7\u00e3o deste equipamento, al\u00e9m de ter v\u00e1rias outras dificuldades, como a falta de mobilidade, custo com manuten\u00e7\u00f5es constantes e necessidade de compra de bobinas de papel.<\/p>\n\n\n\n<p>A folha de ponto manual n\u00e3o representa nenhuma vantagem competitiva para as empresas al\u00e9m de ser um potencial risco, pois n\u00e3o existem garantias de que as informa\u00e7\u00f5es colocadas na folha de ponto sejam verdadeiras.<\/p>\n\n\n\n<p>Essas solu\u00e7\u00f5es tradicionais ficam cada vez mais para tr\u00e1s, principalmente por n\u00e3o conseguir mais acompanhar o avan\u00e7a da din\u00e2mica rela\u00e7\u00e3o trabalhista que ocorre hoje no mercado de trabalho entre empresas e colaboradores que demandam cada vez mais simplifica\u00e7\u00e3o, informa\u00e7\u00f5es e dados.<\/p>\n\n\n\n<p>Em um mundo digital como o de hoje, as empresas n\u00e3o podem se contentar em ser apenas eletr\u00f4nicas. O <strong>controle de ponto digital<\/strong>, atrav\u00e9s de sistemas alternativos de controle de jornada, representa a melhor solu\u00e7\u00e3o para um RH digital e moderno.<\/p>\n\n\n\n<p><strong>Hoje os empreendedores podem contar com melhores solu\u00e7\u00f5es para controlar o ponto?<\/strong><\/p>\n\n\n\n<p>O QRPOINT \u00e9 amparado pela portaria 373 que permite <strong>controle de ponto alternativo<\/strong> desde 2011, com o sistema digital \u00e9 poss\u00edvel fazer um controle mais inteligente e simplificado da jornada de trabalho, automatizando os processos do RH e dando acesso em tempo real a informa\u00e7\u00f5es como Horas extras, assiduidade, reconhecimento facial e geolocaliza\u00e7\u00e3o, entre outros.<\/p>\n\n\n\n<figure class=\\\"wp-block-image alignwide\\\"><img src=\\\"http:\/\/qrpoint.tempsite.ws\/wp-content\/uploads\/2018\/12\/3-1024x768.jpg\\\" alt=\\\"\\\" class=\\\"wp-image-756\\\"\/><figcaption>Legisla\u00e7\u00e3o trabalhistas contribui para que o Brasil seja campe\u00e3o em reclama\u00e7\u00f5es trabalhistas.<\/figcaption><\/figure>\n\n\n\n<p>\u00c9 necess\u00e1rio um cuidado muito grande em rela\u00e7\u00e3o a todos os procedimentos que envolve contrata\u00e7\u00f5es de pessoas dentro das empresas, levando em considera\u00e7\u00e3o a complexa legisla\u00e7\u00e3o brasileira \u00e9 crucial que as empresas tenham em seu quadro interno, ou consultores externos, que consigam dar conta de executar todos esses procedimentos admissionais e demissionais com o maior crit\u00e9rio poss\u00edvel. <\/p>\n\n\n\n<p><strong>Como melhorar esses procedimentos? &nbsp;<\/strong><\/p>\n\n\n\n<p>Existe hoje uma s\u00e9ria de ferramentas que auxiliam o empreendedor para evitar qualquer desvio da legisla\u00e7\u00e3o trabalhista, essas ferramentas tem muita relev\u00e2ncia, como ERPs de folhas de pagamento, sistemas de recrutamento e sele\u00e7\u00e3o, por\u00e9m \u00e9 muito importante tamb\u00e9m o acompanhamento de Advogados e Contadores especializados.<\/p>\n\n\n\n<p>Com a automatiza\u00e7\u00e3o de processos ocorre um aumento consider\u00e1vel da produtividade do setor e consequentemente na diminui\u00e7\u00e3o de custo para as empresas, que ainda pode ganhar mais um aliado para a preven\u00e7\u00e3o de poss\u00edveis falhas e omiss\u00f5es que geralmente ocasionam em <strong>reclama\u00e7\u00e3o trabalhistas.<\/strong><\/p>\n\n\n\n<p><a href=\\\"https:\/\/www.josepastore.com.br\/\\\">https:\/\/www.josepastore.com.br\/<\/a><\/p>\n\n\n\n<p>Eduardo Fiuza Lobo \u2013 CEO QRPOINT<br><\/p>\n","protected":false},"excerpt":{"rendered":"<p>Em 2017 foram mais de 277 mil novos processos protocolados, representando um aumento de 13% em rela\u00e7\u00e3o a 2016.<\/p>\n","protected":false},"author":3,"featured_media":754,"comment_status":"closed","ping_status":"open","sticky":false,"template":"","format":"standard","meta":{"site-sidebar-layout":"default","site-content-layout":"default","ast-global-header-display":"","ast-main-header-display":"","ast-hfb-above-header-display":"","ast-hfb-below-header-display":"","ast-hfb-mobile-header-display":"","site-post-title":"","ast-breadcrumbs-content":"","ast-featured-img":"","footer-sml-layout":"","theme-transparent-header-meta":"default","adv-header-id-meta":"","stick-header-meta":"","header-above-stick-meta":"","header-main-stick-meta":"","header-below-stick-meta":"","footnotes":""},"categories":[29],"tags":[45,57],"class_list":["post-6356","post","type-post","status-publish","format-standard","has-post-thumbnail","hentry","category-legislacao","tag-controle-de-ponto","tag-hora-extra"],"yoast_head":"<!-- This site is optimized with the Yoast SEO Premium plugin v19.2 (Yoast SEO v20.2.1) - https:\/\/yoast.com\/wordpress\/plugins\/seo\/ -->\n<title>O Brasil \u00e9 o pa\u00eds campe\u00e3o em reclama\u00e7\u00f5es trabalhistas com mais 3 Milh\u00f5es registradas nos TRTs! - QRpoint<\/title>\n<meta name=\"description\" content=\"Segundo o especialista em rela\u00e7\u00f5es de trabalho o Brasil j\u00e1 computava mais 3,9 milh\u00f5es de reclama\u00e7\u00f5es trabalhistas na justi\u00e7a do trabalho.\" \/>\n<meta name=\"robots\" content=\"index, follow, max-snippet:-1, max-image-preview:large, max-video-preview:-1\" \/>\n<link rel=\"canonical\" href=\"https:\/\/qrpoint.io\/blog\/o-brasil-e-o-pais-campeao-em-reclamacoes-trabalhistas-com-mais-3-milhoes-registradas-nos-trts-2\/\" \/>\n<meta property=\"og:locale\" content=\"pt_BR\" \/>\n<meta property=\"og:type\" content=\"article\" \/>\n<meta property=\"og:title\" content=\"O Brasil \u00e9 o pa\u00eds campe\u00e3o em reclama\u00e7\u00f5es trabalhistas com mais 3 Milh\u00f5es registradas nos TRTs!\" \/>\n<meta property=\"og:description\" content=\"Segundo o especialista em rela\u00e7\u00f5es de trabalho o Brasil j\u00e1 computava mais 3,9 milh\u00f5es de reclama\u00e7\u00f5es trabalhistas na justi\u00e7a do trabalho.\" \/>\n<meta property=\"og:url\" content=\"https:\/\/qrpoint.io\/blog\/o-brasil-e-o-pais-campeao-em-reclamacoes-trabalhistas-com-mais-3-milhoes-registradas-nos-trts-2\/\" \/>\n<meta property=\"og:site_name\" content=\"QRpoint\" \/>\n<meta property=\"article:publisher\" content=\"https:\/\/pt-br.facebook.com\/qrpoint\/\" \/>\n<meta property=\"article:published_time\" content=\"2017-12-04T14:42:55+00:00\" \/>\n<meta name=\"author\" content=\"Eduardo Lobo\" \/>\n<meta name=\"twitter:card\" content=\"summary_large_image\" \/>\n<meta name=\"twitter:label1\" content=\"Escrito por\" \/>\n\t<meta name=\"twitter:data1\" content=\"Eduardo Lobo\" \/>\n\t<meta name=\"twitter:label2\" content=\"Est. tempo de leitura\" \/>\n\t<meta name=\"twitter:data2\" content=\"3 minutos\" \/>\n<script type=\"application\/ld+json\" class=\"yoast-schema-graph\">{\"@context\":\"https:\/\/schema.org\",\"@graph\":[{\"@type\":\"Article\",\"@id\":\"https:\/\/qrpoint.io\/blog\/o-brasil-e-o-pais-campeao-em-reclamacoes-trabalhistas-com-mais-3-milhoes-registradas-nos-trts-2\/#article\",\"isPartOf\":{\"@id\":\"https:\/\/qrpoint.io\/blog\/o-brasil-e-o-pais-campeao-em-reclamacoes-trabalhistas-com-mais-3-milhoes-registradas-nos-trts-2\/\"},\"author\":{\"name\":\"Eduardo Lobo\",\"@id\":\"https:\/\/qrpoint.io\/blog\/#\/schema\/person\/a947229d2b2e8ab9057e4cde6f7cc567\"},\"headline\":\"O Brasil \u00e9 o pa\u00eds campe\u00e3o em reclama\u00e7\u00f5es trabalhistas com mais 3 Milh\u00f5es registradas nos TRTs!\",\"datePublished\":\"2017-12-04T14:42:55+00:00\",\"dateModified\":\"2017-12-04T14:42:55+00:00\",\"mainEntityOfPage\":{\"@id\":\"https:\/\/qrpoint.io\/blog\/o-brasil-e-o-pais-campeao-em-reclamacoes-trabalhistas-com-mais-3-milhoes-registradas-nos-trts-2\/\"},\"wordCount\":634,\"publisher\":{\"@id\":\"https:\/\/qrpoint.io\/blog\/#organization\"},\"keywords\":[\"Controle de ponto\",\"Hora extra\"],\"articleSection\":[\"Legisla\u00e7\u00e3o\"],\"inLanguage\":\"pt-BR\"},{\"@type\":\"WebPage\",\"@id\":\"https:\/\/qrpoint.io\/blog\/o-brasil-e-o-pais-campeao-em-reclamacoes-trabalhistas-com-mais-3-milhoes-registradas-nos-trts-2\/\",\"url\":\"https:\/\/qrpoint.io\/blog\/o-brasil-e-o-pais-campeao-em-reclamacoes-trabalhistas-com-mais-3-milhoes-registradas-nos-trts-2\/\",\"name\":\"O Brasil \u00e9 o pa\u00eds campe\u00e3o em reclama\u00e7\u00f5es trabalhistas com mais 3 Milh\u00f5es registradas nos TRTs! - QRpoint\",\"isPartOf\":{\"@id\":\"https:\/\/qrpoint.io\/blog\/#website\"},\"datePublished\":\"2017-12-04T14:42:55+00:00\",\"dateModified\":\"2017-12-04T14:42:55+00:00\",\"description\":\"Segundo o especialista em rela\u00e7\u00f5es de trabalho o Brasil j\u00e1 computava mais 3,9 milh\u00f5es de reclama\u00e7\u00f5es trabalhistas na justi\u00e7a do trabalho.\",\"breadcrumb\":{\"@id\":\"https:\/\/qrpoint.io\/blog\/o-brasil-e-o-pais-campeao-em-reclamacoes-trabalhistas-com-mais-3-milhoes-registradas-nos-trts-2\/#breadcrumb\"},\"inLanguage\":\"pt-BR\",\"potentialAction\":[{\"@type\":\"ReadAction\",\"target\":[\"https:\/\/qrpoint.io\/blog\/o-brasil-e-o-pais-campeao-em-reclamacoes-trabalhistas-com-mais-3-milhoes-registradas-nos-trts-2\/\"]}]},{\"@type\":\"BreadcrumbList\",\"@id\":\"https:\/\/qrpoint.io\/blog\/o-brasil-e-o-pais-campeao-em-reclamacoes-trabalhistas-com-mais-3-milhoes-registradas-nos-trts-2\/#breadcrumb\",\"itemListElement\":[{\"@type\":\"ListItem\",\"position\":1,\"name\":\"Home\",\"item\":\"https:\/\/qrpoint.io\/blog\/\"},{\"@type\":\"ListItem\",\"position\":2,\"name\":\"O Brasil \u00e9 o pa\u00eds campe\u00e3o em reclama\u00e7\u00f5es trabalhistas com mais 3 Milh\u00f5es registradas nos TRTs!\"}]},{\"@type\":\"WebSite\",\"@id\":\"https:\/\/qrpoint.io\/blog\/#website\",\"url\":\"https:\/\/qrpoint.io\/blog\/\",\"name\":\"QRpoint\",\"description\":\"Melhor Sistema de Controle de Ponto do Brasil! Tecnologia de RH capaz de simplificar os processos do RH da sua empresa! Confira!\",\"publisher\":{\"@id\":\"https:\/\/qrpoint.io\/blog\/#organization\"},\"potentialAction\":[{\"@type\":\"SearchAction\",\"target\":{\"@type\":\"EntryPoint\",\"urlTemplate\":\"https:\/\/qrpoint.io\/blog\/?s={search_term_string}\"},\"query-input\":\"required name=search_term_string\"}],\"inLanguage\":\"pt-BR\"},{\"@type\":\"Organization\",\"@id\":\"https:\/\/qrpoint.io\/blog\/#organization\",\"name\":\"QRpoint\",\"url\":\"https:\/\/qrpoint.io\/blog\/\",\"logo\":{\"@type\":\"ImageObject\",\"inLanguage\":\"pt-BR\",\"@id\":\"https:\/\/qrpoint.io\/blog\/#\/schema\/logo\/image\/\",\"url\":\"https:\/\/qrpoint.io\/wp-content\/uploads\/2022\/09\/Twitter-avatar-100x100-1.png\",\"contentUrl\":\"https:\/\/qrpoint.io\/wp-content\/uploads\/2022\/09\/Twitter-avatar-100x100-1.png\",\"width\":100,\"height\":100,\"caption\":\"QRpoint\"},\"image\":{\"@id\":\"https:\/\/qrpoint.io\/blog\/#\/schema\/logo\/image\/\"},\"sameAs\":[\"https:\/\/pt-br.facebook.com\/qrpoint\/\",\"https:\/\/www.instagram.com\/qrpoint\/\"]},{\"@type\":\"Person\",\"@id\":\"https:\/\/qrpoint.io\/blog\/#\/schema\/person\/a947229d2b2e8ab9057e4cde6f7cc567\",\"name\":\"Eduardo Lobo\",\"image\":{\"@type\":\"ImageObject\",\"inLanguage\":\"pt-BR\",\"@id\":\"https:\/\/qrpoint.io\/blog\/#\/schema\/person\/image\/\",\"url\":\"https:\/\/secure.gravatar.com\/avatar\/?s=96&d=mm&r=g\",\"contentUrl\":\"https:\/\/secure.gravatar.com\/avatar\/?s=96&d=mm&r=g\",\"caption\":\"Eduardo Lobo\"},\"url\":\"https:\/\/qrpoint.io\/blog\/author\/eduardo-lobo\/\"}]}<\/script>\n<!-- \/ Yoast SEO Premium plugin. -->","yoast_head_json":{"title":"O Brasil \u00e9 o pa\u00eds campe\u00e3o em reclama\u00e7\u00f5es trabalhistas com mais 3 Milh\u00f5es registradas nos TRTs! - QRpoint","description":"Segundo o especialista em rela\u00e7\u00f5es de trabalho o Brasil j\u00e1 computava mais 3,9 milh\u00f5es de reclama\u00e7\u00f5es trabalhistas na justi\u00e7a do trabalho.","robots":{"index":"index","follow":"follow","max-snippet":"max-snippet:-1","max-image-preview":"max-image-preview:large","max-video-preview":"max-video-preview:-1"},"canonical":"https:\/\/qrpoint.io\/blog\/o-brasil-e-o-pais-campeao-em-reclamacoes-trabalhistas-com-mais-3-milhoes-registradas-nos-trts-2\/","og_locale":"pt_BR","og_type":"article","og_title":"O Brasil \u00e9 o pa\u00eds campe\u00e3o em reclama\u00e7\u00f5es trabalhistas com mais 3 Milh\u00f5es registradas nos TRTs!","og_description":"Segundo o especialista em rela\u00e7\u00f5es de trabalho o Brasil j\u00e1 computava mais 3,9 milh\u00f5es de reclama\u00e7\u00f5es trabalhistas na justi\u00e7a do trabalho.","og_url":"https:\/\/qrpoint.io\/blog\/o-brasil-e-o-pais-campeao-em-reclamacoes-trabalhistas-com-mais-3-milhoes-registradas-nos-trts-2\/","og_site_name":"QRpoint","article_publisher":"https:\/\/pt-br.facebook.com\/qrpoint\/","article_published_time":"2017-12-04T14:42:55+00:00","author":"Eduardo Lobo","twitter_card":"summary_large_image","twitter_misc":{"Escrito por":"Eduardo Lobo","Est. tempo de leitura":"3 minutos"},"schema":{"@context":"https:\/\/schema.org","@graph":[{"@type":"Article","@id":"https:\/\/qrpoint.io\/blog\/o-brasil-e-o-pais-campeao-em-reclamacoes-trabalhistas-com-mais-3-milhoes-registradas-nos-trts-2\/#article","isPartOf":{"@id":"https:\/\/qrpoint.io\/blog\/o-brasil-e-o-pais-campeao-em-reclamacoes-trabalhistas-com-mais-3-milhoes-registradas-nos-trts-2\/"},"author":{"name":"Eduardo Lobo","@id":"https:\/\/qrpoint.io\/blog\/#\/schema\/person\/a947229d2b2e8ab9057e4cde6f7cc567"},"headline":"O Brasil \u00e9 o pa\u00eds campe\u00e3o em reclama\u00e7\u00f5es trabalhistas com mais 3 Milh\u00f5es registradas nos TRTs!","datePublished":"2017-12-04T14:42:55+00:00","dateModified":"2017-12-04T14:42:55+00:00","mainEntityOfPage":{"@id":"https:\/\/qrpoint.io\/blog\/o-brasil-e-o-pais-campeao-em-reclamacoes-trabalhistas-com-mais-3-milhoes-registradas-nos-trts-2\/"},"wordCount":634,"publisher":{"@id":"https:\/\/qrpoint.io\/blog\/#organization"},"keywords":["Controle de ponto","Hora extra"],"articleSection":["Legisla\u00e7\u00e3o"],"inLanguage":"pt-BR"},{"@type":"WebPage","@id":"https:\/\/qrpoint.io\/blog\/o-brasil-e-o-pais-campeao-em-reclamacoes-trabalhistas-com-mais-3-milhoes-registradas-nos-trts-2\/","url":"https:\/\/qrpoint.io\/blog\/o-brasil-e-o-pais-campeao-em-reclamacoes-trabalhistas-com-mais-3-milhoes-registradas-nos-trts-2\/","name":"O Brasil \u00e9 o pa\u00eds campe\u00e3o em reclama\u00e7\u00f5es trabalhistas com mais 3 Milh\u00f5es registradas nos TRTs! - QRpoint","isPartOf":{"@id":"https:\/\/qrpoint.io\/blog\/#website"},"datePublished":"2017-12-04T14:42:55+00:00","dateModified":"2017-12-04T14:42:55+00:00","description":"Segundo o especialista em rela\u00e7\u00f5es de trabalho o Brasil j\u00e1 computava mais 3,9 milh\u00f5es de reclama\u00e7\u00f5es trabalhistas na justi\u00e7a do trabalho.","breadcrumb":{"@id":"https:\/\/qrpoint.io\/blog\/o-brasil-e-o-pais-campeao-em-reclamacoes-trabalhistas-com-mais-3-milhoes-registradas-nos-trts-2\/#breadcrumb"},"inLanguage":"pt-BR","potentialAction":[{"@type":"ReadAction","target":["https:\/\/qrpoint.io\/blog\/o-brasil-e-o-pais-campeao-em-reclamacoes-trabalhistas-com-mais-3-milhoes-registradas-nos-trts-2\/"]}]},{"@type":"BreadcrumbList","@id":"https:\/\/qrpoint.io\/blog\/o-brasil-e-o-pais-campeao-em-reclamacoes-trabalhistas-com-mais-3-milhoes-registradas-nos-trts-2\/#breadcrumb","itemListElement":[{"@type":"ListItem","position":1,"name":"Home","item":"https:\/\/qrpoint.io\/blog\/"},{"@type":"ListItem","position":2,"name":"O Brasil \u00e9 o pa\u00eds campe\u00e3o em reclama\u00e7\u00f5es trabalhistas com mais 3 Milh\u00f5es registradas nos TRTs!"}]},{"@type":"WebSite","@id":"https:\/\/qrpoint.io\/blog\/#website","url":"https:\/\/qrpoint.io\/blog\/","name":"QRpoint","description":"Melhor Sistema de Controle de Ponto do Brasil! Tecnologia de RH capaz de simplificar os processos do RH da sua empresa! Confira!","publisher":{"@id":"https:\/\/qrpoint.io\/blog\/#organization"},"potentialAction":[{"@type":"SearchAction","target":{"@type":"EntryPoint","urlTemplate":"https:\/\/qrpoint.io\/blog\/?s={search_term_string}"},"query-input":"required name=search_term_string"}],"inLanguage":"pt-BR"},{"@type":"Organization","@id":"https:\/\/qrpoint.io\/blog\/#organization","name":"QRpoint","url":"https:\/\/qrpoint.io\/blog\/","logo":{"@type":"ImageObject","inLanguage":"pt-BR","@id":"https:\/\/qrpoint.io\/blog\/#\/schema\/logo\/image\/","url":"https:\/\/qrpoint.io\/wp-content\/uploads\/2022\/09\/Twitter-avatar-100x100-1.png","contentUrl":"https:\/\/qrpoint.io\/wp-content\/uploads\/2022\/09\/Twitter-avatar-100x100-1.png","width":100,"height":100,"caption":"QRpoint"},"image":{"@id":"https:\/\/qrpoint.io\/blog\/#\/schema\/logo\/image\/"},"sameAs":["https:\/\/pt-br.facebook.com\/qrpoint\/","https:\/\/www.instagram.com\/qrpoint\/"]},{"@type":"Person","@id":"https:\/\/qrpoint.io\/blog\/#\/schema\/person\/a947229d2b2e8ab9057e4cde6f7cc567","name":"Eduardo Lobo","image":{"@type":"ImageObject","inLanguage":"pt-BR","@id":"https:\/\/qrpoint.io\/blog\/#\/schema\/person\/image\/","url":"https:\/\/secure.gravatar.com\/avatar\/?s=96&d=mm&r=g","contentUrl":"https:\/\/secure.gravatar.com\/avatar\/?s=96&d=mm&r=g","caption":"Eduardo Lobo"},"url":"https:\/\/qrpoint.io\/blog\/author\/eduardo-lobo\/"}]}},"_links":{"self":[{"href":"https:\/\/qrpoint.io\/blog\/wp-json\/wp\/v2\/posts\/6356","targetHints":{"allow":["GET"]}}],"collection":[{"href":"https:\/\/qrpoint.io\/blog\/wp-json\/wp\/v2\/posts"}],"about":[{"href":"https:\/\/qrpoint.io\/blog\/wp-json\/wp\/v2\/types\/post"}],"author":[{"embeddable":true,"href":"https:\/\/qrpoint.io\/blog\/wp-json\/wp\/v2\/users\/3"}],"replies":[{"embeddable":true,"href":"https:\/\/qrpoint.io\/blog\/wp-json\/wp\/v2\/comments?post=6356"}],"version-history":[{"count":0,"href":"https:\/\/qrpoint.io\/blog\/wp-json\/wp\/v2\/posts\/6356\/revisions"}],"wp:featuredmedia":[{"embeddable":true,"href":"https:\/\/qrpoint.io\/blog\/wp-json\/"}],"wp:attachment":[{"href":"https:\/\/qrpoint.io\/blog\/wp-json\/wp\/v2\/media?parent=6356"}],"wp:term":[{"taxonomy":"category","embeddable":true,"href":"https:\/\/qrpoint.io\/blog\/wp-json\/wp\/v2\/categories?post=6356"},{"taxonomy":"post_tag","embeddable":true,"href":"https:\/\/qrpoint.io\/blog\/wp-json\/wp\/v2\/tags?post=6356"}],"curies":[{"name":"wp","href":"https:\/\/api.w.org\/{rel}","templated":true}]}}