{"id":6363,"date":"2019-09-30T10:52:20","date_gmt":"2019-09-30T13:52:20","guid":{"rendered":"https:\/\/charming-archimedes.50-17-123-235.plesk.page\/index.php\/2019\/09\/30\/cerca-virtual\/"},"modified":"2023-08-15T12:56:48","modified_gmt":"2023-08-15T15:56:48","slug":"cerca-virtual","status":"publish","type":"post","link":"https:\/\/qrpoint.io\/blog\/cerca-virtual\/","title":{"rendered":"Cerca virtual: Saiba como usar em seu neg\u00f3cio!"},"content":{"rendered":"\n<p>Registrar a jornada de trabalho \u00e9 uma obriga\u00e7\u00e3o imposta pela <a href=\"\/\/charming-archimedes.50-17-123-235.plesk.page\/blog\/clt\/\\&quot;\" target=\"\\&quot;_blank\\&quot;\" rel=\"\\&quot;noreferrer noopener\">CLT<\/a> para empresas que possuem mais de dez colaboradores. Salvo no regime de controle de ponto por exce\u00e7\u00e3o, compete ao gestor de <a rel=\"\\&quot;noreferrer noopener\" href=\"\/\/charming-archimedes.50-17-123-235.plesk.page\/blog\/headcount\/\\&quot;\" target=\"\\&quot;_blank\\&quot;\">RH<\/a> orientar os funcion\u00e1rios para que sejam registrados o in\u00edcio e o fim do expediente, pausas para lanche ou descanso e intervalo de almo\u00e7o.<\/p>\n\n\n\n<p>Em qualquer caso \u00e9 imprescind\u00edvel que as <a rel=\"\\&quot;noreferrer noopener\" href=\"\/\/charming-archimedes.50-17-123-235.plesk.page\/blog\/calculo-de-horas-extras\/\\&quot;\" target=\"\\&quot;_blank\\&quot;\">horas<\/a><a href=\"\/\/charming-archimedes.50-17-123-235.plesk.page\/blog\/calculo-de-horas-extras\/\\&quot;\" target=\"\\&quot;_blank\\&quot;\" rel=\"\\&quot;noreferrer noopener\"> extras<\/a> se fa\u00e7am constar no cart\u00e3o do empregador. Trata-se da pr\u00e1tica conhecida como \u201cbater ponto\u201d.<\/p>\n\n\n\n<p>Ao fim de cada m\u00eas, o setor de RH fica respons\u00e1vel por calcular as horas em que o funcion\u00e1rio esteve \u00e0 disposi\u00e7\u00e3o do empregador. Dessa forma, o sal\u00e1rio deve considerar o adicional referente \u00e0s<a rel=\"\\&quot;noreferrer noopener\" href=\"\/\/charming-archimedes.50-17-123-235.plesk.page\/blog\/calculo-de-horas-extras\/\\&quot;\" target=\"\\&quot;_blank\\&quot;\"> horas <\/a><a href=\"\\&quot;http:\/\/charming-archimedes.50-17-123-235.plesk.page\/blog\/calculo-de-horas-extras\/\\&quot;\"><\/a><a href=\"\/\/charming-archimedes.50-17-123-235.plesk.page\/blog\/calculo-de-horas-extras\/\\&quot;\" target=\"\\&quot;_blank\\&quot;\" rel=\"\\&quot;noreferrer noopener\">extras<\/a> ou o desconto na remunera\u00e7\u00e3o, em caso de falta n\u00e3o justificada.<\/p>\n\n\n\n<p>Caso o funcion\u00e1rio esteja devendo horas por irregularidades no cumprimento do hor\u00e1rio de trabalho, o gestor deve adverti-lo e negociar a compensa\u00e7\u00e3o das respectivas horas devidas.<\/p>\n\n\n\n<figure class=\"wp-block-image\"><a href=\"https:\/\/signup.qrpoint.io\/?utm_source=qrpoint&amp;utm_medium=blog&amp;utm_content=banner-innerpage\"><img decoding=\"async\" src=\"http:\/\/qrpoint.io\/blog\/wp-content\/uploads\/2023\/02\/QRPoint-imagens-blog-banner-innerpage-1.png\" alt=\"\" class=\"wp-image-8977\"\/><\/a><\/figure>\n\n\n\n<h2 class=\"wp-block-heading\" id=\"h-\">\u00a0<\/h2>\n\n\n\n<h2 class=\"wp-block-heading\" id=\"h-o-que-e-cerca-virtual\"><strong>O que \u00e9 cerca virtual?\u00a0<\/strong><\/h2>\n\n\n\n<p>A cerca virtual pode ser conhecida tamb\u00e9m como <strong>Geofencing<\/strong>, e \u00e9 o termo usado para definir a tecnologia capaz de utilizar o sistema de posicionamento global (GPS), a fim de identificar e definir limites virtuais para a sua empresa, por exemplo.&nbsp;<\/p>\n\n\n\n<p>Ou seja, o software que possui esse recurso pode configurar alertas e intera\u00e7\u00f5es com dispositivos que estejam dentro de uma determinada regi\u00e3o. Veja quais os tipos de intera\u00e7\u00f5es \u00e9 poss\u00edvel fazer:&nbsp;<\/p>\n\n\n\n<ul class=\"wp-block-list\">\n<li>Emails;<\/li>\n\n\n\n<li>Mensagens;<\/li>\n\n\n\n<li>Notifica\u00e7\u00f5es de apps;<\/li>\n\n\n\n<li>Outros<\/li>\n<\/ul>\n\n\n\n<p>Agora que voc\u00ea entendeu um pouco mais sobre o que \u00e9 cerca virtual, continue a leitura e saiba qual a sua import\u00e2ncia em cada pr\u00e1tica.&nbsp;<\/p>\n\n\n\n<h2 class=\"wp-block-heading\" id=\"h-onde-utilizar-a-cerca-virtual\"><strong>Onde utilizar a Cerca virtual?&nbsp;<\/strong><\/h2>\n\n\n\n<p>Se voc\u00ea chegou at\u00e9 aqui, sabe que a cerca virtual ou geofencing, \u00e9 fundamental para estabelecer uma comunica\u00e7\u00e3o entre seu produto\/servi\u00e7o e os consumidores. Isso porque ela \u00e9 capaz de criar intera\u00e7\u00f5es poss\u00edveis de desencadear vendas e analisar dados sobre o comportamento de cada consumidor.<\/p>\n\n\n\n<p>Sabendo disso, preparamos 4 exemplos de como utilizar a cerca virtual, confira abaixo:&nbsp;<\/p>\n\n\n\n<h2 class=\"wp-block-heading\" id=\"h-marketing\"><strong>Marketing&nbsp;<\/strong><\/h2>\n\n\n\n<p>Atrav\u00e9s da cerca virtual \u00e9 poss\u00edvel que as empresas envie c\u00f3digo e cupons, promo\u00e7\u00f5es, lembretes e muitas outras intera\u00e7\u00f5es aos seus consumidores. Isso porque quando um consumidor entra em uma \u00e1rea geograficamente definida pela empresa, seu smartphone capta essas mensagens.<\/p>\n\n\n\n<h3 class=\"wp-block-heading\"><strong>Recursos Humanos&nbsp;<\/strong><\/h3>\n\n\n\n<p>Neste caso, a cerca virtual \u00e9 capaz de enviar aos colaboradores, atrav\u00e9s de um cart\u00e3o inteligente, algumas notifica\u00e7\u00f5es de alerta e seguran\u00e7a da empresa. Al\u00e9m disso, \u00e9 poss\u00edvel sinalizar quando um funcion\u00e1rio entra ou tenta entrar em uma das \u00e1reas que n\u00e3o s\u00e3o autorizadas.&nbsp;<\/p>\n\n\n\n<h3 class=\"wp-block-heading\"><strong>Eventos&nbsp;<\/strong><\/h3>\n\n\n\n<p>A cerca virtual \u00e9 usada para proteger determinados per\u00edmetros no caso de eventos, feiras, sets de grava\u00e7\u00e3o e entre outras situa\u00e7\u00f5es. Isso porque delimitando essas \u00e1reas, a cerca virtual \u00e9 capaz de impedir temporariamente a entrada de outros obst\u00e1culos, os drones, por exemplo.&nbsp;<\/p>\n\n\n\n<h3 class=\"wp-block-heading\"><strong>Gest\u00e3o de normas e conformidade<\/strong>&nbsp;<\/h3>\n\n\n\n<p>Nesse caso, a cerca virtual \u00e9 capaz de registrar o cruzamento de documentos e registros da empresa. Al\u00e9m disso, facilita a administra\u00e7\u00e3o dos dados, evitando que sejam usados de forma inadequada de acordo com as normas vigentes.&nbsp;<\/p>\n\n\n\n<p>Interessante n\u00e9? Continue a leitura e descubra como a carca virtual pode contribuir no <a href=\\\"http:\/\/charming-archimedes.50-17-123-235.plesk.page\/blog\/headcount\/\\\" target=\\\"_blank\\\" rel=\\\"noreferrer noopener\\\" aria-label=\\\"RH (abre numa nova aba)\\\">RH<\/a> da sua empresa.<\/p>\n\n\n\n<h2 class=\"wp-block-heading\" id=\"h-como-contabilizar-horas-trabalhadas-no-contexto-do-seculo-xxi\"><strong>Como contabilizar horas trabalhadas no contexto do s\u00e9culo XXI?<\/strong><\/h2>\n\n\n\n<p>A assiduidade do funcion\u00e1rio impacta diretamente na <a rel=\\\"noreferrer noopener\\\" aria-label=\\\"produti (abre numa nova aba)\\\" href=\\\"http:\/\/charming-archimedes.50-17-123-235.plesk.page\/blog\/mensurar-a-produtividade-dos-colaboradores\/\\\" target=\\\"_blank\\\">produti<\/a><a href=\\\"http:\/\/charming-archimedes.50-17-123-235.plesk.page\/blog\/mensurar-a-produtividade-dos-colaboradores\/\\\" target=\\\"_blank\\\" rel=\\\"noreferrer noopener\\\" aria-label=\\\"vidade (abre numa nova aba)\\\">vidade<\/a> de uma empresa. Esse fator \u00e9 levado em conta para efetivar ou n\u00e3o um funcion\u00e1rio em per\u00edodo de experi\u00eancia. Assim, al\u00e9m de respaldar os direitos de empregado e empregador perante a lei.<\/p>\n\n\n\n<p>A aus\u00eancia de um controle de ponto efetivo \u00e9<a href=\\\"https:\/\/exame.abril.com.br\/pme\/21-erros-que-levam-a-acoes-trabalhistas-contra-uma-empresa\/\\\"> causa das principais a\u00e7\u00f5es trabalhistas no pa\u00eds<\/a>. Esse transtorno pode (e deve!) ser evitado.<\/p>\n\n\n\n<p>Na realidade p\u00f3s-moderna, a rotina de trabalho se flexibilizou bastante. Atualmente, a possibilidade de home office e o regime de trabalho intermitente norteiam grande parte das rela\u00e7\u00f5es corporativas.<\/p>\n\n\n\n<p>O trabalho remoto \u00e9 uma tend\u00eancia cada vez maior nas empresas. A pr\u00e1tica proporciona maior qualidade de vida ao colaborador e<a href=\\\"http:\/\/revistagalileu.globo.com\/Revista\/Common\/0,,EMI318576-17770,00-TRABALHAR+DE+CASA+AUMENTA+A+PRODUTIVIDADE+APONTA+PESQUISA.html\\\"> pode ser notada com o aumento de sua <\/a><a rel=\\\"noreferrer noopener\\\" aria-label=\\\"produt (abre numa nova aba)\\\" href=\\\"http:\/\/charming-archimedes.50-17-123-235.plesk.page\/blog\/mensurar-a-produtividade-dos-colaboradores\/\\\" target=\\\"_blank\\\">produt<\/a><a href=\\\"http:\/\/charming-archimedes.50-17-123-235.plesk.page\/blog\/mensurar-a-produtividade-dos-colaboradores\/\\\" target=\\\"_blank\\\" rel=\\\"noreferrer noopener\\\" aria-label=\\\"ividade (abre numa nova aba)\\\">ividade<\/a>.<\/p>\n\n\n\n<p>Para o empregado, tamb\u00e9m \u00e9 uma \u00f3tima alternativa. A pr\u00e1tica diminui despesas de transporte, al\u00e9m dos gastos fixos decorrentes do custo imobili\u00e1rio, j\u00e1 que uma empresa menor pode se comportar em estrutura f\u00edsica reduzida.<\/p>\n\n\n\n<p>Dessa forma, existem tamb\u00e9m as empresas que ainda n\u00e3o s\u00e3o adeptas ao home office, mas precisam enviar representantes para reuni\u00f5es com clientes.<\/p>\n\n\n\n<p>Portanto, al\u00e9m dessas, existem v\u00e1rias outras situa\u00e7\u00f5es, recorrentes ou eventuais, em que o trabalho n\u00e3o \u00e9 necessariamente executado em uma rotina tradicional.<\/p>\n\n\n\n<p>Nesses casos em que o controle de ponto n\u00e3o pode ser acompanhado e mensurado ao bater cart\u00e3o, como funciona, para a empresa, ter controle sobre faltas n\u00e3o registradas ou <a rel=\\\"noreferrer noopener\\\" aria-label=\\\"horas (abre numa nova aba)\\\" href=\\\"http:\/\/charming-archimedes.50-17-123-235.plesk.page\/blog\/calculo-de-horas-extras\/\\\" target=\\\"_blank\\\">horas<\/a> <a href=\\\"http:\/\/charming-archimedes.50-17-123-235.plesk.page\/blog\/calculo-de-horas-extras\/\\\" target=\\\"_blank\\\" rel=\\\"noreferrer noopener\\\" aria-label=\\\"extras (abre numa nova aba)\\\">extras<\/a> que n\u00e3o tenham sido, de fato, realizadas?<\/p>\n\n\n\n<p>Analisando esse contexto, foi desenvolvida a cerca virtual, uma das funcionalidades do software da QR POINT. Dessa forma, a chamada cerca virtual tem a finalidade de sinalizar os gestores sobre a hora e o local do registro de ponto feito por um funcion\u00e1rio que esteja cumprindo a jornada de trabalho fora da sede.<\/p>\n\n\n\n<h2 class=\"wp-block-heading\" id=\"h-use-a-cerca-virtual-ao-seu-favor\"><strong>Use a cerca virtual ao seu favor!<\/strong><\/h2>\n\n\n\n<p>Permitida pelo recurso de geolocaliza\u00e7\u00e3o, essa tecnologia possibilita delimitar uma \u00e1rea de raio m\u00ednimo de 50 metros onde os colaboradores devem registrar o ponto atrav\u00e9s do aplicativo. Com isso, a empresa tem mais garantia sobre a presen\u00e7a do funcion\u00e1rio no local onde ele deve cumprir as horas de trabalho.<\/p>\n\n\n\n<p>Qualquer ponto registrado fora da \u00e1rea delimitada pela cerca virtual gera uma notifica\u00e7\u00e3o para os gestores da empresa em tempo real.<\/p>\n\n\n\n<p>A cerca virtual faz parte de um sistema exclusivo de controle de irregularidades, no qual atrav\u00e9s de v\u00e1rias outras funcionalidades, como o reconhecimento facial e a integra\u00e7\u00e3o do aplicativo do gestor, a empresa consegue identificar poss\u00edveis inconsist\u00eancias que ocorram no registro de ponto para agir direto com o colaborador.<\/p>\n\n\n\n<figure class=\\\"wp-block-image is-resized\\\"><img src=\\\"http:\/\/charming-archimedes.50-17-123-235.plesk.page\/wp-content\/uploads\/2019\/09\/cell-phone-hands-holding-2294193-1-1024x683.jpg\\\" alt=\\\"cerca virtual \\\" class=\\\"wp-image-1086\\\" width=\\\"582\\\" height=\\\"388\\\"\/><\/figure>\n\n\n\n<h2 class=\"wp-block-heading\" id=\"h-como-implementar-a-cerca-virtual-em-sua-empresa\"><strong>Como implementar a cerca virtual em sua empresa?&nbsp;<\/strong><\/h2>\n\n\n\n<p>Agora que voc\u00ea consegue compreender um pouco mais sobre cerca virtual, saiba abaixo algumas dicas de como implementar ela em seu neg\u00f3cio.&nbsp;<\/p>\n\n\n\n<h3 class=\"wp-block-heading\"><strong>Tenha um software<\/strong><\/h3>\n\n\n\n<p>O primeiro passo que voc\u00ea precisa dar \u00e9 aderir a tecnologia que suporta esse tipo de estrat\u00e9gia.&nbsp;<\/p>\n\n\n\n<p>Sendo assim, um software ou sistema de coleta de dados \u00e9 o mais vi\u00e1vel a fazer, pois a partir dele ser\u00e3o cruzadas as informa\u00e7\u00f5es dos colaboradores, por exemplo, com a tecnologia GPS aplicada. Facilitando assim, qualquer informa\u00e7\u00e3o ou a\u00e7\u00e3o que sua empresa deseja a partir desta pr\u00e1tica.&nbsp;<\/p>\n\n\n\n<h3 class=\"wp-block-heading\"><strong>Defina as cercas geogr\u00e1ficas&nbsp;<\/strong><\/h3>\n\n\n\n<p>As cercas geogr\u00e1ficas \u00e9 a defini\u00e7\u00e3o em uma determinada no mapa que definir\u00e1 a partir de um aplicativo, o que voc\u00ea busca captar. Ou at\u00e9 mesmo quando um usu\u00e1rio entra ou sai dessa \u00e1rea demarcada.&nbsp;<\/p>\n\n\n\n<p>Conhecidas tamb\u00e9m como barreiras virtuais ou geocercas, elas podem ser definidas de duas formas: ativas e passivas. Veja a explica\u00e7\u00e3o abaixo:&nbsp;<\/p>\n\n\n\n<ul class=\"wp-block-list\">\n<li>Ativas: Quando exige do usu\u00e1rio habilitar a ativa\u00e7\u00e3o dos servi\u00e7os de localiza\u00e7\u00e3o para o sistema das cercas virtuais funcionar.&nbsp;<\/li>\n\n\n\n<li>Passivas: Essas, sempre estar\u00e3o ativas. Isso porque dependem diretamente de dados m\u00f3veis ou Wi-Fi ao inv\u00e9s do GPS em si.&nbsp;<\/li>\n<\/ul>\n\n\n\n<h3 class=\"wp-block-heading\"><strong>Defina os alertas personalizados<\/strong><\/h3>\n\n\n\n<p>Aqui, estabelecer as \u00e1reas de cercas virtuais contribuir\u00e1, por exemplo, com a\u00e7\u00f5es e gatinhos de vendas. Al\u00e9m disso, \u00e9 poss\u00edvel criar alertas para serem enviados em datas especiais conforme o calend\u00e1rio comemorativo da regi\u00e3o, ou de promo\u00e7\u00f5es.&nbsp;&nbsp;<\/p>\n\n\n\n<h2 class=\"wp-block-heading\" id=\"h-o-que-a-legislacao-brasileira-diz-a-respeito-de-cerca-virtual\"><strong>O que a legisla\u00e7\u00e3o brasileira diz a respeito de cerca virtual?<\/strong><\/h2>\n\n\n\n<p>Dessa forma, visando regulamentar formas mais modernas e eficientes para o controle da jornada de trabalho, houveram mudan\u00e7as.<\/p>\n\n\n\n<p>Em 2011, a Portaria 373 do Minist\u00e9rio do Trabalho legitimou o uso de softwares de gest\u00e3o de ponto como o QRPOINT. Ou seja, por meio dessa ementa, ainda que a empresa n\u00e3o tenha um quadro com dez funcion\u00e1rios, ela pode registrar o ponto de seus colaboradores.<\/p>\n\n\n\n<p>Portanto, por motivos de seguran\u00e7a e respaldo jur\u00eddico \u00e9 altamente prudente aderir ao m\u00e9todo de<a href=\\\"http:\/\/charming-archimedes.50-17-123-235.plesk.page\/blog\/controle-de-ponto\/\\\"> <strong>controle de ponto<\/strong><\/a> computadorizado.<\/p>\n\n\n\n<p>Assim, em uma audi\u00eancia, isso faz toda a diferen\u00e7a. Pois, uma vez que o empregador n\u00e3o dispuser dos comprovantes de controle de ponto, qualquer ind\u00edcio de que o funcion\u00e1rio n\u00e3o tenha sido devidamente remunerado pelas horas trabalhadas pode resultar em custosas indeniza\u00e7\u00f5es.<\/p>\n\n\n\n<p>Mas, gra\u00e7as \u00e0 inova\u00e7\u00e3o tecnol\u00f3gica, essa n\u00e3o precisa mais ser uma preocupa\u00e7\u00e3o das empresas.<\/p>\n\n\n\n<h2 class=\"wp-block-heading\" id=\"h-como-o-qr-point-pode-contribuir-para-a-sua-empresa\"><strong>Como o QR Point pode contribuir para a sua empresa?<\/strong><\/h2>\n\n\n\n<p>Agora que voc\u00ea conhece um pouco mais sobre cerca virtual e para o que ela serve, saiba que a QR POINT est\u00e1 aqui para contribuir com a otimiza\u00e7\u00e3o e automa\u00e7\u00e3o do seu RH.&nbsp;&nbsp;<\/p>\n\n\n\n<p>N\u00f3s&nbsp; chegamos para garantir que sua empresa siga todas as normas da legisla\u00e7\u00e3o, e para isso acontecer \u00e9 necess\u00e1rio um sistema de controle de ponto com muita qualidade!<\/p>\n\n\n\n<p>Dessa forma, garantimos que a equipe de <a rel=\\\"noreferrer noopener\\\" aria-label=\\\"RH (abre numa nova aba)\\\" href=\\\"http:\/\/charming-archimedes.50-17-123-235.plesk.page\/blog\/headcount\/\\\" target=\\\"_blank\\\">RH<\/a> da sua empresa trabalhar\u00e1 primordialmente na gest\u00e3o de pessoas, pois cuidar do bem estar dos seus colaboradores faz toda diferen\u00e7a no desenvolvimento e <a rel=\\\"noreferrer noopener\\\" aria-label=\\\"produt (abre numa nova aba)\\\" href=\\\"http:\/\/charming-archimedes.50-17-123-235.plesk.page\/blog\/mensurar-a-produtividade-dos-colaboradores\/\\\" target=\\\"_blank\\\">produt<\/a><a href=\\\"http:\/\/charming-archimedes.50-17-123-235.plesk.page\/blog\/mensurar-a-produtividade-dos-colaboradores\/\\\" target=\\\"_blank\\\" rel=\\\"noreferrer noopener\\\" aria-label=\\\"ividade (abre numa nova aba)\\\">ividade<\/a> da rotina de trabalho.<\/p>\n\n\n\n<p>Isso s\u00f3 \u00e9 poss\u00edvel porque a QR Point cuida de todos os processos para voc\u00ea, oferecendo diversas vantagens aos seus colaboradores, como a possibilidade do controle de ponto<strong> <\/strong>online. Al\u00e9m disso, garantimos que tudo aconte\u00e7a dentro do que a lei estabelece.&nbsp;&nbsp;<\/p>\n\n\n\n<p>No entanto, somos um software de <a href=\\\"http:\/\/charming-archimedes.50-17-123-235.plesk.page\/blog\/portaria-373\/\\\">controle de ponto online<\/a> que al\u00e9m de permitir o registro de ponto em qualquer localiza\u00e7\u00e3o, tamb\u00e9m colaboramos para que a sua empresa cumpra todas as responsabilidades trabalhistas.&nbsp;<\/p>\n\n\n\n<p>\u00c9 poss\u00edvel que em nosso sistema de controle de ponto sejam lan\u00e7adas as informa\u00e7\u00f5es sobre faltas, saldos negativos de horas trabalhadas, e at\u00e9 mesmo as <a rel=\\\"noreferrer noopener\\\" aria-label=\\\"horas (abre numa nova aba)\\\" href=\\\"http:\/\/charming-archimedes.50-17-123-235.plesk.page\/blog\/calculo-de-horas-extras\/\\\" target=\\\"_blank\\\">horas<\/a><a href=\\\"http:\/\/charming-archimedes.50-17-123-235.plesk.page\/blog\/calculo-de-horas-extras\/\\\" target=\\\"_blank\\\" rel=\\\"noreferrer noopener\\\" aria-label=\\\" extras (abre numa nova aba)\\\"> extras<\/a> de seus funcion\u00e1rios.<\/p>\n\n\n\n<p>Ademais, voc\u00ea pode evitar que poss\u00edveis falhas humanas aconte\u00e7am no RH da sua empresa contratando os servi\u00e7os de controle de ponto da QR Point. Al\u00e9m de permitir que a gest\u00e3o de pessoas do seu empreendimento cuide mais dos seus colaboradores.<\/p>\n\n\n\n<p>Sendo assim, contrate a QR Point como o sistema de controle de ponto online da sua empresa, e garanta a automatiza\u00e7\u00e3o dos processos com a melhor tecnologia de registro de ponto a cada atualiza\u00e7\u00e3o!<\/p>\n\n\n\n<figure class=\"wp-block-image\"><a href=\"https:\/\/signup.qrpoint.io\/?utm_source=qrpoint&amp;utm_medium=blog&amp;utm_content=banner-innerpage\"><img decoding=\"async\" src=\"http:\/\/qrpoint.io\/blog\/wp-content\/uploads\/2023\/02\/QRPoint-imagens-blog-banner-innerpage-1.png\" alt=\"\" class=\"wp-image-8977\"\/><\/a><\/figure>\n\n\n\n<h3 class=\"wp-block-heading\"><strong>Como a QR Point funciona?<\/strong><\/h3>\n\n\n\n<p>Para dar in\u00edcio, n\u00f3s fornecemos o <a href=\\\"http:\/\/charming-archimedes.50-17-123-235.plesk.page\/funcionalidades\/registro-rapido\/\\\">registro r\u00e1pido<\/a> dos seus colaboradores no software de controle de ponto, reduzindo a dificuldade na hora de adotar o novo sistema.<\/p>\n\n\n\n<p>Uma vez que tudo j\u00e1 estiver nos conformes, voc\u00ea vai poder aproveitar do app do gestor, um dos nossos maiores benef\u00edcios.<\/p>\n\n\n\n<p>\u00c9 atrav\u00e9s do<a href=\\\"http:\/\/charming-archimedes.50-17-123-235.plesk.page\/funcionalidades\/aplicativo-do-gestor\/\\\"> aplicativo do gestor<\/a> que voc\u00ea ter\u00e1 acesso a <a href=\\\"http:\/\/charming-archimedes.50-17-123-235.plesk.page\/funcionalidades\/dashboards-indicadores\/\\\">dashboards de indicadores<\/a>, mostrando todos os colaboradores que est\u00e3o dentro da organiza\u00e7\u00e3o trabalhando, al\u00e9m daqueles que est\u00e3o de f\u00e9rias e muito mais!<\/p>\n\n\n\n<p>Portanto, para garantir a estadia do colaborador dentro do local de trabalho, n\u00f3s usamos os recursos de <a href=\\\"http:\/\/charming-archimedes.50-17-123-235.plesk.page\/funcionalidades\/geolocalizacao\/\\\">geolocaliza\u00e7\u00e3o<\/a> para criar uma cerca virtual que garante exatamente onde o ponto online ou o ponto offline est\u00e1 sendo registrado.<\/p>\n\n\n\n<p>E pensando na seguran\u00e7a tanto do colaborador quanto do gestor, o controle de ponto \u00e9 registrado atrav\u00e9s do <a href=\\\"http:\/\/charming-archimedes.50-17-123-235.plesk.page\/funcionalidades\/reconhecimento-facial\/\\\">reconhecimento biom\u00e9trico<\/a> do profissional. N\u00f3s tamb\u00e9m mantemos o <a href=\\\"http:\/\/charming-archimedes.50-17-123-235.plesk.page\/funcionalidades\/banco-de-horas\/\\\">banco de horas<\/a> de todos os colaboradores, permitindo mudan\u00e7as nele se necess\u00e1rio.<\/p>\n\n\n\n<p><a href=\\\"http:\/\/charming-archimedes.50-17-123-235.plesk.page\/contato\/\\\">Entre em contato<\/a> para tirar qualquer d\u00favida sobre o nosso sistema de controle de ponto com nossa equipe. Ficou interessado e quer os benef\u00edcios do QR Point na sua empresa? Fa\u00e7a hoje mesmo um <a href=\\\"https:\/\/cadastro.qrpoint.com.br\/\\\">teste do controle de ponto gratuito<\/a> e prove a facilidade de ter o <a href=\\\"http:\/\/charming-archimedes.50-17-123-235.plesk.page\/funcionalidades\/calculo-de-horas-adicionais-e-faltas\/\\\">c\u00e1lculo de horas, adicionais e faltas feito automaticamente<\/a>.<\/p>\n\n\n\n<p>N\u00e3o vai perder a oportunidade de automatizar a sua empresa com o melhor software de controle de ponto online, n\u00e9? Saiba mais sobre o nosso controle de ponto em nosso site!<\/p>\n\n\n\n<p>Voc\u00ea pode acompanhar mais conte\u00fados em nossas redes sociais: <a href=\\\"https:\/\/www.linkedin.com\/company\/qrpoint\\\">LinkedIn<\/a>, <a href=\\\"https:\/\/www.instagram.com\/qrpoint\/\\\">Instagram<\/a> e <a href=\\\"https:\/\/www.facebook.com\/qrpoint\\\">Facebook<\/a>.<\/p>\n\n\n\n<h2 class=\"wp-block-heading\" id=\"h-o-que-voce-perdeu\"><strong>O que voc\u00ea perdeu?<\/strong><\/h2>\n\n\n\n<h3 class=\"wp-block-heading\"><strong>Business Intelligence no RH<\/strong><\/h3>\n\n\n\n<p>Infelizmente, muitas pessoas acreditaram que o Business Intelligence era s\u00f3 mais um termo moderno que n\u00e3o iria fazer diferen\u00e7a nas empresas, mas, n\u00e3o \u00e9 bem assim! No entanto, n\u00e3o s\u00f3 a empresa pode se beneficiar, mas tamb\u00e9m o Business Intelligence no <a href=\\\"http:\/\/charming-archimedes.50-17-123-235.plesk.page\/blog\/headcount\/\\\"><\/a><a href=\\\"http:\/\/charming-archimedes.50-17-123-235.plesk.page\/blog\/headcount\/\\\"><\/a><a href=\\\"http:\/\/charming-archimedes.50-17-123-235.plesk.page\/blog\/headcount\/\\\"><\/a><a href=\\\"http:\/\/charming-archimedes.50-17-123-235.plesk.page\/blog\/headcount\/\\\">R<\/a><a href=\\\"http:\/\/charming-archimedes.50-17-123-235.plesk.page\/blog\/headcount\/\\\" target=\\\"_blank\\\" rel=\\\"noreferrer noopener\\\" aria-label=\\\"H (abre numa nova aba)\\\">H<\/a> \u00e9 fundamental. Afinal, o mundo corporativo est\u00e1 cada vez mais dando aten\u00e7\u00e3o aos dados.\u00a0<\/p>\n\n\n\n<p>Nos dias atuais, os gestores n\u00e3o podem utilizar somente a sua intui\u00e7\u00e3o para tomar decis\u00f5es, ali\u00e1s, at\u00e9 podem, mas isso \u00e9 ultrapassado. Ent\u00e3o, para se atualizar no mercado e se tornar uma empresa competitiva no mercado, \u00e9 necess\u00e1rio utilizar uma ferramenta como o Business Intelligence.&nbsp;<\/p>\n\n\n\n<p>Sendo assim, iremos contextualizar o que \u00e9 Business Intelligence no <a href=\\\"http:\/\/charming-archimedes.50-17-123-235.plesk.page\/blog\/headcount\/\\\" target=\\\"_blank\\\" rel=\\\"noreferrer noopener\\\" aria-label=\\\"RH (abre numa nova aba)\\\">RH<\/a>, para que a sua empresa possa ter um <a href=\\\"http:\/\/charming-archimedes.50-17-123-235.plesk.page\/blog\/recursos-humanos\/\\\">setor<\/a> <a href=\\\"http:\/\/charming-archimedes.50-17-123-235.plesk.page\/blog\/recursos-humanos\/\\\">de<\/a> <a href=\\\"http:\/\/charming-archimedes.50-17-123-235.plesk.page\/blog\/recursos-humanos\/\\\">recursos<\/a> <a href=\\\"http:\/\/charming-archimedes.50-17-123-235.plesk.page\/blog\/recursos-humanos\/\\\">humanos<\/a> muito mais estrat\u00e9gico.\u00a0<\/p>\n\n\n\n<h5 class=\"wp-block-heading\"><strong>Achou o conte\u00fado interessante? <\/strong><a href=\\\"http:\/\/charming-archimedes.50-17-123-235.plesk.page\/blog\/business-intelligence-no-rh\/\\\"><strong>clique aqui<\/strong><\/a><strong> e tenha acesso ao material completo!  <\/strong><\/h5>\n","protected":false},"excerpt":{"rendered":"<p>Descubra o que \u00e9 a cerca virtual para colaboradores e como tirar proveito dessa tecnologia de controle de ponto e jornada de trabalho.<\/p>\n","protected":false},"author":3,"featured_media":1086,"comment_status":"open","ping_status":"open","sticky":false,"template":"","format":"standard","meta":{"site-sidebar-layout":"default","site-content-layout":"default","ast-global-header-display":"","ast-main-header-display":"","ast-hfb-above-header-display":"","ast-hfb-below-header-display":"","ast-hfb-mobile-header-display":"","site-post-title":"","ast-breadcrumbs-content":"","ast-featured-img":"","footer-sml-layout":"","theme-transparent-header-meta":"default","adv-header-id-meta":"","stick-header-meta":"","header-above-stick-meta":"","header-main-stick-meta":"","header-below-stick-meta":"","footnotes":""},"categories":[29,49,13],"tags":[40,51,21],"class_list":["post-6363","post","type-post","status-publish","format-standard","has-post-thumbnail","hentry","category-legislacao","category-noticias","category-tecnologia","tag-legislacao","tag-cerca-virtual","tag-tecnologia-de-rh"],"yoast_head":"<!-- This site is optimized with the Yoast SEO Premium plugin v19.2 (Yoast SEO v20.2.1) - https:\/\/yoast.com\/wordpress\/plugins\/seo\/ -->\n<title>Cerca virtual para colaboradores: Saiba como usar em seu neg\u00f3cio!<\/title>\n<meta name=\"description\" content=\"Descubra o que \u00e9 a cerca virtual para colaboradores e como tirar proveito dessa tecnologia de controle de ponto e jornada de trabalho.\" \/>\n<meta name=\"robots\" content=\"index, follow, max-snippet:-1, max-image-preview:large, max-video-preview:-1\" \/>\n<link rel=\"canonical\" href=\"https:\/\/qrpoint.io\/blog\/cerca-virtual\/\" \/>\n<meta property=\"og:locale\" content=\"pt_BR\" \/>\n<meta property=\"og:type\" content=\"article\" \/>\n<meta property=\"og:title\" content=\"Cerca virtual: Saiba como usar em seu neg\u00f3cio!\" \/>\n<meta property=\"og:description\" content=\"Descubra o que \u00e9 a cerca virtual para colaboradores e como tirar proveito dessa tecnologia de controle de ponto e jornada de trabalho.\" \/>\n<meta property=\"og:url\" content=\"https:\/\/qrpoint.io\/blog\/cerca-virtual\/\" \/>\n<meta property=\"og:site_name\" content=\"QRpoint\" \/>\n<meta property=\"article:publisher\" content=\"https:\/\/pt-br.facebook.com\/qrpoint\/\" \/>\n<meta property=\"article:published_time\" content=\"2019-09-30T13:52:20+00:00\" \/>\n<meta property=\"article:modified_time\" content=\"2023-08-15T15:56:48+00:00\" \/>\n<meta name=\"author\" content=\"Eduardo Lobo\" \/>\n<meta name=\"twitter:card\" content=\"summary_large_image\" \/>\n<meta name=\"twitter:label1\" content=\"Escrito por\" \/>\n\t<meta name=\"twitter:data1\" content=\"Eduardo Lobo\" \/>\n\t<meta name=\"twitter:label2\" content=\"Est. tempo de leitura\" \/>\n\t<meta name=\"twitter:data2\" content=\"12 minutos\" \/>\n<script type=\"application\/ld+json\" class=\"yoast-schema-graph\">{\"@context\":\"https:\/\/schema.org\",\"@graph\":[{\"@type\":\"Article\",\"@id\":\"https:\/\/qrpoint.io\/blog\/cerca-virtual\/#article\",\"isPartOf\":{\"@id\":\"https:\/\/qrpoint.io\/blog\/cerca-virtual\/\"},\"author\":{\"name\":\"Eduardo Lobo\",\"@id\":\"https:\/\/qrpoint.io\/blog\/#\/schema\/person\/a947229d2b2e8ab9057e4cde6f7cc567\"},\"headline\":\"Cerca virtual: Saiba como usar em seu neg\u00f3cio!\",\"datePublished\":\"2019-09-30T13:52:20+00:00\",\"dateModified\":\"2023-08-15T15:56:48+00:00\",\"mainEntityOfPage\":{\"@id\":\"https:\/\/qrpoint.io\/blog\/cerca-virtual\/\"},\"wordCount\":2228,\"commentCount\":0,\"publisher\":{\"@id\":\"https:\/\/qrpoint.io\/blog\/#organization\"},\"keywords\":[\"#legisla\u00e7\u00e3o\",\"cerca virtual\",\"tecnologia de RH\"],\"articleSection\":[\"Legisla\u00e7\u00e3o\",\"Not\u00edcias\",\"Tecnologia\"],\"inLanguage\":\"pt-BR\",\"potentialAction\":[{\"@type\":\"CommentAction\",\"name\":\"Comment\",\"target\":[\"https:\/\/qrpoint.io\/blog\/cerca-virtual\/#respond\"]}]},{\"@type\":\"WebPage\",\"@id\":\"https:\/\/qrpoint.io\/blog\/cerca-virtual\/\",\"url\":\"https:\/\/qrpoint.io\/blog\/cerca-virtual\/\",\"name\":\"Cerca virtual para colaboradores: Saiba como usar em seu neg\u00f3cio!\",\"isPartOf\":{\"@id\":\"https:\/\/qrpoint.io\/blog\/#website\"},\"datePublished\":\"2019-09-30T13:52:20+00:00\",\"dateModified\":\"2023-08-15T15:56:48+00:00\",\"description\":\"Descubra o que \u00e9 a cerca virtual para colaboradores e como tirar proveito dessa tecnologia de controle de ponto e jornada de trabalho.\",\"breadcrumb\":{\"@id\":\"https:\/\/qrpoint.io\/blog\/cerca-virtual\/#breadcrumb\"},\"inLanguage\":\"pt-BR\",\"potentialAction\":[{\"@type\":\"ReadAction\",\"target\":[\"https:\/\/qrpoint.io\/blog\/cerca-virtual\/\"]}]},{\"@type\":\"BreadcrumbList\",\"@id\":\"https:\/\/qrpoint.io\/blog\/cerca-virtual\/#breadcrumb\",\"itemListElement\":[{\"@type\":\"ListItem\",\"position\":1,\"name\":\"Home\",\"item\":\"https:\/\/qrpoint.io\/blog\/\"},{\"@type\":\"ListItem\",\"position\":2,\"name\":\"Cerca virtual: Saiba como usar em seu neg\u00f3cio!\"}]},{\"@type\":\"WebSite\",\"@id\":\"https:\/\/qrpoint.io\/blog\/#website\",\"url\":\"https:\/\/qrpoint.io\/blog\/\",\"name\":\"QRpoint\",\"description\":\"Melhor Sistema de Controle de Ponto do Brasil! Tecnologia de RH capaz de simplificar os processos do RH da sua empresa! Confira!\",\"publisher\":{\"@id\":\"https:\/\/qrpoint.io\/blog\/#organization\"},\"potentialAction\":[{\"@type\":\"SearchAction\",\"target\":{\"@type\":\"EntryPoint\",\"urlTemplate\":\"https:\/\/qrpoint.io\/blog\/?s={search_term_string}\"},\"query-input\":\"required name=search_term_string\"}],\"inLanguage\":\"pt-BR\"},{\"@type\":\"Organization\",\"@id\":\"https:\/\/qrpoint.io\/blog\/#organization\",\"name\":\"QRpoint\",\"url\":\"https:\/\/qrpoint.io\/blog\/\",\"logo\":{\"@type\":\"ImageObject\",\"inLanguage\":\"pt-BR\",\"@id\":\"https:\/\/qrpoint.io\/blog\/#\/schema\/logo\/image\/\",\"url\":\"https:\/\/qrpoint.io\/wp-content\/uploads\/2022\/09\/Twitter-avatar-100x100-1.png\",\"contentUrl\":\"https:\/\/qrpoint.io\/wp-content\/uploads\/2022\/09\/Twitter-avatar-100x100-1.png\",\"width\":100,\"height\":100,\"caption\":\"QRpoint\"},\"image\":{\"@id\":\"https:\/\/qrpoint.io\/blog\/#\/schema\/logo\/image\/\"},\"sameAs\":[\"https:\/\/pt-br.facebook.com\/qrpoint\/\",\"https:\/\/www.instagram.com\/qrpoint\/\"]},{\"@type\":\"Person\",\"@id\":\"https:\/\/qrpoint.io\/blog\/#\/schema\/person\/a947229d2b2e8ab9057e4cde6f7cc567\",\"name\":\"Eduardo Lobo\",\"image\":{\"@type\":\"ImageObject\",\"inLanguage\":\"pt-BR\",\"@id\":\"https:\/\/qrpoint.io\/blog\/#\/schema\/person\/image\/\",\"url\":\"https:\/\/secure.gravatar.com\/avatar\/?s=96&d=mm&r=g\",\"contentUrl\":\"https:\/\/secure.gravatar.com\/avatar\/?s=96&d=mm&r=g\",\"caption\":\"Eduardo Lobo\"},\"url\":\"https:\/\/qrpoint.io\/blog\/author\/eduardo-lobo\/\"}]}<\/script>\n<!-- \/ Yoast SEO Premium plugin. -->","yoast_head_json":{"title":"Cerca virtual para colaboradores: Saiba como usar em seu neg\u00f3cio!","description":"Descubra o que \u00e9 a cerca virtual para colaboradores e como tirar proveito dessa tecnologia de controle de ponto e jornada de trabalho.","robots":{"index":"index","follow":"follow","max-snippet":"max-snippet:-1","max-image-preview":"max-image-preview:large","max-video-preview":"max-video-preview:-1"},"canonical":"https:\/\/qrpoint.io\/blog\/cerca-virtual\/","og_locale":"pt_BR","og_type":"article","og_title":"Cerca virtual: Saiba como usar em seu neg\u00f3cio!","og_description":"Descubra o que \u00e9 a cerca virtual para colaboradores e como tirar proveito dessa tecnologia de controle de ponto e jornada de trabalho.","og_url":"https:\/\/qrpoint.io\/blog\/cerca-virtual\/","og_site_name":"QRpoint","article_publisher":"https:\/\/pt-br.facebook.com\/qrpoint\/","article_published_time":"2019-09-30T13:52:20+00:00","article_modified_time":"2023-08-15T15:56:48+00:00","author":"Eduardo Lobo","twitter_card":"summary_large_image","twitter_misc":{"Escrito por":"Eduardo Lobo","Est. tempo de leitura":"12 minutos"},"schema":{"@context":"https:\/\/schema.org","@graph":[{"@type":"Article","@id":"https:\/\/qrpoint.io\/blog\/cerca-virtual\/#article","isPartOf":{"@id":"https:\/\/qrpoint.io\/blog\/cerca-virtual\/"},"author":{"name":"Eduardo Lobo","@id":"https:\/\/qrpoint.io\/blog\/#\/schema\/person\/a947229d2b2e8ab9057e4cde6f7cc567"},"headline":"Cerca virtual: Saiba como usar em seu neg\u00f3cio!","datePublished":"2019-09-30T13:52:20+00:00","dateModified":"2023-08-15T15:56:48+00:00","mainEntityOfPage":{"@id":"https:\/\/qrpoint.io\/blog\/cerca-virtual\/"},"wordCount":2228,"commentCount":0,"publisher":{"@id":"https:\/\/qrpoint.io\/blog\/#organization"},"keywords":["#legisla\u00e7\u00e3o","cerca virtual","tecnologia de RH"],"articleSection":["Legisla\u00e7\u00e3o","Not\u00edcias","Tecnologia"],"inLanguage":"pt-BR","potentialAction":[{"@type":"CommentAction","name":"Comment","target":["https:\/\/qrpoint.io\/blog\/cerca-virtual\/#respond"]}]},{"@type":"WebPage","@id":"https:\/\/qrpoint.io\/blog\/cerca-virtual\/","url":"https:\/\/qrpoint.io\/blog\/cerca-virtual\/","name":"Cerca virtual para colaboradores: Saiba como usar em seu neg\u00f3cio!","isPartOf":{"@id":"https:\/\/qrpoint.io\/blog\/#website"},"datePublished":"2019-09-30T13:52:20+00:00","dateModified":"2023-08-15T15:56:48+00:00","description":"Descubra o que \u00e9 a cerca virtual para colaboradores e como tirar proveito dessa tecnologia de controle de ponto e jornada de trabalho.","breadcrumb":{"@id":"https:\/\/qrpoint.io\/blog\/cerca-virtual\/#breadcrumb"},"inLanguage":"pt-BR","potentialAction":[{"@type":"ReadAction","target":["https:\/\/qrpoint.io\/blog\/cerca-virtual\/"]}]},{"@type":"BreadcrumbList","@id":"https:\/\/qrpoint.io\/blog\/cerca-virtual\/#breadcrumb","itemListElement":[{"@type":"ListItem","position":1,"name":"Home","item":"https:\/\/qrpoint.io\/blog\/"},{"@type":"ListItem","position":2,"name":"Cerca virtual: Saiba como usar em seu neg\u00f3cio!"}]},{"@type":"WebSite","@id":"https:\/\/qrpoint.io\/blog\/#website","url":"https:\/\/qrpoint.io\/blog\/","name":"QRpoint","description":"Melhor Sistema de Controle de Ponto do Brasil! Tecnologia de RH capaz de simplificar os processos do RH da sua empresa! Confira!","publisher":{"@id":"https:\/\/qrpoint.io\/blog\/#organization"},"potentialAction":[{"@type":"SearchAction","target":{"@type":"EntryPoint","urlTemplate":"https:\/\/qrpoint.io\/blog\/?s={search_term_string}"},"query-input":"required name=search_term_string"}],"inLanguage":"pt-BR"},{"@type":"Organization","@id":"https:\/\/qrpoint.io\/blog\/#organization","name":"QRpoint","url":"https:\/\/qrpoint.io\/blog\/","logo":{"@type":"ImageObject","inLanguage":"pt-BR","@id":"https:\/\/qrpoint.io\/blog\/#\/schema\/logo\/image\/","url":"https:\/\/qrpoint.io\/wp-content\/uploads\/2022\/09\/Twitter-avatar-100x100-1.png","contentUrl":"https:\/\/qrpoint.io\/wp-content\/uploads\/2022\/09\/Twitter-avatar-100x100-1.png","width":100,"height":100,"caption":"QRpoint"},"image":{"@id":"https:\/\/qrpoint.io\/blog\/#\/schema\/logo\/image\/"},"sameAs":["https:\/\/pt-br.facebook.com\/qrpoint\/","https:\/\/www.instagram.com\/qrpoint\/"]},{"@type":"Person","@id":"https:\/\/qrpoint.io\/blog\/#\/schema\/person\/a947229d2b2e8ab9057e4cde6f7cc567","name":"Eduardo Lobo","image":{"@type":"ImageObject","inLanguage":"pt-BR","@id":"https:\/\/qrpoint.io\/blog\/#\/schema\/person\/image\/","url":"https:\/\/secure.gravatar.com\/avatar\/?s=96&d=mm&r=g","contentUrl":"https:\/\/secure.gravatar.com\/avatar\/?s=96&d=mm&r=g","caption":"Eduardo Lobo"},"url":"https:\/\/qrpoint.io\/blog\/author\/eduardo-lobo\/"}]}},"_links":{"self":[{"href":"https:\/\/qrpoint.io\/blog\/wp-json\/wp\/v2\/posts\/6363","targetHints":{"allow":["GET"]}}],"collection":[{"href":"https:\/\/qrpoint.io\/blog\/wp-json\/wp\/v2\/posts"}],"about":[{"href":"https:\/\/qrpoint.io\/blog\/wp-json\/wp\/v2\/types\/post"}],"author":[{"embeddable":true,"href":"https:\/\/qrpoint.io\/blog\/wp-json\/wp\/v2\/users\/3"}],"replies":[{"embeddable":true,"href":"https:\/\/qrpoint.io\/blog\/wp-json\/wp\/v2\/comments?post=6363"}],"version-history":[{"count":1,"href":"https:\/\/qrpoint.io\/blog\/wp-json\/wp\/v2\/posts\/6363\/revisions"}],"predecessor-version":[{"id":9070,"href":"https:\/\/qrpoint.io\/blog\/wp-json\/wp\/v2\/posts\/6363\/revisions\/9070"}],"wp:featuredmedia":[{"embeddable":true,"href":"https:\/\/qrpoint.io\/blog\/wp-json\/"}],"wp:attachment":[{"href":"https:\/\/qrpoint.io\/blog\/wp-json\/wp\/v2\/media?parent=6363"}],"wp:term":[{"taxonomy":"category","embeddable":true,"href":"https:\/\/qrpoint.io\/blog\/wp-json\/wp\/v2\/categories?post=6363"},{"taxonomy":"post_tag","embeddable":true,"href":"https:\/\/qrpoint.io\/blog\/wp-json\/wp\/v2\/tags?post=6363"}],"curies":[{"name":"wp","href":"https:\/\/api.w.org\/{rel}","templated":true}]}}