{"id":6381,"date":"2020-03-23T20:11:12","date_gmt":"2020-03-23T23:11:12","guid":{"rendered":"https:\/\/charming-archimedes.50-17-123-235.plesk.page\/index.php\/2020\/03\/23\/contrair-covid-19-e-considerado-acidente-de-trabalho\/"},"modified":"2020-03-23T20:11:12","modified_gmt":"2020-03-23T23:11:12","slug":"contrair-covid-19-e-considerado-acidente-de-trabalho","status":"publish","type":"post","link":"https:\/\/qrpoint.io\/blog\/contrair-covid-19-e-considerado-acidente-de-trabalho\/","title":{"rendered":"Contrair COVID-19 \u00e9 considerado acidente de trabalho?"},"content":{"rendered":"\n<p>Na semana passada, o novo coronav\u00edrus foi considerado pela Organiza\u00e7\u00e3o Mundial de Sa\u00fade <a href=\\\"https:\/\/www.em.com.br\/app\/noticia\/internacional\/2020\/03\/11\/interna_internacional,1127900\/coronavirus-e-considerado-pandemia-diz-oms.shtml\\\">como pandemia<\/a>. Na \u00faltima ter\u00e7a-feira,17, o Brasil confirmou a sua <a href=\\\"https:\/\/g1.globo.com\/sp\/sao-paulo\/noticia\/2020\/03\/17\/estado-de-sp-tem-o-primeiro-caso-de-morte-provocada-pelo-coronavirus.ghtml\\\">primeira v\u00edtima letal<\/a> em S\u00e3o Paulo e o pa\u00eds reconheceu, de fato, o estado de risco.&nbsp;&nbsp;<\/p>\n\n\n\n<p>De acordo com <a href=\\\"https:\/\/g1.globo.com\/bemestar\/coronavirus\/noticia\/2020\/03\/17\/casos-de-coronavirus-no-brasil-em-17-de-marco.ghtml\\\">uma mat\u00e9ria publicada pelo G1<\/a>, no Brasil, existem atualmente cerca de 8.819 casos suspeitos e 349 casos confirmados do novo COVID-19, em 17 estados do pa\u00eds e no Distrito Federal.<\/p>\n\n\n\n<p>Os dados n\u00e3o param de crescer e, desde essas atualiza\u00e7\u00f5es, diversas institui\u00e7\u00f5es p\u00fablicas e privadas &#8211; universidades, escolas e empresas &#8211; adotaram voluntariamente o per\u00edodo de quarentena. Sem tempo previsto de retorno, as atividades foram canceladas e recomenda-se \u00e0s pessoas que fiquem em casa.&nbsp;<\/p>\n\n\n\n<p>Por\u00e9m, a provid\u00eancia ainda n\u00e3o foi tomada de forma geral. Nem todas as corpora\u00e7\u00f5es liberaram os funcion\u00e1rios para a quarentena. Vale lembrar que, nesse cen\u00e1rio, trata-se de um <a href=\\\"http:\/\/www.planalto.gov.br\/ccivil_03\/_Ato2019-2022\/2020\/Lei\/L13979.htm\\\">direito do colaborador<\/a>, levando em considera\u00e7\u00e3o a situa\u00e7\u00e3o alarmante.&nbsp;<\/p>\n\n\n\n<h2 class=\"wp-block-heading\">Contrair COVID-19 em servi\u00e7o \u00e9 considerado acidente de trabalho?<\/h2>\n\n\n\n<p>Sim. <a href=\\\"http:\/\/charming-archimedes.50-17-123-235.plesk.page\/blog\/por-que-fazer-home-office-ainda-esse-mes\/\\\">Alguns funcion\u00e1rios foram liberados das atividades nas sedes das empresas<\/a>&nbsp;para ficar em isolamento social, cuidando da pr\u00f3pria sa\u00fade e de sua comunidade. Por\u00e9m, essa n\u00e3o \u00e9 realidade para todos os trabalhadores.&nbsp;<\/p>\n\n\n\n<p>Muitos ainda precisam pegar transporte p\u00fablico para chegar no trabalho e, l\u00e1, lidam com situa\u00e7\u00f5es que exigem contato outras pessoas. Outros precisam manter as suas viagens de trabalho para cumprir a agenda de compromissos &#8211; ainda que rodovi\u00e1rias e aeroportos estejam diminuindo consideravelmente suas opera\u00e7\u00f5es. Por ser uma doen\u00e7a viral, o controle de cont\u00e1gio do coronav\u00edrus \u00e9 quase imposs\u00edvel &#8211; e isso \u00e9, por si s\u00f3, preocupante.<\/p>\n\n\n\n<p>Caso o cont\u00e1gio aconte\u00e7a dentro do ambiente de trabalho, \u00e9 responsabilidade da empresa cobrir o pagamento dos quinze primeiros dias de atestado m\u00e9dico do colaborador. Depois desse per\u00edodo, o funcion\u00e1rio tem direito a receber diretamente do INSS.<\/p>\n\n\n\n<p>Al\u00e9m disso, a pessoa que contrair COVID-19 no local de trabalho, ou durante viagem com essa finalidade, ter\u00e1 uma seguran\u00e7a extra contra o desemprego: durante um per\u00edodo de doze meses ela n\u00e3o pode ser demitida sem justa causa.&nbsp;<\/p>\n\n\n\n<p>\u00c9 importante lembrar que \u00e9 obriga\u00e7\u00e3o da empresa lidar com o caso de cont\u00e1gio como um acidente de trabalho e oferecer, nesse cen\u00e1rio, as mesmas condi\u00e7\u00f5es trabalhistas de qualquer outra eventualidade laboral. Afinal, o cont\u00e1gio aconteceu enquanto o funcion\u00e1rio exercia fun\u00e7\u00f5es determinadas em nome da empresa.&nbsp;<\/p>\n\n\n\n<h2 class=\"wp-block-heading\">Como se proteger do cont\u00e1gio do coronav\u00edrus?&nbsp;<\/h2>\n\n\n\n<p>As indica\u00e7\u00f5es feitas pelas organiza\u00e7\u00f5es de sa\u00fade t\u00eam sido acerca dos cuidados b\u00e1sicos de higiene, como lavar as m\u00e3os e usar \u00e1lcool em gel.<\/p>\n\n\n\n<p>Indo al\u00e9m disso, o afastamento de locais p\u00fablicos, onde existe grande aglomera\u00e7\u00e3o de pessoas, \u00e9 desencorajado. Seja em meios de transportes, universidades, bares ou empresas, essa \u00e9 outra medida de preven\u00e7\u00e3o indicada durante o per\u00edodo em que o COVID-19 est\u00e1 se espalhando.&nbsp;&nbsp;<\/p>\n\n\n\n<p>Provid\u00eancias preventivas devem ser tomadas por todos e, principalmente, por aqueles em que se encontram nos grupos de risco: pessoas acima de 60 anos e\/ou em qualquer idade com diabetes, doen\u00e7as card\u00edacas e\/ou pulmonares.<\/p>\n\n\n\n<h2 class=\"wp-block-heading\">Como evitar cont\u00e1gio na viagem a trabalho?<\/h2>\n\n\n\n<p>A solu\u00e7\u00e3o para evitar essas e outras situa\u00e7\u00f5es de cont\u00e1gio dentro do ambiente de trabalho \u00e9, de fato, suspender momentaneamente as atividades dentro da corpora\u00e7\u00e3o e <a href=\\\"http:\/\/charming-archimedes.50-17-123-235.plesk.page\/blog\/por-que-fazer-home-office-ainda-esse-mes\/\\\">optar pelo home office<\/a> &#8211; ou trabalho remoto. Isso inclui, claro, viagens eletivas, ou seja, que possam ser remarcadas sem \u00f4nus.<\/p>\n\n\n\n<p>Caso o assunto da viagem seja urgente, optar por resolv\u00ea-lo a partir de videoconfer\u00eancia na internet ou mensagens de \u00e1udio e liga\u00e7\u00f5es \u00e9 a sa\u00edda segura.<\/p>\n\n\n\n<p>Vale lembrar que home office n\u00e3o \u00e9 sin\u00f4nimo de f\u00e9rias. Existem v\u00e1rias tecnologias para o monitoramento da jornada de trabalho, incluindo a participa\u00e7\u00e3o em reuni\u00f5es e treinamentos em casa. Utilizar ferramentas alternativas nesse per\u00edodo faz com que as demandas da empresa n\u00e3o fiquem em atraso.<\/p>\n\n\n\n<p>Ent\u00e3o, durante a quarentena, cuide bem de sua sa\u00fade e das pessoas pr\u00f3ximas a voc\u00ea. Evite sair de casa para encontrar os amigos, colegas de servi\u00e7o ou fazer viagens de trabalho. Se for urgente, trabalhe de casa.&nbsp;<\/p>\n\n\n\n<p>Se tiver d\u00favidas sobre como fazer a gest\u00e3o de pessoas e como controlar a jornada de trabalho durante a quarentena, procure a QRPOINT! <a href=\\\"http:\/\/charming-archimedes.50-17-123-235.plesk.page\/contato\/\\\">Entre em contato <\/a>com a nossa equipe e assine a nossa newsletter para mais informa\u00e7\u00f5es.<\/p>\n","protected":false},"excerpt":{"rendered":"<p>Descubra aqui se contrair COVID-19 \u00e9 considerado acidente de trabalho e quais s\u00e3o os custos das empresas caso isso ocorra.<\/p>\n","protected":false},"author":3,"featured_media":1253,"comment_status":"open","ping_status":"open","sticky":false,"template":"","format":"standard","meta":{"site-sidebar-layout":"default","site-content-layout":"default","ast-global-header-display":"","ast-main-header-display":"","ast-hfb-above-header-display":"","ast-hfb-below-header-display":"","ast-hfb-mobile-header-display":"","site-post-title":"","ast-breadcrumbs-content":"","ast-featured-img":"","footer-sml-layout":"","theme-transparent-header-meta":"default","adv-header-id-meta":"","stick-header-meta":"","header-above-stick-meta":"","header-main-stick-meta":"","header-below-stick-meta":"","footnotes":""},"categories":[29],"tags":[],"class_list":["post-6381","post","type-post","status-publish","format-standard","has-post-thumbnail","hentry","category-legislacao"],"yoast_head":"<!-- This site is optimized with the Yoast SEO Premium plugin v19.2 (Yoast SEO v20.2.1) - https:\/\/yoast.com\/wordpress\/plugins\/seo\/ -->\n<title>Contrair COVID-19 \u00e9 considerado acidente de trabalho? - QRpoint<\/title>\n<meta name=\"description\" content=\"Descubra aqui se contrair COVID-19 \u00e9 considerado acidente de trabalho e quais s\u00e3o os custos das empresas caso isso ocorra.\" \/>\n<meta name=\"robots\" content=\"index, follow, max-snippet:-1, max-image-preview:large, max-video-preview:-1\" \/>\n<link rel=\"canonical\" href=\"https:\/\/qrpoint.io\/blog\/contrair-covid-19-e-considerado-acidente-de-trabalho\/\" \/>\n<meta property=\"og:locale\" content=\"pt_BR\" \/>\n<meta property=\"og:type\" content=\"article\" \/>\n<meta property=\"og:title\" content=\"Contrair COVID-19 \u00e9 considerado acidente de trabalho?\" \/>\n<meta property=\"og:description\" content=\"Descubra aqui se contrair COVID-19 \u00e9 considerado acidente de trabalho e quais s\u00e3o os custos das empresas caso isso ocorra.\" \/>\n<meta property=\"og:url\" content=\"https:\/\/qrpoint.io\/blog\/contrair-covid-19-e-considerado-acidente-de-trabalho\/\" \/>\n<meta property=\"og:site_name\" content=\"QRpoint\" \/>\n<meta property=\"article:publisher\" content=\"https:\/\/pt-br.facebook.com\/qrpoint\/\" \/>\n<meta property=\"article:published_time\" content=\"2020-03-23T23:11:12+00:00\" \/>\n<meta name=\"author\" content=\"Eduardo Lobo\" \/>\n<meta name=\"twitter:card\" content=\"summary_large_image\" \/>\n<meta name=\"twitter:label1\" content=\"Escrito por\" \/>\n\t<meta name=\"twitter:data1\" content=\"Eduardo Lobo\" \/>\n\t<meta name=\"twitter:label2\" content=\"Est. tempo de leitura\" \/>\n\t<meta name=\"twitter:data2\" content=\"4 minutos\" \/>\n<script type=\"application\/ld+json\" class=\"yoast-schema-graph\">{\"@context\":\"https:\/\/schema.org\",\"@graph\":[{\"@type\":\"Article\",\"@id\":\"https:\/\/qrpoint.io\/blog\/contrair-covid-19-e-considerado-acidente-de-trabalho\/#article\",\"isPartOf\":{\"@id\":\"https:\/\/qrpoint.io\/blog\/contrair-covid-19-e-considerado-acidente-de-trabalho\/\"},\"author\":{\"name\":\"Eduardo Lobo\",\"@id\":\"https:\/\/qrpoint.io\/blog\/#\/schema\/person\/a947229d2b2e8ab9057e4cde6f7cc567\"},\"headline\":\"Contrair COVID-19 \u00e9 considerado acidente de trabalho?\",\"datePublished\":\"2020-03-23T23:11:12+00:00\",\"dateModified\":\"2020-03-23T23:11:12+00:00\",\"mainEntityOfPage\":{\"@id\":\"https:\/\/qrpoint.io\/blog\/contrair-covid-19-e-considerado-acidente-de-trabalho\/\"},\"wordCount\":786,\"commentCount\":0,\"publisher\":{\"@id\":\"https:\/\/qrpoint.io\/blog\/#organization\"},\"articleSection\":[\"Legisla\u00e7\u00e3o\"],\"inLanguage\":\"pt-BR\",\"potentialAction\":[{\"@type\":\"CommentAction\",\"name\":\"Comment\",\"target\":[\"https:\/\/qrpoint.io\/blog\/contrair-covid-19-e-considerado-acidente-de-trabalho\/#respond\"]}]},{\"@type\":\"WebPage\",\"@id\":\"https:\/\/qrpoint.io\/blog\/contrair-covid-19-e-considerado-acidente-de-trabalho\/\",\"url\":\"https:\/\/qrpoint.io\/blog\/contrair-covid-19-e-considerado-acidente-de-trabalho\/\",\"name\":\"Contrair COVID-19 \u00e9 considerado acidente de trabalho? - QRpoint\",\"isPartOf\":{\"@id\":\"https:\/\/qrpoint.io\/blog\/#website\"},\"datePublished\":\"2020-03-23T23:11:12+00:00\",\"dateModified\":\"2020-03-23T23:11:12+00:00\",\"description\":\"Descubra aqui se contrair COVID-19 \u00e9 considerado acidente de trabalho e quais s\u00e3o os custos das empresas caso isso ocorra.\",\"breadcrumb\":{\"@id\":\"https:\/\/qrpoint.io\/blog\/contrair-covid-19-e-considerado-acidente-de-trabalho\/#breadcrumb\"},\"inLanguage\":\"pt-BR\",\"potentialAction\":[{\"@type\":\"ReadAction\",\"target\":[\"https:\/\/qrpoint.io\/blog\/contrair-covid-19-e-considerado-acidente-de-trabalho\/\"]}]},{\"@type\":\"BreadcrumbList\",\"@id\":\"https:\/\/qrpoint.io\/blog\/contrair-covid-19-e-considerado-acidente-de-trabalho\/#breadcrumb\",\"itemListElement\":[{\"@type\":\"ListItem\",\"position\":1,\"name\":\"Home\",\"item\":\"https:\/\/qrpoint.io\/blog\/\"},{\"@type\":\"ListItem\",\"position\":2,\"name\":\"Contrair COVID-19 \u00e9 considerado acidente de trabalho?\"}]},{\"@type\":\"WebSite\",\"@id\":\"https:\/\/qrpoint.io\/blog\/#website\",\"url\":\"https:\/\/qrpoint.io\/blog\/\",\"name\":\"QRpoint\",\"description\":\"Melhor Sistema de Controle de Ponto do Brasil! Tecnologia de RH capaz de simplificar os processos do RH da sua empresa! Confira!\",\"publisher\":{\"@id\":\"https:\/\/qrpoint.io\/blog\/#organization\"},\"potentialAction\":[{\"@type\":\"SearchAction\",\"target\":{\"@type\":\"EntryPoint\",\"urlTemplate\":\"https:\/\/qrpoint.io\/blog\/?s={search_term_string}\"},\"query-input\":\"required name=search_term_string\"}],\"inLanguage\":\"pt-BR\"},{\"@type\":\"Organization\",\"@id\":\"https:\/\/qrpoint.io\/blog\/#organization\",\"name\":\"QRpoint\",\"url\":\"https:\/\/qrpoint.io\/blog\/\",\"logo\":{\"@type\":\"ImageObject\",\"inLanguage\":\"pt-BR\",\"@id\":\"https:\/\/qrpoint.io\/blog\/#\/schema\/logo\/image\/\",\"url\":\"https:\/\/qrpoint.io\/wp-content\/uploads\/2022\/09\/Twitter-avatar-100x100-1.png\",\"contentUrl\":\"https:\/\/qrpoint.io\/wp-content\/uploads\/2022\/09\/Twitter-avatar-100x100-1.png\",\"width\":100,\"height\":100,\"caption\":\"QRpoint\"},\"image\":{\"@id\":\"https:\/\/qrpoint.io\/blog\/#\/schema\/logo\/image\/\"},\"sameAs\":[\"https:\/\/pt-br.facebook.com\/qrpoint\/\",\"https:\/\/www.instagram.com\/qrpoint\/\"]},{\"@type\":\"Person\",\"@id\":\"https:\/\/qrpoint.io\/blog\/#\/schema\/person\/a947229d2b2e8ab9057e4cde6f7cc567\",\"name\":\"Eduardo Lobo\",\"image\":{\"@type\":\"ImageObject\",\"inLanguage\":\"pt-BR\",\"@id\":\"https:\/\/qrpoint.io\/blog\/#\/schema\/person\/image\/\",\"url\":\"https:\/\/secure.gravatar.com\/avatar\/?s=96&d=mm&r=g\",\"contentUrl\":\"https:\/\/secure.gravatar.com\/avatar\/?s=96&d=mm&r=g\",\"caption\":\"Eduardo Lobo\"},\"url\":\"https:\/\/qrpoint.io\/blog\/author\/eduardo-lobo\/\"}]}<\/script>\n<!-- \/ Yoast SEO Premium plugin. -->","yoast_head_json":{"title":"Contrair COVID-19 \u00e9 considerado acidente de trabalho? - QRpoint","description":"Descubra aqui se contrair COVID-19 \u00e9 considerado acidente de trabalho e quais s\u00e3o os custos das empresas caso isso ocorra.","robots":{"index":"index","follow":"follow","max-snippet":"max-snippet:-1","max-image-preview":"max-image-preview:large","max-video-preview":"max-video-preview:-1"},"canonical":"https:\/\/qrpoint.io\/blog\/contrair-covid-19-e-considerado-acidente-de-trabalho\/","og_locale":"pt_BR","og_type":"article","og_title":"Contrair COVID-19 \u00e9 considerado acidente de trabalho?","og_description":"Descubra aqui se contrair COVID-19 \u00e9 considerado acidente de trabalho e quais s\u00e3o os custos das empresas caso isso ocorra.","og_url":"https:\/\/qrpoint.io\/blog\/contrair-covid-19-e-considerado-acidente-de-trabalho\/","og_site_name":"QRpoint","article_publisher":"https:\/\/pt-br.facebook.com\/qrpoint\/","article_published_time":"2020-03-23T23:11:12+00:00","author":"Eduardo Lobo","twitter_card":"summary_large_image","twitter_misc":{"Escrito por":"Eduardo Lobo","Est. tempo de leitura":"4 minutos"},"schema":{"@context":"https:\/\/schema.org","@graph":[{"@type":"Article","@id":"https:\/\/qrpoint.io\/blog\/contrair-covid-19-e-considerado-acidente-de-trabalho\/#article","isPartOf":{"@id":"https:\/\/qrpoint.io\/blog\/contrair-covid-19-e-considerado-acidente-de-trabalho\/"},"author":{"name":"Eduardo Lobo","@id":"https:\/\/qrpoint.io\/blog\/#\/schema\/person\/a947229d2b2e8ab9057e4cde6f7cc567"},"headline":"Contrair COVID-19 \u00e9 considerado acidente de trabalho?","datePublished":"2020-03-23T23:11:12+00:00","dateModified":"2020-03-23T23:11:12+00:00","mainEntityOfPage":{"@id":"https:\/\/qrpoint.io\/blog\/contrair-covid-19-e-considerado-acidente-de-trabalho\/"},"wordCount":786,"commentCount":0,"publisher":{"@id":"https:\/\/qrpoint.io\/blog\/#organization"},"articleSection":["Legisla\u00e7\u00e3o"],"inLanguage":"pt-BR","potentialAction":[{"@type":"CommentAction","name":"Comment","target":["https:\/\/qrpoint.io\/blog\/contrair-covid-19-e-considerado-acidente-de-trabalho\/#respond"]}]},{"@type":"WebPage","@id":"https:\/\/qrpoint.io\/blog\/contrair-covid-19-e-considerado-acidente-de-trabalho\/","url":"https:\/\/qrpoint.io\/blog\/contrair-covid-19-e-considerado-acidente-de-trabalho\/","name":"Contrair COVID-19 \u00e9 considerado acidente de trabalho? - QRpoint","isPartOf":{"@id":"https:\/\/qrpoint.io\/blog\/#website"},"datePublished":"2020-03-23T23:11:12+00:00","dateModified":"2020-03-23T23:11:12+00:00","description":"Descubra aqui se contrair COVID-19 \u00e9 considerado acidente de trabalho e quais s\u00e3o os custos das empresas caso isso ocorra.","breadcrumb":{"@id":"https:\/\/qrpoint.io\/blog\/contrair-covid-19-e-considerado-acidente-de-trabalho\/#breadcrumb"},"inLanguage":"pt-BR","potentialAction":[{"@type":"ReadAction","target":["https:\/\/qrpoint.io\/blog\/contrair-covid-19-e-considerado-acidente-de-trabalho\/"]}]},{"@type":"BreadcrumbList","@id":"https:\/\/qrpoint.io\/blog\/contrair-covid-19-e-considerado-acidente-de-trabalho\/#breadcrumb","itemListElement":[{"@type":"ListItem","position":1,"name":"Home","item":"https:\/\/qrpoint.io\/blog\/"},{"@type":"ListItem","position":2,"name":"Contrair COVID-19 \u00e9 considerado acidente de trabalho?"}]},{"@type":"WebSite","@id":"https:\/\/qrpoint.io\/blog\/#website","url":"https:\/\/qrpoint.io\/blog\/","name":"QRpoint","description":"Melhor Sistema de Controle de Ponto do Brasil! Tecnologia de RH capaz de simplificar os processos do RH da sua empresa! Confira!","publisher":{"@id":"https:\/\/qrpoint.io\/blog\/#organization"},"potentialAction":[{"@type":"SearchAction","target":{"@type":"EntryPoint","urlTemplate":"https:\/\/qrpoint.io\/blog\/?s={search_term_string}"},"query-input":"required name=search_term_string"}],"inLanguage":"pt-BR"},{"@type":"Organization","@id":"https:\/\/qrpoint.io\/blog\/#organization","name":"QRpoint","url":"https:\/\/qrpoint.io\/blog\/","logo":{"@type":"ImageObject","inLanguage":"pt-BR","@id":"https:\/\/qrpoint.io\/blog\/#\/schema\/logo\/image\/","url":"https:\/\/qrpoint.io\/wp-content\/uploads\/2022\/09\/Twitter-avatar-100x100-1.png","contentUrl":"https:\/\/qrpoint.io\/wp-content\/uploads\/2022\/09\/Twitter-avatar-100x100-1.png","width":100,"height":100,"caption":"QRpoint"},"image":{"@id":"https:\/\/qrpoint.io\/blog\/#\/schema\/logo\/image\/"},"sameAs":["https:\/\/pt-br.facebook.com\/qrpoint\/","https:\/\/www.instagram.com\/qrpoint\/"]},{"@type":"Person","@id":"https:\/\/qrpoint.io\/blog\/#\/schema\/person\/a947229d2b2e8ab9057e4cde6f7cc567","name":"Eduardo Lobo","image":{"@type":"ImageObject","inLanguage":"pt-BR","@id":"https:\/\/qrpoint.io\/blog\/#\/schema\/person\/image\/","url":"https:\/\/secure.gravatar.com\/avatar\/?s=96&d=mm&r=g","contentUrl":"https:\/\/secure.gravatar.com\/avatar\/?s=96&d=mm&r=g","caption":"Eduardo Lobo"},"url":"https:\/\/qrpoint.io\/blog\/author\/eduardo-lobo\/"}]}},"_links":{"self":[{"href":"https:\/\/qrpoint.io\/blog\/wp-json\/wp\/v2\/posts\/6381","targetHints":{"allow":["GET"]}}],"collection":[{"href":"https:\/\/qrpoint.io\/blog\/wp-json\/wp\/v2\/posts"}],"about":[{"href":"https:\/\/qrpoint.io\/blog\/wp-json\/wp\/v2\/types\/post"}],"author":[{"embeddable":true,"href":"https:\/\/qrpoint.io\/blog\/wp-json\/wp\/v2\/users\/3"}],"replies":[{"embeddable":true,"href":"https:\/\/qrpoint.io\/blog\/wp-json\/wp\/v2\/comments?post=6381"}],"version-history":[{"count":0,"href":"https:\/\/qrpoint.io\/blog\/wp-json\/wp\/v2\/posts\/6381\/revisions"}],"wp:featuredmedia":[{"embeddable":true,"href":"https:\/\/qrpoint.io\/blog\/wp-json\/"}],"wp:attachment":[{"href":"https:\/\/qrpoint.io\/blog\/wp-json\/wp\/v2\/media?parent=6381"}],"wp:term":[{"taxonomy":"category","embeddable":true,"href":"https:\/\/qrpoint.io\/blog\/wp-json\/wp\/v2\/categories?post=6381"},{"taxonomy":"post_tag","embeddable":true,"href":"https:\/\/qrpoint.io\/blog\/wp-json\/wp\/v2\/tags?post=6381"}],"curies":[{"name":"wp","href":"https:\/\/api.w.org\/{rel}","templated":true}]}}