{"id":6382,"date":"2020-03-23T19:49:16","date_gmt":"2020-03-23T22:49:16","guid":{"rendered":"https:\/\/charming-archimedes.50-17-123-235.plesk.page\/index.php\/2020\/03\/23\/cuidados-com-funcionarios-idosos\/"},"modified":"2020-03-23T19:49:16","modified_gmt":"2020-03-23T22:49:16","slug":"cuidados-com-funcionarios-idosos","status":"publish","type":"post","link":"https:\/\/qrpoint.io\/blog\/cuidados-com-funcionarios-idosos\/","title":{"rendered":"Coronav\u00edrus: cuidados com funcion\u00e1rios idosos"},"content":{"rendered":"\n<p>Os n\u00fameros de cont\u00e1gio do novo coronav\u00edrus no territ\u00f3rio brasileiro n\u00e3o param de crescer. Segundo <a href=\\\"https:\/\/g1.globo.com\/bemestar\/coronavirus\/noticia\/2020\/03\/18\/brasil-tem-428-casos-confirmados-de-novo-coronavirus-diz-ministerio-da-saude.ghtml\\\">uma mat\u00e9ria publicada pelo G1<\/a> na \u00faltima quarta-feira, 18, existem, at\u00e9 ent\u00e3o, 428 casos confirmados e 4 casos letais.<\/p>\n\n\n\n<p>Dentre as mortes causadas pelo v\u00edrus, as v\u00edtimas tinham mais de 60 anos e apresentavam algum problema pr\u00e9vio de sa\u00fade.&nbsp;<\/p>\n\n\n\n<p>Diversas institui\u00e7\u00f5es m\u00e9dicas e cient\u00edficas j\u00e1 notaram que o COVID-19 possui baixo poder letal entre os jovens. Por outro lado, entre os idosos, a taxa pode chegar a um <a href=\\\"https:\/\/catracalivre.com.br\/saude-bem-estar\/coronavirus-cuidados-para-nao-colocar-a-saude-dos-idosos-em-risco\/\\\">percentual de 14,8%<\/a>, de acordo com um estudo feito pelo Centro Chin\u00eas de Controle e Preven\u00e7\u00e3o de Doen\u00e7as (CCDC).<\/p>\n\n\n\n<p>Uma das medidas preventivas contra o cont\u00e1gio do coronav\u00edrus \u00e9 manter o isolamento social. Diante disso, diversas institui\u00e7\u00f5es p\u00fablicas e privadas adotaram, oficialmente, o per\u00edodo de quarentena. <\/p>\n\n\n\n<p>Por\u00e9m, nem todas as empresas adotaram o regime, e, assim, precisam redobrar os cuidados &#8211; principalmente se t\u00eam funcion\u00e1rios acima dos 60 anos.<\/p>\n\n\n\n<h2 class=\"wp-block-heading\">Cuidados que a empresa precisa ter com funcion\u00e1rios idosos<\/h2>\n\n\n\n<p>Entre as pessoas que se encaixam no grupo risco do novo coronav\u00edrus, est\u00e3o pessoas acima de 60 anos e de qualquer idade que apresentam casos de diabetes, doen\u00e7as card\u00edacas e\/ou pulmonares.<\/p>\n\n\n\n<p>Muitas dessas pessoas, que se encontram no grupo de risco trabalham ativamente. E, levando em considera\u00e7\u00e3o que algumas institui\u00e7\u00f5es mantiveram as atividades nas sedes &#8211; mesmo no per\u00edodo de quarentena -, esse grupo fica altamente vulner\u00e1veis ao cont\u00e1gio do novo v\u00edrus.<\/p>\n\n\n\n<p>Sua empresa tem, ent\u00e3o, duas op\u00e7\u00f5es diante desse caso: <a href=\\\"http:\/\/charming-archimedes.50-17-123-235.plesk.page\/blog\/por-que-fazer-home-office-ainda-esse-mes\/\\\">optar pelo <\/a><em><a href=\\\"http:\/\/charming-archimedes.50-17-123-235.plesk.page\/blog\/por-que-fazer-home-office-ainda-esse-mes\/\\\">home office<\/a> <\/em>&#8211; trabalho remoto &#8211; ou manter o ambiente de trabalho sempre limpo e higi\u00eanico. Isso implica, tamb\u00e9m, em refor\u00e7ar aos funcion\u00e1rios a import\u00e2ncia da lavagem regular e correta das m\u00e3os.<\/p>\n\n\n\n<p>Os cuidados, absolutamente indicados, devem ser intensos quando existem colaboradores acima dos 60 anos. <\/p>\n\n\n\n<p>Mais suscet\u00edveis ao cont\u00e1gio, idosos tamb\u00e9m apresentam uma taxa de mortalidade bem maior. Se poss\u00edvel, para evitar um desfecho tr\u00e1gico, considere a op\u00e7\u00e3o da quarentena pelo menos aos funcion\u00e1rios em grupos de risco.<\/p>\n\n\n\n<p>Mesmo porque, vale lembrar, caso o funcion\u00e1rio contraia COVID-19 no ambiente de trabalho, a situa\u00e7\u00e3o \u00e9 considerada de responsabilidade da empresa. Portanto, diante desse cen\u00e1rio, \u00e9 a organiza\u00e7\u00e3o quem deve cobrir o pagamento dos quinze primeiros dias de atestado, al\u00e9m de eventuais despesas m\u00e9dicas. Depois desse tempo, o funcion\u00e1rio tem direito de receber o aux\u00edlio-doen\u00e7a diretamente do INSS.<\/p>\n\n\n\n<p>O novo coronav\u00edrus \u00e9 altamente contagioso e, por se tratar de um v\u00edrus, \u00e9 imposs\u00edvel controlar o modo com que se espalha. Por isso, as empresas precisam se preocupar com a situa\u00e7\u00e3o dos funcion\u00e1rios, principalmente idosos e com problemas cardiorrespirat\u00f3rios, que est\u00e3o dentro do grupo de risco.<\/p>\n\n\n\n<h2 class=\"wp-block-heading\">Medidas preventivas contra o coronav\u00edrus<\/h2>\n\n\n\n<p>Como j\u00e1 temos ci\u00eancia de que com um assunto desses n\u00e3o se brinca, vale a velha m\u00e1xima: \u00e9 melhor prevenir que remediar. As medidas de preven\u00e7\u00e3o contra o COVID-19 precisam ser tomadas tanto dentro do ambiente de trabalho quanto fora dele, por todos n\u00f3s, em um gesto conjunto de cidadania e solidariedade.&nbsp;<\/p>\n\n\n\n<p>Ent\u00e3o, lembre-se sempre de lavar as m\u00e3os com \u00e1gua e sab\u00e3o e, sempre que poss\u00edvel, desinfetar corrim\u00e3os, computadores, ma\u00e7anetas e rel\u00f3gios de ponto com \u00e1lcool em gel. Se abstenha de locais p\u00fablicos e mantenha o distanciamento social, ou seja, evite aglomera\u00e7\u00f5es, principalmente em lugares onde h\u00e1 pessoas tossindo e\/ou espirrando.<\/p>\n\n\n\n<p>Al\u00e9m de se isolar em sua casa, voc\u00ea tamb\u00e9m precisa praticar a higiene respirat\u00f3ria e se lembrar de cobrir a boca ou o nariz com o cotovelo, e n\u00e3o com a m\u00e3o, quando for tossir ou espirrar.<\/p>\n\n\n\n<p>Por fim, se voc\u00ea apresentar sintomas como febre alt\u00edssima (perto dos 40 graus) e dificuldade respirat\u00f3ria em progress\u00e3o, ou seja, que n\u00e3o melhora, mas s\u00f3 piora, procure o atendimento m\u00e9dico mais pr\u00f3ximo. Sintomas de gripe que n\u00e3o evoluem em gravidade, como estado febril, tosse seca, coriza e dores pelo corpo, podem ser tratados em casa, principalmente entre pessoas fora do grupo de risco.<\/p>\n\n\n\n<p>Caso surjam d\u00favidas sobre como fazer a gest\u00e3o de pessoas ou controlar a jornada de trabalho durante a quarentena, <a href=\\\"http:\/\/charming-archimedes.50-17-123-235.plesk.page\/contato\/\\\">procure a QRPOINT<\/a>! Assim, voc\u00ea vai estar preparado para o <a href=\\\"http:\/\/charming-archimedes.50-17-123-235.plesk.page\/blog\/novo-normal\/\\\"><strong>Novo Normal<\/strong><\/a>.<\/p>\n\n\n\n<p>Assine tamb\u00e9m a nossa newsletter para mais informa\u00e7\u00f5es e dicas de <a href=\\\"http:\/\/charming-archimedes.50-17-123-235.plesk.page\/blog\/controle-de-ponto\/\\\"><strong>Controle de Ponto<\/strong><\/a>.<\/p>\n\n\n\n<p><\/p>\n","protected":false},"excerpt":{"rendered":"<p>Veja quais s\u00e3o os cuidados para empresas com funcion\u00e1rios idosos durante a pandemia do coronav\u00edrus Covid-19 e o que deve ser feito para preserv\u00e1-los.<\/p>\n","protected":false},"author":3,"featured_media":1248,"comment_status":"open","ping_status":"open","sticky":false,"template":"","format":"standard","meta":{"site-sidebar-layout":"default","site-content-layout":"default","ast-global-header-display":"","ast-main-header-display":"","ast-hfb-above-header-display":"","ast-hfb-below-header-display":"","ast-hfb-mobile-header-display":"","site-post-title":"","ast-breadcrumbs-content":"","ast-featured-img":"","footer-sml-layout":"","theme-transparent-header-meta":"default","adv-header-id-meta":"","stick-header-meta":"","header-above-stick-meta":"","header-main-stick-meta":"","header-below-stick-meta":"","footnotes":""},"categories":[29],"tags":[],"class_list":["post-6382","post","type-post","status-publish","format-standard","has-post-thumbnail","hentry","category-legislacao"],"yoast_head":"<!-- This site is optimized with the Yoast SEO Premium plugin v19.2 (Yoast SEO v20.2.1) - https:\/\/yoast.com\/wordpress\/plugins\/seo\/ -->\n<title>Coronav\u00edrus: confira cuidados com funcion\u00e1rios idosos<\/title>\n<meta name=\"description\" content=\"Veja quais s\u00e3o os cuidados para empresas com funcion\u00e1rios idosos durante a pandemia do coronav\u00edrus Covid-19 e o que deve ser feito para preserv\u00e1-los.\" \/>\n<meta name=\"robots\" content=\"index, follow, max-snippet:-1, max-image-preview:large, max-video-preview:-1\" \/>\n<link rel=\"canonical\" href=\"https:\/\/qrpoint.io\/blog\/cuidados-com-funcionarios-idosos\/\" \/>\n<meta property=\"og:locale\" content=\"pt_BR\" \/>\n<meta property=\"og:type\" content=\"article\" \/>\n<meta property=\"og:title\" content=\"Coronav\u00edrus: cuidados com funcion\u00e1rios idosos\" \/>\n<meta property=\"og:description\" content=\"Veja quais s\u00e3o os cuidados para empresas com funcion\u00e1rios idosos durante a pandemia do coronav\u00edrus Covid-19 e o que deve ser feito para preserv\u00e1-los.\" \/>\n<meta property=\"og:url\" content=\"https:\/\/qrpoint.io\/blog\/cuidados-com-funcionarios-idosos\/\" \/>\n<meta property=\"og:site_name\" content=\"QRpoint\" \/>\n<meta property=\"article:publisher\" content=\"https:\/\/pt-br.facebook.com\/qrpoint\/\" \/>\n<meta property=\"article:published_time\" content=\"2020-03-23T22:49:16+00:00\" \/>\n<meta name=\"author\" content=\"Eduardo Lobo\" \/>\n<meta name=\"twitter:card\" content=\"summary_large_image\" \/>\n<meta name=\"twitter:label1\" content=\"Escrito por\" \/>\n\t<meta name=\"twitter:data1\" content=\"Eduardo Lobo\" \/>\n\t<meta name=\"twitter:label2\" content=\"Est. tempo de leitura\" \/>\n\t<meta name=\"twitter:data2\" content=\"4 minutos\" \/>\n<script type=\"application\/ld+json\" class=\"yoast-schema-graph\">{\"@context\":\"https:\/\/schema.org\",\"@graph\":[{\"@type\":\"Article\",\"@id\":\"https:\/\/qrpoint.io\/blog\/cuidados-com-funcionarios-idosos\/#article\",\"isPartOf\":{\"@id\":\"https:\/\/qrpoint.io\/blog\/cuidados-com-funcionarios-idosos\/\"},\"author\":{\"name\":\"Eduardo Lobo\",\"@id\":\"https:\/\/qrpoint.io\/blog\/#\/schema\/person\/a947229d2b2e8ab9057e4cde6f7cc567\"},\"headline\":\"Coronav\u00edrus: cuidados com funcion\u00e1rios idosos\",\"datePublished\":\"2020-03-23T22:49:16+00:00\",\"dateModified\":\"2020-03-23T22:49:16+00:00\",\"mainEntityOfPage\":{\"@id\":\"https:\/\/qrpoint.io\/blog\/cuidados-com-funcionarios-idosos\/\"},\"wordCount\":774,\"commentCount\":0,\"publisher\":{\"@id\":\"https:\/\/qrpoint.io\/blog\/#organization\"},\"articleSection\":[\"Legisla\u00e7\u00e3o\"],\"inLanguage\":\"pt-BR\",\"potentialAction\":[{\"@type\":\"CommentAction\",\"name\":\"Comment\",\"target\":[\"https:\/\/qrpoint.io\/blog\/cuidados-com-funcionarios-idosos\/#respond\"]}]},{\"@type\":\"WebPage\",\"@id\":\"https:\/\/qrpoint.io\/blog\/cuidados-com-funcionarios-idosos\/\",\"url\":\"https:\/\/qrpoint.io\/blog\/cuidados-com-funcionarios-idosos\/\",\"name\":\"Coronav\u00edrus: confira cuidados com funcion\u00e1rios idosos\",\"isPartOf\":{\"@id\":\"https:\/\/qrpoint.io\/blog\/#website\"},\"datePublished\":\"2020-03-23T22:49:16+00:00\",\"dateModified\":\"2020-03-23T22:49:16+00:00\",\"description\":\"Veja quais s\u00e3o os cuidados para empresas com funcion\u00e1rios idosos durante a pandemia do coronav\u00edrus Covid-19 e o que deve ser feito para preserv\u00e1-los.\",\"breadcrumb\":{\"@id\":\"https:\/\/qrpoint.io\/blog\/cuidados-com-funcionarios-idosos\/#breadcrumb\"},\"inLanguage\":\"pt-BR\",\"potentialAction\":[{\"@type\":\"ReadAction\",\"target\":[\"https:\/\/qrpoint.io\/blog\/cuidados-com-funcionarios-idosos\/\"]}]},{\"@type\":\"BreadcrumbList\",\"@id\":\"https:\/\/qrpoint.io\/blog\/cuidados-com-funcionarios-idosos\/#breadcrumb\",\"itemListElement\":[{\"@type\":\"ListItem\",\"position\":1,\"name\":\"Home\",\"item\":\"https:\/\/qrpoint.io\/blog\/\"},{\"@type\":\"ListItem\",\"position\":2,\"name\":\"Coronav\u00edrus: cuidados com funcion\u00e1rios idosos\"}]},{\"@type\":\"WebSite\",\"@id\":\"https:\/\/qrpoint.io\/blog\/#website\",\"url\":\"https:\/\/qrpoint.io\/blog\/\",\"name\":\"QRpoint\",\"description\":\"Melhor Sistema de Controle de Ponto do Brasil! Tecnologia de RH capaz de simplificar os processos do RH da sua empresa! Confira!\",\"publisher\":{\"@id\":\"https:\/\/qrpoint.io\/blog\/#organization\"},\"potentialAction\":[{\"@type\":\"SearchAction\",\"target\":{\"@type\":\"EntryPoint\",\"urlTemplate\":\"https:\/\/qrpoint.io\/blog\/?s={search_term_string}\"},\"query-input\":\"required name=search_term_string\"}],\"inLanguage\":\"pt-BR\"},{\"@type\":\"Organization\",\"@id\":\"https:\/\/qrpoint.io\/blog\/#organization\",\"name\":\"QRpoint\",\"url\":\"https:\/\/qrpoint.io\/blog\/\",\"logo\":{\"@type\":\"ImageObject\",\"inLanguage\":\"pt-BR\",\"@id\":\"https:\/\/qrpoint.io\/blog\/#\/schema\/logo\/image\/\",\"url\":\"https:\/\/qrpoint.io\/wp-content\/uploads\/2022\/09\/Twitter-avatar-100x100-1.png\",\"contentUrl\":\"https:\/\/qrpoint.io\/wp-content\/uploads\/2022\/09\/Twitter-avatar-100x100-1.png\",\"width\":100,\"height\":100,\"caption\":\"QRpoint\"},\"image\":{\"@id\":\"https:\/\/qrpoint.io\/blog\/#\/schema\/logo\/image\/\"},\"sameAs\":[\"https:\/\/pt-br.facebook.com\/qrpoint\/\",\"https:\/\/www.instagram.com\/qrpoint\/\"]},{\"@type\":\"Person\",\"@id\":\"https:\/\/qrpoint.io\/blog\/#\/schema\/person\/a947229d2b2e8ab9057e4cde6f7cc567\",\"name\":\"Eduardo Lobo\",\"image\":{\"@type\":\"ImageObject\",\"inLanguage\":\"pt-BR\",\"@id\":\"https:\/\/qrpoint.io\/blog\/#\/schema\/person\/image\/\",\"url\":\"https:\/\/secure.gravatar.com\/avatar\/?s=96&d=mm&r=g\",\"contentUrl\":\"https:\/\/secure.gravatar.com\/avatar\/?s=96&d=mm&r=g\",\"caption\":\"Eduardo Lobo\"},\"url\":\"https:\/\/qrpoint.io\/blog\/author\/eduardo-lobo\/\"}]}<\/script>\n<!-- \/ Yoast SEO Premium plugin. -->","yoast_head_json":{"title":"Coronav\u00edrus: confira cuidados com funcion\u00e1rios idosos","description":"Veja quais s\u00e3o os cuidados para empresas com funcion\u00e1rios idosos durante a pandemia do coronav\u00edrus Covid-19 e o que deve ser feito para preserv\u00e1-los.","robots":{"index":"index","follow":"follow","max-snippet":"max-snippet:-1","max-image-preview":"max-image-preview:large","max-video-preview":"max-video-preview:-1"},"canonical":"https:\/\/qrpoint.io\/blog\/cuidados-com-funcionarios-idosos\/","og_locale":"pt_BR","og_type":"article","og_title":"Coronav\u00edrus: cuidados com funcion\u00e1rios idosos","og_description":"Veja quais s\u00e3o os cuidados para empresas com funcion\u00e1rios idosos durante a pandemia do coronav\u00edrus Covid-19 e o que deve ser feito para preserv\u00e1-los.","og_url":"https:\/\/qrpoint.io\/blog\/cuidados-com-funcionarios-idosos\/","og_site_name":"QRpoint","article_publisher":"https:\/\/pt-br.facebook.com\/qrpoint\/","article_published_time":"2020-03-23T22:49:16+00:00","author":"Eduardo Lobo","twitter_card":"summary_large_image","twitter_misc":{"Escrito por":"Eduardo Lobo","Est. tempo de leitura":"4 minutos"},"schema":{"@context":"https:\/\/schema.org","@graph":[{"@type":"Article","@id":"https:\/\/qrpoint.io\/blog\/cuidados-com-funcionarios-idosos\/#article","isPartOf":{"@id":"https:\/\/qrpoint.io\/blog\/cuidados-com-funcionarios-idosos\/"},"author":{"name":"Eduardo Lobo","@id":"https:\/\/qrpoint.io\/blog\/#\/schema\/person\/a947229d2b2e8ab9057e4cde6f7cc567"},"headline":"Coronav\u00edrus: cuidados com funcion\u00e1rios idosos","datePublished":"2020-03-23T22:49:16+00:00","dateModified":"2020-03-23T22:49:16+00:00","mainEntityOfPage":{"@id":"https:\/\/qrpoint.io\/blog\/cuidados-com-funcionarios-idosos\/"},"wordCount":774,"commentCount":0,"publisher":{"@id":"https:\/\/qrpoint.io\/blog\/#organization"},"articleSection":["Legisla\u00e7\u00e3o"],"inLanguage":"pt-BR","potentialAction":[{"@type":"CommentAction","name":"Comment","target":["https:\/\/qrpoint.io\/blog\/cuidados-com-funcionarios-idosos\/#respond"]}]},{"@type":"WebPage","@id":"https:\/\/qrpoint.io\/blog\/cuidados-com-funcionarios-idosos\/","url":"https:\/\/qrpoint.io\/blog\/cuidados-com-funcionarios-idosos\/","name":"Coronav\u00edrus: confira cuidados com funcion\u00e1rios idosos","isPartOf":{"@id":"https:\/\/qrpoint.io\/blog\/#website"},"datePublished":"2020-03-23T22:49:16+00:00","dateModified":"2020-03-23T22:49:16+00:00","description":"Veja quais s\u00e3o os cuidados para empresas com funcion\u00e1rios idosos durante a pandemia do coronav\u00edrus Covid-19 e o que deve ser feito para preserv\u00e1-los.","breadcrumb":{"@id":"https:\/\/qrpoint.io\/blog\/cuidados-com-funcionarios-idosos\/#breadcrumb"},"inLanguage":"pt-BR","potentialAction":[{"@type":"ReadAction","target":["https:\/\/qrpoint.io\/blog\/cuidados-com-funcionarios-idosos\/"]}]},{"@type":"BreadcrumbList","@id":"https:\/\/qrpoint.io\/blog\/cuidados-com-funcionarios-idosos\/#breadcrumb","itemListElement":[{"@type":"ListItem","position":1,"name":"Home","item":"https:\/\/qrpoint.io\/blog\/"},{"@type":"ListItem","position":2,"name":"Coronav\u00edrus: cuidados com funcion\u00e1rios idosos"}]},{"@type":"WebSite","@id":"https:\/\/qrpoint.io\/blog\/#website","url":"https:\/\/qrpoint.io\/blog\/","name":"QRpoint","description":"Melhor Sistema de Controle de Ponto do Brasil! Tecnologia de RH capaz de simplificar os processos do RH da sua empresa! Confira!","publisher":{"@id":"https:\/\/qrpoint.io\/blog\/#organization"},"potentialAction":[{"@type":"SearchAction","target":{"@type":"EntryPoint","urlTemplate":"https:\/\/qrpoint.io\/blog\/?s={search_term_string}"},"query-input":"required name=search_term_string"}],"inLanguage":"pt-BR"},{"@type":"Organization","@id":"https:\/\/qrpoint.io\/blog\/#organization","name":"QRpoint","url":"https:\/\/qrpoint.io\/blog\/","logo":{"@type":"ImageObject","inLanguage":"pt-BR","@id":"https:\/\/qrpoint.io\/blog\/#\/schema\/logo\/image\/","url":"https:\/\/qrpoint.io\/wp-content\/uploads\/2022\/09\/Twitter-avatar-100x100-1.png","contentUrl":"https:\/\/qrpoint.io\/wp-content\/uploads\/2022\/09\/Twitter-avatar-100x100-1.png","width":100,"height":100,"caption":"QRpoint"},"image":{"@id":"https:\/\/qrpoint.io\/blog\/#\/schema\/logo\/image\/"},"sameAs":["https:\/\/pt-br.facebook.com\/qrpoint\/","https:\/\/www.instagram.com\/qrpoint\/"]},{"@type":"Person","@id":"https:\/\/qrpoint.io\/blog\/#\/schema\/person\/a947229d2b2e8ab9057e4cde6f7cc567","name":"Eduardo Lobo","image":{"@type":"ImageObject","inLanguage":"pt-BR","@id":"https:\/\/qrpoint.io\/blog\/#\/schema\/person\/image\/","url":"https:\/\/secure.gravatar.com\/avatar\/?s=96&d=mm&r=g","contentUrl":"https:\/\/secure.gravatar.com\/avatar\/?s=96&d=mm&r=g","caption":"Eduardo Lobo"},"url":"https:\/\/qrpoint.io\/blog\/author\/eduardo-lobo\/"}]}},"_links":{"self":[{"href":"https:\/\/qrpoint.io\/blog\/wp-json\/wp\/v2\/posts\/6382","targetHints":{"allow":["GET"]}}],"collection":[{"href":"https:\/\/qrpoint.io\/blog\/wp-json\/wp\/v2\/posts"}],"about":[{"href":"https:\/\/qrpoint.io\/blog\/wp-json\/wp\/v2\/types\/post"}],"author":[{"embeddable":true,"href":"https:\/\/qrpoint.io\/blog\/wp-json\/wp\/v2\/users\/3"}],"replies":[{"embeddable":true,"href":"https:\/\/qrpoint.io\/blog\/wp-json\/wp\/v2\/comments?post=6382"}],"version-history":[{"count":0,"href":"https:\/\/qrpoint.io\/blog\/wp-json\/wp\/v2\/posts\/6382\/revisions"}],"wp:featuredmedia":[{"embeddable":true,"href":"https:\/\/qrpoint.io\/blog\/wp-json\/"}],"wp:attachment":[{"href":"https:\/\/qrpoint.io\/blog\/wp-json\/wp\/v2\/media?parent=6382"}],"wp:term":[{"taxonomy":"category","embeddable":true,"href":"https:\/\/qrpoint.io\/blog\/wp-json\/wp\/v2\/categories?post=6382"},{"taxonomy":"post_tag","embeddable":true,"href":"https:\/\/qrpoint.io\/blog\/wp-json\/wp\/v2\/tags?post=6382"}],"curies":[{"name":"wp","href":"https:\/\/api.w.org\/{rel}","templated":true}]}}