{"id":6397,"date":"2020-10-15T16:28:02","date_gmt":"2020-10-15T19:28:02","guid":{"rendered":"https:\/\/charming-archimedes.50-17-123-235.plesk.page\/index.php\/2020\/10\/15\/direitos-trabalhistas-dos-mesarios-nas-eleicoes-de-2020\/"},"modified":"2020-10-15T16:28:02","modified_gmt":"2020-10-15T19:28:02","slug":"direitos-trabalhistas-dos-mesarios-nas-eleicoes-de-2020","status":"publish","type":"post","link":"https:\/\/qrpoint.io\/blog\/direitos-trabalhistas-dos-mesarios-nas-eleicoes-de-2020\/","title":{"rendered":"Direitos trabalhistas dos mes\u00e1rios nas elei\u00e7\u00f5es de 2020"},"content":{"rendered":"\n<p>Em todo per\u00edodo de elei\u00e7\u00e3o, a Justi\u00e7a Eleitoral convoca cidad\u00e3os brasileiros, maiores de 18 anos, para trabalhar como mes\u00e1rios. Esse ano, inclusive, a solicita\u00e7\u00e3o vem por meio de propagandas veiculadas em canais de comunica\u00e7\u00e3o com o tema \u201cSeja um mes\u00e1rio volunt\u00e1rio\u201d.<\/p>\n\n\n\n<p>Essa foi a estrat\u00e9gia encontrada pelo TSE (Tribunal Superior Eleitoral) para incentivar as pessoas que n\u00e3o fazem parte do grupo de risco em rela\u00e7\u00e3o ao coronav\u00edrus a se candidatar ao trabalho para o pleito de 2020.&nbsp;<\/p>\n\n\n\n<p>Acontece que, <a href=\\\"http:\/\/charming-archimedes.50-17-123-235.plesk.page\/blog\/coronavirus-como-seu-rh-pode-se-adaptar-a-nova-realidade\/\\\" target=\\\"_blank\\\" rel=\\\"noreferrer noopener\\\" aria-label=\\\" (abre numa nova aba)\\\">com a pandemia<\/a>, os cuidados precisam ser redobrados. O objetivo da Justi\u00e7a Eleitoral, portanto, \u00e9 n\u00e3o s\u00f3 garantir m\u00e3o de obra no dia da vota\u00e7\u00e3o, mas, tamb\u00e9m, a redu\u00e7\u00e3o nos n\u00edveis de risco de contamina\u00e7\u00e3o.<\/p>\n\n\n\n<p>No entanto, por mais que haja muita divulga\u00e7\u00e3o do processo de inscri\u00e7\u00e3o, muitos eleitores ainda t\u00eam d\u00favidas na hora de se candidatar. Afinal, o trabalho \u00e9 volunt\u00e1rio, mas existe alguma prote\u00e7\u00e3o ou prerrogativa prevista nos direitos trabalhistas para que esse dia seja contado como dia trabalhado?<\/p>\n\n\n\n<h2 class=\"wp-block-heading\">O que faz um mes\u00e1rio no dia da elei\u00e7\u00e3o?<\/h2>\n\n\n\n<p>Pode ser mes\u00e1rio qualquer pessoa maior de 18 anos e em situa\u00e7\u00e3o regular com a Justi\u00e7a Eleitoral. A exce\u00e7\u00e3o da regra \u00e9 composta por candidatos, seus parentes at\u00e9 o segundo grau e integrantes da dire\u00e7\u00e3o de partidos pol\u00edticos.<\/p>\n\n\n\n<p>Tamb\u00e9m est\u00e3o proibidos de trabalhar como mes\u00e1rios os policiais, autoridades p\u00fablicas, servidores da Justi\u00e7a Eleitoral e funcion\u00e1rios com cargos de confian\u00e7a no Poder Executivo.<\/p>\n\n\n\n<p>Para exercer a fun\u00e7\u00e3o de mes\u00e1rio n\u00e3o \u00e9 necess\u00e1rio um curr\u00edculo pomposo e experi\u00eancia em grandes empresas: basta a disponibilidade para passar o domingo eleitoral na organiza\u00e7\u00e3o dos bastidores da vota\u00e7\u00e3o.&nbsp;<\/p>\n\n\n\n<p>O mes\u00e1rio \u00e9 o cidad\u00e3o que recebe os eleitores, confere a documenta\u00e7\u00e3o, coleta assinaturas ou impress\u00e3o digital, faz a contagem dos eleitores faltantes, fiscaliza potenciais irregularidades e habilita a urna eletr\u00f4nica, podendo, ainda, atuar na log\u00edstica da vota\u00e7\u00e3o.<\/p>\n\n\n\n<p>\u00c9 gra\u00e7as aos mes\u00e1rios, que n\u00e3o recebem pelo dia trabalhado, que todo o processo ocorre com tranquilidade e com o m\u00ednimo de intercorr\u00eancia. Mas para que os mes\u00e1rios desempenhem tais fun\u00e7\u00f5es com dinamismo e excel\u00eancia, \u00e9 oferecido a eles um curso de capacita\u00e7\u00e3o, que pode ser presencial ou a dist\u00e2ncia.<\/p>\n\n\n\n<h2 class=\"wp-block-heading\">Direitos trabalhistas para mes\u00e1rios<\/h2>\n\n\n\n<p>Mas, com tanto trabalho e exposi\u00e7\u00e3o ao p\u00fablico, \u00e9 claro que os mes\u00e1rios est\u00e3o resguardados com direitos trabalhistas relativos \u00e0 fun\u00e7\u00e3o de volunt\u00e1rio.<\/p>\n\n\n\n<p>Para come\u00e7ar, o cidad\u00e3o que presta servi\u00e7o como mes\u00e1rio volunt\u00e1rio tem direito \u00e0 folga em seu emprego \u201coficial\u201d. Ou seja, a empresa em que ele trabalha, seja ela p\u00fablica ou privada, deve dispens\u00e1-lo do trabalho por 2 dias para cada dia que ele ficar \u00e0 disposi\u00e7\u00e3o da Justi\u00e7a Eleitoral, sem descontos em sal\u00e1rio, vencimentos ou anula\u00e7\u00e3o de qualquer outra vantagem.<\/p>\n\n\n\n<p>O mes\u00e1rio volunt\u00e1rio n\u00e3o recebe remunera\u00e7\u00e3o para servir \u00e0 Justi\u00e7a Eleitoral. No entanto, para a elei\u00e7\u00e3o de 2020, ele receber\u00e1 um aux\u00edlio-alimenta\u00e7\u00e3o de 40,00 por dia trabalhado.<\/p>\n\n\n\n<p>Mas isso n\u00e3o \u00e9 tudo: existem outros pontos favor\u00e1veis para quem deseja ser mes\u00e1rio nas elei\u00e7\u00f5es 2020. Veja:<\/p>\n\n\n\n<ul class=\"wp-block-list\"><li>Garantia em caso de desempate em concurso p\u00fablico;<\/li><li>Isen\u00e7\u00e3o de taxa de inscri\u00e7\u00e3o em concursos p\u00fablicos estaduais;<\/li><li>Utiliza\u00e7\u00e3o das horas trabalhadas nas elei\u00e7\u00f5es como atividade curricular complementar nas institui\u00e7\u00f5es de ensino superior.<\/li><\/ul>\n\n\n\n<p>Em complemento, o direito a folgas compensat\u00f3rias tamb\u00e9m \u00e9 v\u00e1lido para os dias de treinamento oferecidos pela Justi\u00e7a Eleitoral.<\/p>\n\n\n\n<h2 class=\"wp-block-heading\">Impedimentos e imprevistos no dia da vota\u00e7\u00e3o<\/h2>\n\n\n\n<p>Caso voc\u00ea tenha sido convocado para trabalhar como mes\u00e1rio, mas surgiu um impedimento, o que fazer?<\/p>\n\n\n\n<p>Conforme o c\u00f3digo eleitoral, os mes\u00e1rios ter\u00e3o prazo m\u00e1ximo de cinco dias, a contar do recebimento da convoca\u00e7\u00e3o, para alegar raz\u00f5es de impedimento. Para isso, ele deve encaminhar o pedido de dispensa ao juiz da zona eleitoral em que est\u00e1 inscrito, juntamente com a comprova\u00e7\u00e3o da impossibilidade de trabalhar. A solicita\u00e7\u00e3o ser\u00e1 avaliada pelo juiz, que poder\u00e1 aceitar ou n\u00e3o a justificativa.<\/p>\n\n\n\n<p>Se o mes\u00e1rio, convocado ou volunt\u00e1rio, n\u00e3o comparecer no dia das elei\u00e7\u00f5es, seja por quest\u00e3o de trabalho, acidente ou qualquer outro imprevisto, deve justificar formalmente ao juiz eleitoral o motivo da aus\u00eancia. Caso a justi\u00e7a rejeite as alega\u00e7\u00f5es apresentadas, ou o mes\u00e1rio n\u00e3o apresente nenhum motivo por ter faltado \u00e0 elei\u00e7\u00e3o, ele estar\u00e1 sujeito ao pagamento de multa.<\/p>\n\n\n\n<h2 class=\"wp-block-heading\">A empresa pode me impedir de ser mes\u00e1rio?<\/h2>\n\n\n\n<p>Em hip\u00f3tese alguma a empresa pode proibir o funcion\u00e1rio de realizar o trabalho de mes\u00e1rio volunt\u00e1rio. A \u00fanica coisa que ela deve exigir \u00e9 a declara\u00e7\u00e3o expedida pelo juiz eleitoral confirmando a participa\u00e7\u00e3o do seu colaborador nas elei\u00e7\u00f5es.<\/p>\n\n\n\n<p>Ao receber o documento, o RH deve ter o cuidado de armazen\u00e1-lo em lugar seguro e, de prefer\u00eancia, com um alerta para o dia da folga. Para que haja um bom controle dos dias a serem compensados pelo colaborador, o gestor pode utilizar o sistema de ponto digital.<\/p>\n\n\n\n<p>O sistema QRPoint recebe alertas em tempo real sobre as atividades, como chegada de relat\u00f3rios, solicita\u00e7\u00f5es e pedidos de exporta\u00e7\u00f5es de arquivo.<\/p>\n\n\n\n<p>Al\u00e9m disso \u00e9 poss\u00edvel gerenciar os pedidos de abono e atestados m\u00e9dicos dos colaboradores em tempo real. O funcion\u00e1rio tira uma foto da declara\u00e7\u00e3o no pr\u00f3prio app, o gestor recebe a notifica\u00e7\u00e3o e d\u00e1 os prosseguimentos necess\u00e1rios.<\/p>\n\n\n\n<p>Deixar de computar as folgas compensat\u00f3rias para empregados que trabalham nas elei\u00e7\u00f5es pode gerar dores de cabe\u00e7a, como den\u00fancia no sindicato ou na Delegacia Regional do Trabalho. Quer saber mais sobre o ponto digital? <a href=\\\"http:\/\/charming-archimedes.50-17-123-235.plesk.page\/contato\/\\\" target=\\\"_blank\\\" rel=\\\"noreferrer noopener\\\" aria-label=\\\" (abre numa nova aba)\\\">Entre em contato<\/a> com a gente! <\/p>\n","protected":false},"excerpt":{"rendered":"<p>Em todo per\u00edodo de elei\u00e7\u00e3o, a Justi\u00e7a Eleitoral convoca cidad\u00e3os para trabalhar como mes\u00e1rios. Saiba mais sobre os direitos trabalhistas desta fun\u00e7\u00e3o.<\/p>\n","protected":false},"author":3,"featured_media":1850,"comment_status":"open","ping_status":"open","sticky":false,"template":"","format":"standard","meta":{"site-sidebar-layout":"default","site-content-layout":"default","ast-global-header-display":"","ast-main-header-display":"","ast-hfb-above-header-display":"","ast-hfb-below-header-display":"","ast-hfb-mobile-header-display":"","site-post-title":"","ast-breadcrumbs-content":"","ast-featured-img":"","footer-sml-layout":"","theme-transparent-header-meta":"default","adv-header-id-meta":"","stick-header-meta":"","header-above-stick-meta":"","header-main-stick-meta":"","header-below-stick-meta":"","footnotes":""},"categories":[29],"tags":[],"class_list":["post-6397","post","type-post","status-publish","format-standard","has-post-thumbnail","hentry","category-legislacao"],"yoast_head":"<!-- This site is optimized with the Yoast SEO Premium plugin v19.2 (Yoast SEO v20.2.1) - https:\/\/yoast.com\/wordpress\/plugins\/seo\/ -->\n<title>Direitos trabalhistas dos mes\u00e1rios nas elei\u00e7\u00f5es de 2020 - QRpoint<\/title>\n<meta name=\"description\" content=\"Em todo per\u00edodo de elei\u00e7\u00e3o, a Justi\u00e7a Eleitoral convoca cidad\u00e3os para trabalhar como mes\u00e1rios. Saiba mais sobre os direitos trabalhistas desta fun\u00e7\u00e3o.\" \/>\n<meta name=\"robots\" content=\"index, follow, max-snippet:-1, max-image-preview:large, max-video-preview:-1\" \/>\n<link rel=\"canonical\" href=\"https:\/\/qrpoint.io\/blog\/direitos-trabalhistas-dos-mesarios-nas-eleicoes-de-2020\/\" \/>\n<meta property=\"og:locale\" content=\"pt_BR\" \/>\n<meta property=\"og:type\" content=\"article\" \/>\n<meta property=\"og:title\" content=\"Direitos trabalhistas dos mes\u00e1rios nas elei\u00e7\u00f5es de 2020\" \/>\n<meta property=\"og:description\" content=\"Em todo per\u00edodo de elei\u00e7\u00e3o, a Justi\u00e7a Eleitoral convoca cidad\u00e3os para trabalhar como mes\u00e1rios. Saiba mais sobre os direitos trabalhistas desta fun\u00e7\u00e3o.\" \/>\n<meta property=\"og:url\" content=\"https:\/\/qrpoint.io\/blog\/direitos-trabalhistas-dos-mesarios-nas-eleicoes-de-2020\/\" \/>\n<meta property=\"og:site_name\" content=\"QRpoint\" \/>\n<meta property=\"article:publisher\" content=\"https:\/\/pt-br.facebook.com\/qrpoint\/\" \/>\n<meta property=\"article:published_time\" content=\"2020-10-15T19:28:02+00:00\" \/>\n<meta name=\"author\" content=\"Eduardo Lobo\" \/>\n<meta name=\"twitter:card\" content=\"summary_large_image\" \/>\n<meta name=\"twitter:label1\" content=\"Escrito por\" \/>\n\t<meta name=\"twitter:data1\" content=\"Eduardo Lobo\" \/>\n\t<meta name=\"twitter:label2\" content=\"Est. tempo de leitura\" \/>\n\t<meta name=\"twitter:data2\" content=\"5 minutos\" \/>\n<script type=\"application\/ld+json\" class=\"yoast-schema-graph\">{\"@context\":\"https:\/\/schema.org\",\"@graph\":[{\"@type\":\"Article\",\"@id\":\"https:\/\/qrpoint.io\/blog\/direitos-trabalhistas-dos-mesarios-nas-eleicoes-de-2020\/#article\",\"isPartOf\":{\"@id\":\"https:\/\/qrpoint.io\/blog\/direitos-trabalhistas-dos-mesarios-nas-eleicoes-de-2020\/\"},\"author\":{\"name\":\"Eduardo Lobo\",\"@id\":\"https:\/\/qrpoint.io\/blog\/#\/schema\/person\/a947229d2b2e8ab9057e4cde6f7cc567\"},\"headline\":\"Direitos trabalhistas dos mes\u00e1rios nas elei\u00e7\u00f5es de 2020\",\"datePublished\":\"2020-10-15T19:28:02+00:00\",\"dateModified\":\"2020-10-15T19:28:02+00:00\",\"mainEntityOfPage\":{\"@id\":\"https:\/\/qrpoint.io\/blog\/direitos-trabalhistas-dos-mesarios-nas-eleicoes-de-2020\/\"},\"wordCount\":1011,\"commentCount\":0,\"publisher\":{\"@id\":\"https:\/\/qrpoint.io\/blog\/#organization\"},\"articleSection\":[\"Legisla\u00e7\u00e3o\"],\"inLanguage\":\"pt-BR\",\"potentialAction\":[{\"@type\":\"CommentAction\",\"name\":\"Comment\",\"target\":[\"https:\/\/qrpoint.io\/blog\/direitos-trabalhistas-dos-mesarios-nas-eleicoes-de-2020\/#respond\"]}]},{\"@type\":\"WebPage\",\"@id\":\"https:\/\/qrpoint.io\/blog\/direitos-trabalhistas-dos-mesarios-nas-eleicoes-de-2020\/\",\"url\":\"https:\/\/qrpoint.io\/blog\/direitos-trabalhistas-dos-mesarios-nas-eleicoes-de-2020\/\",\"name\":\"Direitos trabalhistas dos mes\u00e1rios nas elei\u00e7\u00f5es de 2020 - QRpoint\",\"isPartOf\":{\"@id\":\"https:\/\/qrpoint.io\/blog\/#website\"},\"datePublished\":\"2020-10-15T19:28:02+00:00\",\"dateModified\":\"2020-10-15T19:28:02+00:00\",\"description\":\"Em todo per\u00edodo de elei\u00e7\u00e3o, a Justi\u00e7a Eleitoral convoca cidad\u00e3os para trabalhar como mes\u00e1rios. Saiba mais sobre os direitos trabalhistas desta fun\u00e7\u00e3o.\",\"breadcrumb\":{\"@id\":\"https:\/\/qrpoint.io\/blog\/direitos-trabalhistas-dos-mesarios-nas-eleicoes-de-2020\/#breadcrumb\"},\"inLanguage\":\"pt-BR\",\"potentialAction\":[{\"@type\":\"ReadAction\",\"target\":[\"https:\/\/qrpoint.io\/blog\/direitos-trabalhistas-dos-mesarios-nas-eleicoes-de-2020\/\"]}]},{\"@type\":\"BreadcrumbList\",\"@id\":\"https:\/\/qrpoint.io\/blog\/direitos-trabalhistas-dos-mesarios-nas-eleicoes-de-2020\/#breadcrumb\",\"itemListElement\":[{\"@type\":\"ListItem\",\"position\":1,\"name\":\"Home\",\"item\":\"https:\/\/qrpoint.io\/blog\/\"},{\"@type\":\"ListItem\",\"position\":2,\"name\":\"Direitos trabalhistas dos mes\u00e1rios nas elei\u00e7\u00f5es de 2020\"}]},{\"@type\":\"WebSite\",\"@id\":\"https:\/\/qrpoint.io\/blog\/#website\",\"url\":\"https:\/\/qrpoint.io\/blog\/\",\"name\":\"QRpoint\",\"description\":\"Melhor Sistema de Controle de Ponto do Brasil! Tecnologia de RH capaz de simplificar os processos do RH da sua empresa! Confira!\",\"publisher\":{\"@id\":\"https:\/\/qrpoint.io\/blog\/#organization\"},\"potentialAction\":[{\"@type\":\"SearchAction\",\"target\":{\"@type\":\"EntryPoint\",\"urlTemplate\":\"https:\/\/qrpoint.io\/blog\/?s={search_term_string}\"},\"query-input\":\"required name=search_term_string\"}],\"inLanguage\":\"pt-BR\"},{\"@type\":\"Organization\",\"@id\":\"https:\/\/qrpoint.io\/blog\/#organization\",\"name\":\"QRpoint\",\"url\":\"https:\/\/qrpoint.io\/blog\/\",\"logo\":{\"@type\":\"ImageObject\",\"inLanguage\":\"pt-BR\",\"@id\":\"https:\/\/qrpoint.io\/blog\/#\/schema\/logo\/image\/\",\"url\":\"https:\/\/qrpoint.io\/wp-content\/uploads\/2022\/09\/Twitter-avatar-100x100-1.png\",\"contentUrl\":\"https:\/\/qrpoint.io\/wp-content\/uploads\/2022\/09\/Twitter-avatar-100x100-1.png\",\"width\":100,\"height\":100,\"caption\":\"QRpoint\"},\"image\":{\"@id\":\"https:\/\/qrpoint.io\/blog\/#\/schema\/logo\/image\/\"},\"sameAs\":[\"https:\/\/pt-br.facebook.com\/qrpoint\/\",\"https:\/\/www.instagram.com\/qrpoint\/\"]},{\"@type\":\"Person\",\"@id\":\"https:\/\/qrpoint.io\/blog\/#\/schema\/person\/a947229d2b2e8ab9057e4cde6f7cc567\",\"name\":\"Eduardo Lobo\",\"image\":{\"@type\":\"ImageObject\",\"inLanguage\":\"pt-BR\",\"@id\":\"https:\/\/qrpoint.io\/blog\/#\/schema\/person\/image\/\",\"url\":\"https:\/\/secure.gravatar.com\/avatar\/?s=96&d=mm&r=g\",\"contentUrl\":\"https:\/\/secure.gravatar.com\/avatar\/?s=96&d=mm&r=g\",\"caption\":\"Eduardo Lobo\"},\"url\":\"https:\/\/qrpoint.io\/blog\/author\/eduardo-lobo\/\"}]}<\/script>\n<!-- \/ Yoast SEO Premium plugin. -->","yoast_head_json":{"title":"Direitos trabalhistas dos mes\u00e1rios nas elei\u00e7\u00f5es de 2020 - QRpoint","description":"Em todo per\u00edodo de elei\u00e7\u00e3o, a Justi\u00e7a Eleitoral convoca cidad\u00e3os para trabalhar como mes\u00e1rios. Saiba mais sobre os direitos trabalhistas desta fun\u00e7\u00e3o.","robots":{"index":"index","follow":"follow","max-snippet":"max-snippet:-1","max-image-preview":"max-image-preview:large","max-video-preview":"max-video-preview:-1"},"canonical":"https:\/\/qrpoint.io\/blog\/direitos-trabalhistas-dos-mesarios-nas-eleicoes-de-2020\/","og_locale":"pt_BR","og_type":"article","og_title":"Direitos trabalhistas dos mes\u00e1rios nas elei\u00e7\u00f5es de 2020","og_description":"Em todo per\u00edodo de elei\u00e7\u00e3o, a Justi\u00e7a Eleitoral convoca cidad\u00e3os para trabalhar como mes\u00e1rios. Saiba mais sobre os direitos trabalhistas desta fun\u00e7\u00e3o.","og_url":"https:\/\/qrpoint.io\/blog\/direitos-trabalhistas-dos-mesarios-nas-eleicoes-de-2020\/","og_site_name":"QRpoint","article_publisher":"https:\/\/pt-br.facebook.com\/qrpoint\/","article_published_time":"2020-10-15T19:28:02+00:00","author":"Eduardo Lobo","twitter_card":"summary_large_image","twitter_misc":{"Escrito por":"Eduardo Lobo","Est. tempo de leitura":"5 minutos"},"schema":{"@context":"https:\/\/schema.org","@graph":[{"@type":"Article","@id":"https:\/\/qrpoint.io\/blog\/direitos-trabalhistas-dos-mesarios-nas-eleicoes-de-2020\/#article","isPartOf":{"@id":"https:\/\/qrpoint.io\/blog\/direitos-trabalhistas-dos-mesarios-nas-eleicoes-de-2020\/"},"author":{"name":"Eduardo Lobo","@id":"https:\/\/qrpoint.io\/blog\/#\/schema\/person\/a947229d2b2e8ab9057e4cde6f7cc567"},"headline":"Direitos trabalhistas dos mes\u00e1rios nas elei\u00e7\u00f5es de 2020","datePublished":"2020-10-15T19:28:02+00:00","dateModified":"2020-10-15T19:28:02+00:00","mainEntityOfPage":{"@id":"https:\/\/qrpoint.io\/blog\/direitos-trabalhistas-dos-mesarios-nas-eleicoes-de-2020\/"},"wordCount":1011,"commentCount":0,"publisher":{"@id":"https:\/\/qrpoint.io\/blog\/#organization"},"articleSection":["Legisla\u00e7\u00e3o"],"inLanguage":"pt-BR","potentialAction":[{"@type":"CommentAction","name":"Comment","target":["https:\/\/qrpoint.io\/blog\/direitos-trabalhistas-dos-mesarios-nas-eleicoes-de-2020\/#respond"]}]},{"@type":"WebPage","@id":"https:\/\/qrpoint.io\/blog\/direitos-trabalhistas-dos-mesarios-nas-eleicoes-de-2020\/","url":"https:\/\/qrpoint.io\/blog\/direitos-trabalhistas-dos-mesarios-nas-eleicoes-de-2020\/","name":"Direitos trabalhistas dos mes\u00e1rios nas elei\u00e7\u00f5es de 2020 - QRpoint","isPartOf":{"@id":"https:\/\/qrpoint.io\/blog\/#website"},"datePublished":"2020-10-15T19:28:02+00:00","dateModified":"2020-10-15T19:28:02+00:00","description":"Em todo per\u00edodo de elei\u00e7\u00e3o, a Justi\u00e7a Eleitoral convoca cidad\u00e3os para trabalhar como mes\u00e1rios. Saiba mais sobre os direitos trabalhistas desta fun\u00e7\u00e3o.","breadcrumb":{"@id":"https:\/\/qrpoint.io\/blog\/direitos-trabalhistas-dos-mesarios-nas-eleicoes-de-2020\/#breadcrumb"},"inLanguage":"pt-BR","potentialAction":[{"@type":"ReadAction","target":["https:\/\/qrpoint.io\/blog\/direitos-trabalhistas-dos-mesarios-nas-eleicoes-de-2020\/"]}]},{"@type":"BreadcrumbList","@id":"https:\/\/qrpoint.io\/blog\/direitos-trabalhistas-dos-mesarios-nas-eleicoes-de-2020\/#breadcrumb","itemListElement":[{"@type":"ListItem","position":1,"name":"Home","item":"https:\/\/qrpoint.io\/blog\/"},{"@type":"ListItem","position":2,"name":"Direitos trabalhistas dos mes\u00e1rios nas elei\u00e7\u00f5es de 2020"}]},{"@type":"WebSite","@id":"https:\/\/qrpoint.io\/blog\/#website","url":"https:\/\/qrpoint.io\/blog\/","name":"QRpoint","description":"Melhor Sistema de Controle de Ponto do Brasil! Tecnologia de RH capaz de simplificar os processos do RH da sua empresa! Confira!","publisher":{"@id":"https:\/\/qrpoint.io\/blog\/#organization"},"potentialAction":[{"@type":"SearchAction","target":{"@type":"EntryPoint","urlTemplate":"https:\/\/qrpoint.io\/blog\/?s={search_term_string}"},"query-input":"required name=search_term_string"}],"inLanguage":"pt-BR"},{"@type":"Organization","@id":"https:\/\/qrpoint.io\/blog\/#organization","name":"QRpoint","url":"https:\/\/qrpoint.io\/blog\/","logo":{"@type":"ImageObject","inLanguage":"pt-BR","@id":"https:\/\/qrpoint.io\/blog\/#\/schema\/logo\/image\/","url":"https:\/\/qrpoint.io\/wp-content\/uploads\/2022\/09\/Twitter-avatar-100x100-1.png","contentUrl":"https:\/\/qrpoint.io\/wp-content\/uploads\/2022\/09\/Twitter-avatar-100x100-1.png","width":100,"height":100,"caption":"QRpoint"},"image":{"@id":"https:\/\/qrpoint.io\/blog\/#\/schema\/logo\/image\/"},"sameAs":["https:\/\/pt-br.facebook.com\/qrpoint\/","https:\/\/www.instagram.com\/qrpoint\/"]},{"@type":"Person","@id":"https:\/\/qrpoint.io\/blog\/#\/schema\/person\/a947229d2b2e8ab9057e4cde6f7cc567","name":"Eduardo Lobo","image":{"@type":"ImageObject","inLanguage":"pt-BR","@id":"https:\/\/qrpoint.io\/blog\/#\/schema\/person\/image\/","url":"https:\/\/secure.gravatar.com\/avatar\/?s=96&d=mm&r=g","contentUrl":"https:\/\/secure.gravatar.com\/avatar\/?s=96&d=mm&r=g","caption":"Eduardo Lobo"},"url":"https:\/\/qrpoint.io\/blog\/author\/eduardo-lobo\/"}]}},"_links":{"self":[{"href":"https:\/\/qrpoint.io\/blog\/wp-json\/wp\/v2\/posts\/6397","targetHints":{"allow":["GET"]}}],"collection":[{"href":"https:\/\/qrpoint.io\/blog\/wp-json\/wp\/v2\/posts"}],"about":[{"href":"https:\/\/qrpoint.io\/blog\/wp-json\/wp\/v2\/types\/post"}],"author":[{"embeddable":true,"href":"https:\/\/qrpoint.io\/blog\/wp-json\/wp\/v2\/users\/3"}],"replies":[{"embeddable":true,"href":"https:\/\/qrpoint.io\/blog\/wp-json\/wp\/v2\/comments?post=6397"}],"version-history":[{"count":0,"href":"https:\/\/qrpoint.io\/blog\/wp-json\/wp\/v2\/posts\/6397\/revisions"}],"wp:featuredmedia":[{"embeddable":true,"href":"https:\/\/qrpoint.io\/blog\/wp-json\/"}],"wp:attachment":[{"href":"https:\/\/qrpoint.io\/blog\/wp-json\/wp\/v2\/media?parent=6397"}],"wp:term":[{"taxonomy":"category","embeddable":true,"href":"https:\/\/qrpoint.io\/blog\/wp-json\/wp\/v2\/categories?post=6397"},{"taxonomy":"post_tag","embeddable":true,"href":"https:\/\/qrpoint.io\/blog\/wp-json\/wp\/v2\/tags?post=6397"}],"curies":[{"name":"wp","href":"https:\/\/api.w.org\/{rel}","templated":true}]}}