{"id":6494,"date":"2020-04-07T13:20:34","date_gmt":"2020-04-07T16:20:34","guid":{"rendered":"https:\/\/charming-archimedes.50-17-123-235.plesk.page\/index.php\/2020\/04\/07\/visao-sistemica-ou-holistica-na-gestao-de-pessoas\/"},"modified":"2023-08-28T13:17:00","modified_gmt":"2023-08-28T16:17:00","slug":"visao-sistemica-ou-holistica-na-gestao-de-pessoas","status":"publish","type":"post","link":"https:\/\/qrpoint.io\/blog\/visao-sistemica-ou-holistica-na-gestao-de-pessoas\/","title":{"rendered":"Vis\u00e3o sist\u00eamica ou vis\u00e3o hol\u00edstica na gest\u00e3o de pessoas?"},"content":{"rendered":"\n<p>A vis\u00e3o sist\u00eamica e a vis\u00e3o hol\u00edstica constituem metodologias que podem ser aplicadas na gest\u00e3o de pessoas. Mas, no momento de optar por uma ou outra, podem surgir d\u00favidas sobre qual delas possui as caracter\u00edsticas mais apropriadas para o contexto em que cada empresa se encontra.&nbsp;<\/p>\n\n\n\n<p>A vis\u00e3o sist\u00eamica, por exemplo, se refere \u00e0 gest\u00e3o por processos. Nessa metodologia, procura-se compreender bem os processos e atividades e como eles interagem entre si. Dessa forma, \u00e9 poss\u00edvel torn\u00e1-los melhores.&nbsp;<\/p>\n\n\n\n<p>Nessa vis\u00e3o, os colaboradores da empresa entendem como suas respectivas fun\u00e7\u00f5es se encaixam no processo geral da institui\u00e7\u00e3o. Al\u00e9m disso, possuem a percep\u00e7\u00e3o de que sempre podem aprimorar ou mudar sua atividade, ao notarem as causas, consequ\u00eancias e efeitos das suas a\u00e7\u00f5es.<\/p>\n\n\n\n<p>No caso dos l\u00edderes e gestores, dentro da vis\u00e3o sist\u00eamica, exercem a fun\u00e7\u00e3o de medir o desempenho desses processos, reconhecendo&nbsp; o que tem agregado valor aos objetivos e servi\u00e7os da empresa, os problemas do processo e tamb\u00e9m os pontos de melhorias.&nbsp;<\/p>\n\n\n\n<p>A divis\u00e3o de tarefas presente nessa metodologia \u00e9 defendida por seu potencial de permitir mais agilidade e produtividade nos processos. Isso se d\u00e1 porque os funcion\u00e1rios conseguem se especializar na sua fun\u00e7\u00e3o e se concentrar nela, diferentemente do que acontece na vis\u00e3o hol\u00edstica.<\/p>\n\n\n\n<figure class=\"wp-block-image size-large\"><a href=\"https:\/\/signup.qrpoint.io\/?utm_source=qrpoint&amp;utm_medium=blog&amp;utm_content=banner-innerpage&amp;utm_term=visao-sistemica-ou-holistica\"><img loading=\"lazy\" decoding=\"async\" width=\"1024\" height=\"576\" src=\"http:\/\/qrpoint.io\/blog\/wp-content\/uploads\/2023\/02\/QRPoint-imagens-blog-banner-innerpage-1024x576.png\" alt=\"\" class=\"wp-image-8976\" style=\"aspect-ratio:16\/9;object-fit:cover\" srcset=\"https:\/\/qrpoint.io\/blog\/wp-content\/uploads\/2023\/02\/QRPoint-imagens-blog-banner-innerpage-1024x576.png 1024w, https:\/\/qrpoint.io\/blog\/wp-content\/uploads\/2023\/02\/QRPoint-imagens-blog-banner-innerpage-300x169.png 300w, https:\/\/qrpoint.io\/blog\/wp-content\/uploads\/2023\/02\/QRPoint-imagens-blog-banner-innerpage-768x432.png 768w, https:\/\/qrpoint.io\/blog\/wp-content\/uploads\/2023\/02\/QRPoint-imagens-blog-banner-innerpage-1536x864.png 1536w, https:\/\/qrpoint.io\/blog\/wp-content\/uploads\/2023\/02\/QRPoint-imagens-blog-banner-innerpage.png 1920w\" sizes=\"auto, (max-width: 1024px) 100vw, 1024px\" \/><\/a><\/figure>\n\n\n\n<h2 class=\"wp-block-heading\" id=\"h-o-que-e-visao-holistica-na-gestao-de-pessoas\">O que \u00e9 vis\u00e3o hol\u00edstica na gest\u00e3o de pessoas?\u00a0<\/h2>\n\n\n\n<p>Na vis\u00e3o hol\u00edstica, h\u00e1 a an\u00e1lise do cen\u00e1rio integral da empresa. Nessa perspectiva, considera-se que cada colaborador tem uma fun\u00e7\u00e3o e import\u00e2ncia na sua atividade, mas os processos espec\u00edficos n\u00e3o s\u00e3o tratados individualmente.&nbsp;<\/p>\n\n\n\n<p>Em outras palavras, a vis\u00e3o hol\u00edstica considera que somente juntos os elementos da empresa conseguem formar um todo.<\/p>\n\n\n\n<p>Com essa metodologia, os profissionais s\u00e3o tirados das suas especificidades e destacados no plano geral, o que permite mais foco em solu\u00e7\u00f5es e resultados. Assim, os processos dentro da institui\u00e7\u00e3o s\u00e3o vistos como uma linha fluida, que come\u00e7a em uma fun\u00e7\u00e3o e segue at\u00e9 chegar no resultado final.<\/p>\n\n\n\n<p>Na vis\u00e3o hol\u00edstica, os funcion\u00e1rios tendem a ser mais motivados, j\u00e1 que o gestor consegue estabelecer estrat\u00e9gias para isso, sugerindo, por exemplo, uma troca de tarefas. Dessa forma, as pessoas mudam suas fun\u00e7\u00f5es umas com as outras, saem da rotina, conhecem outras \u00e1reas e conseguem enxergar o processo inteiro &#8211; e a relev\u00e2ncia de cada parte dentro dele.<\/p>\n\n\n\n<p>A motiva\u00e7\u00e3o dos funcion\u00e1rios pode se dar a partir dessa a\u00e7\u00e3o de troca de tarefas. No caso da rotiniza\u00e7\u00e3o isso n\u00e3o acontece, j\u00e1 que os colaboradores acabam se concentrando somente em uma atividade e n\u00e3o t\u00eam a vis\u00e3o completa de todo o sistema.&nbsp;<\/p>\n\n\n\n<h2 class=\"wp-block-heading\" id=\"h-qual-metodologia-escolher-no-rh-de-uma-empresa\">Qual metodologia escolher no RH de uma empresa?<\/h2>\n\n\n\n<p>Para escolher entre a vis\u00e3o sist\u00eamica e a vis\u00e3o hol\u00edstica para o RH de uma empresa deve-se pensar em qual metodologia se adequa ao neg\u00f3cio de forma natural. Mas \u00e9 sempre muito importante pensar que, na gest\u00e3o de pessoas, deve haver humaniza\u00e7\u00e3o.<\/p>\n\n\n\n<p>Nesse sentido, \u00e9 preciso levar em conta a vida dos funcion\u00e1rios, o seu bem-estar e sua evolu\u00e7\u00e3o. Observando isso \u00e9 poss\u00edvel fornecer benef\u00edcios, programas educacionais e a\u00e7\u00f5es para manter seu conforto. E, ainda, <a href=\\\"http:\/\/charming-archimedes.50-17-123-235.plesk.page\/blog\/como-fazer-o-desenvolvimento-de-equipes-em-sua-empresa\/\\\">\u00e9 poss\u00edvel desenvolver sua equipe<\/a>, levando, consequentemente, \u00e0 maior produtividade.\u00a0<\/p>\n\n\n\n<p>Para garantir que a vis\u00e3o sist\u00eamica ou hol\u00edstica est\u00e1 funcionando a longo prazo \u00e9 preciso acompanhar o rendimento da equipe; ou seja, controlar o desempenho dos funcion\u00e1rios. Isso inclui o j\u00e1 citado bem-estar e, tamb\u00e9m, a mensura\u00e7\u00e3o dos n\u00edveis de produtividade.&nbsp;<\/p>\n\n\n\n<p>Criando metas e acompanhando os resultados da empresa e dos colaboradores individualmente \u00e9 poss\u00edvel enxergar se a metodologia escolhida \u00e9 apropriada ao seu estilo de neg\u00f3cio ou se vale a pena fazer outros testes.&nbsp;<\/p>\n\n\n\n<p>Al\u00e9m disso, a mensura\u00e7\u00e3o viabiliza o entendimento sobre o real impacto que a vis\u00e3o adotada promove na qualidade de vida dos funcion\u00e1rios. Afinal, s\u00f3 assim o bom rendimento \u00e9, de fato, sustentado.&nbsp;<\/p>\n\n\n\n<p>Para mais, qualquer que seja a estrat\u00e9gia adotada, \u00e9 necess\u00e1rio utilizar ferramentas que automatizem determinadas a\u00e7\u00f5es. Um processo automatizado pode tornar a gest\u00e3o mais fluida e evitar diversos gargalos causados por erro humano. Um bom exemplo dessas ferramentas \u00e9 a folha de ponto simplificada, feita por aplicativo.&nbsp;<\/p>\n\n\n\n<p>Esse recurso prop\u00f5e o controle da jornada de trabalho de maneira assertiva e descomplicada. O aplicativo da QRPOINT, por exemplo, apresenta as <a href=\\\"http:\/\/charming-archimedes.50-17-123-235.plesk.page\/blog\/controle-de-ponto-de-colaboradores-tudo-o-que-voce-precisa-saber\/\\\">funcionalidades necess\u00e1rias para controlar o ponto dos seus colaboradores<\/a>, incluindo horas trabalhadas, adicionais, faltas e demais informa\u00e7\u00f5es que precisam ser apuradas a cada m\u00eas.<\/p>\n\n\n\n<p>Utilizar um aplicativo para essa finalidade tamb\u00e9m \u00e9 uma forma de facilitar a rotina do gestor, que consegue acompanhar o rendimento das estrat\u00e9gias e metodologia adotada conforme elas s\u00e3o implementadas.<\/p>\n\n\n\n<p>Gostou da ideia? Ent\u00e3o revolucione sua empresa com a QRPOINT!&nbsp;<\/p>\n\n\n\n<p>Assine nossa Newsletter para ficar atento \u00e0s informa\u00e7\u00f5es e \u00e0s not\u00edcias sobre gest\u00e3o de pessoas.&nbsp;<\/p>\n","protected":false},"excerpt":{"rendered":"<p>Veja se sua empresa se adequa mais \u00e0 vis\u00e3o sist\u00eamica ou hol\u00edstica na gest\u00e3o de pessoas e descubra a diferen\u00e7a entre os dois modelos neste artigo.<\/p>\n","protected":false},"author":3,"featured_media":1228,"comment_status":"open","ping_status":"open","sticky":false,"template":"","format":"standard","meta":{"site-sidebar-layout":"default","site-content-layout":"default","ast-global-header-display":"","ast-main-header-display":"","ast-hfb-above-header-display":"","ast-hfb-below-header-display":"","ast-hfb-mobile-header-display":"","site-post-title":"","ast-breadcrumbs-content":"","ast-featured-img":"","footer-sml-layout":"","theme-transparent-header-meta":"default","adv-header-id-meta":"","stick-header-meta":"","header-above-stick-meta":"","header-main-stick-meta":"","header-below-stick-meta":"","footnotes":""},"categories":[15],"tags":[],"class_list":["post-6494","post","type-post","status-publish","format-standard","has-post-thumbnail","hentry","category-gestao-de-pessoas"],"yoast_head":"<!-- This site is optimized with the Yoast SEO Premium plugin v19.2 (Yoast SEO v20.2.1) - https:\/\/yoast.com\/wordpress\/plugins\/seo\/ -->\n<title>Vis\u00e3o sist\u00eamica ou hol\u00edstica na gest\u00e3o de pessoas? - QRpoint<\/title>\n<meta name=\"description\" content=\"Veja se sua empresa se adequa mais \u00e0 vis\u00e3o sist\u00eamica ou hol\u00edstica na gest\u00e3o de pessoas e descubra a diferen\u00e7a entre os dois modelos neste artigo.\" \/>\n<meta name=\"robots\" content=\"index, follow, max-snippet:-1, max-image-preview:large, max-video-preview:-1\" \/>\n<link rel=\"canonical\" href=\"https:\/\/qrpoint.io\/blog\/visao-sistemica-ou-holistica-na-gestao-de-pessoas\/\" \/>\n<meta property=\"og:locale\" content=\"pt_BR\" \/>\n<meta property=\"og:type\" content=\"article\" \/>\n<meta property=\"og:title\" content=\"Vis\u00e3o sist\u00eamica ou vis\u00e3o hol\u00edstica na gest\u00e3o de pessoas?\" \/>\n<meta property=\"og:description\" content=\"Veja se sua empresa se adequa mais \u00e0 vis\u00e3o sist\u00eamica ou hol\u00edstica na gest\u00e3o de pessoas e descubra a diferen\u00e7a entre os dois modelos neste artigo.\" \/>\n<meta property=\"og:url\" content=\"https:\/\/qrpoint.io\/blog\/visao-sistemica-ou-holistica-na-gestao-de-pessoas\/\" \/>\n<meta property=\"og:site_name\" content=\"QRpoint\" \/>\n<meta property=\"article:publisher\" content=\"https:\/\/pt-br.facebook.com\/qrpoint\/\" \/>\n<meta property=\"article:published_time\" content=\"2020-04-07T16:20:34+00:00\" \/>\n<meta property=\"article:modified_time\" content=\"2023-08-28T16:17:00+00:00\" \/>\n<meta name=\"author\" content=\"Eduardo Lobo\" \/>\n<meta name=\"twitter:card\" content=\"summary_large_image\" \/>\n<meta name=\"twitter:label1\" content=\"Escrito por\" \/>\n\t<meta name=\"twitter:data1\" content=\"Eduardo Lobo\" \/>\n\t<meta name=\"twitter:label2\" content=\"Est. tempo de leitura\" \/>\n\t<meta name=\"twitter:data2\" content=\"5 minutos\" \/>\n<script type=\"application\/ld+json\" class=\"yoast-schema-graph\">{\"@context\":\"https:\/\/schema.org\",\"@graph\":[{\"@type\":\"Article\",\"@id\":\"https:\/\/qrpoint.io\/blog\/visao-sistemica-ou-holistica-na-gestao-de-pessoas\/#article\",\"isPartOf\":{\"@id\":\"https:\/\/qrpoint.io\/blog\/visao-sistemica-ou-holistica-na-gestao-de-pessoas\/\"},\"author\":{\"name\":\"Eduardo Lobo\",\"@id\":\"https:\/\/qrpoint.io\/blog\/#\/schema\/person\/a947229d2b2e8ab9057e4cde6f7cc567\"},\"headline\":\"Vis\u00e3o sist\u00eamica ou vis\u00e3o hol\u00edstica na gest\u00e3o de pessoas?\",\"datePublished\":\"2020-04-07T16:20:34+00:00\",\"dateModified\":\"2023-08-28T16:17:00+00:00\",\"mainEntityOfPage\":{\"@id\":\"https:\/\/qrpoint.io\/blog\/visao-sistemica-ou-holistica-na-gestao-de-pessoas\/\"},\"wordCount\":876,\"commentCount\":0,\"publisher\":{\"@id\":\"https:\/\/qrpoint.io\/blog\/#organization\"},\"articleSection\":[\"Gest\u00e3o de Pessoas\"],\"inLanguage\":\"pt-BR\",\"potentialAction\":[{\"@type\":\"CommentAction\",\"name\":\"Comment\",\"target\":[\"https:\/\/qrpoint.io\/blog\/visao-sistemica-ou-holistica-na-gestao-de-pessoas\/#respond\"]}]},{\"@type\":\"WebPage\",\"@id\":\"https:\/\/qrpoint.io\/blog\/visao-sistemica-ou-holistica-na-gestao-de-pessoas\/\",\"url\":\"https:\/\/qrpoint.io\/blog\/visao-sistemica-ou-holistica-na-gestao-de-pessoas\/\",\"name\":\"Vis\u00e3o sist\u00eamica ou hol\u00edstica na gest\u00e3o de pessoas? - QRpoint\",\"isPartOf\":{\"@id\":\"https:\/\/qrpoint.io\/blog\/#website\"},\"datePublished\":\"2020-04-07T16:20:34+00:00\",\"dateModified\":\"2023-08-28T16:17:00+00:00\",\"description\":\"Veja se sua empresa se adequa mais \u00e0 vis\u00e3o sist\u00eamica ou hol\u00edstica na gest\u00e3o de pessoas e descubra a diferen\u00e7a entre os dois modelos neste artigo.\",\"breadcrumb\":{\"@id\":\"https:\/\/qrpoint.io\/blog\/visao-sistemica-ou-holistica-na-gestao-de-pessoas\/#breadcrumb\"},\"inLanguage\":\"pt-BR\",\"potentialAction\":[{\"@type\":\"ReadAction\",\"target\":[\"https:\/\/qrpoint.io\/blog\/visao-sistemica-ou-holistica-na-gestao-de-pessoas\/\"]}]},{\"@type\":\"BreadcrumbList\",\"@id\":\"https:\/\/qrpoint.io\/blog\/visao-sistemica-ou-holistica-na-gestao-de-pessoas\/#breadcrumb\",\"itemListElement\":[{\"@type\":\"ListItem\",\"position\":1,\"name\":\"Home\",\"item\":\"https:\/\/qrpoint.io\/blog\/\"},{\"@type\":\"ListItem\",\"position\":2,\"name\":\"Vis\u00e3o sist\u00eamica ou vis\u00e3o hol\u00edstica na gest\u00e3o de pessoas?\"}]},{\"@type\":\"WebSite\",\"@id\":\"https:\/\/qrpoint.io\/blog\/#website\",\"url\":\"https:\/\/qrpoint.io\/blog\/\",\"name\":\"QRpoint\",\"description\":\"Melhor Sistema de Controle de Ponto do Brasil! Tecnologia de RH capaz de simplificar os processos do RH da sua empresa! Confira!\",\"publisher\":{\"@id\":\"https:\/\/qrpoint.io\/blog\/#organization\"},\"potentialAction\":[{\"@type\":\"SearchAction\",\"target\":{\"@type\":\"EntryPoint\",\"urlTemplate\":\"https:\/\/qrpoint.io\/blog\/?s={search_term_string}\"},\"query-input\":\"required name=search_term_string\"}],\"inLanguage\":\"pt-BR\"},{\"@type\":\"Organization\",\"@id\":\"https:\/\/qrpoint.io\/blog\/#organization\",\"name\":\"QRpoint\",\"url\":\"https:\/\/qrpoint.io\/blog\/\",\"logo\":{\"@type\":\"ImageObject\",\"inLanguage\":\"pt-BR\",\"@id\":\"https:\/\/qrpoint.io\/blog\/#\/schema\/logo\/image\/\",\"url\":\"https:\/\/qrpoint.io\/wp-content\/uploads\/2022\/09\/Twitter-avatar-100x100-1.png\",\"contentUrl\":\"https:\/\/qrpoint.io\/wp-content\/uploads\/2022\/09\/Twitter-avatar-100x100-1.png\",\"width\":100,\"height\":100,\"caption\":\"QRpoint\"},\"image\":{\"@id\":\"https:\/\/qrpoint.io\/blog\/#\/schema\/logo\/image\/\"},\"sameAs\":[\"https:\/\/pt-br.facebook.com\/qrpoint\/\",\"https:\/\/www.instagram.com\/qrpoint\/\"]},{\"@type\":\"Person\",\"@id\":\"https:\/\/qrpoint.io\/blog\/#\/schema\/person\/a947229d2b2e8ab9057e4cde6f7cc567\",\"name\":\"Eduardo Lobo\",\"image\":{\"@type\":\"ImageObject\",\"inLanguage\":\"pt-BR\",\"@id\":\"https:\/\/qrpoint.io\/blog\/#\/schema\/person\/image\/\",\"url\":\"https:\/\/secure.gravatar.com\/avatar\/?s=96&d=mm&r=g\",\"contentUrl\":\"https:\/\/secure.gravatar.com\/avatar\/?s=96&d=mm&r=g\",\"caption\":\"Eduardo Lobo\"},\"url\":\"https:\/\/qrpoint.io\/blog\/author\/eduardo-lobo\/\"}]}<\/script>\n<!-- \/ Yoast SEO Premium plugin. -->","yoast_head_json":{"title":"Vis\u00e3o sist\u00eamica ou hol\u00edstica na gest\u00e3o de pessoas? - QRpoint","description":"Veja se sua empresa se adequa mais \u00e0 vis\u00e3o sist\u00eamica ou hol\u00edstica na gest\u00e3o de pessoas e descubra a diferen\u00e7a entre os dois modelos neste artigo.","robots":{"index":"index","follow":"follow","max-snippet":"max-snippet:-1","max-image-preview":"max-image-preview:large","max-video-preview":"max-video-preview:-1"},"canonical":"https:\/\/qrpoint.io\/blog\/visao-sistemica-ou-holistica-na-gestao-de-pessoas\/","og_locale":"pt_BR","og_type":"article","og_title":"Vis\u00e3o sist\u00eamica ou vis\u00e3o hol\u00edstica na gest\u00e3o de pessoas?","og_description":"Veja se sua empresa se adequa mais \u00e0 vis\u00e3o sist\u00eamica ou hol\u00edstica na gest\u00e3o de pessoas e descubra a diferen\u00e7a entre os dois modelos neste artigo.","og_url":"https:\/\/qrpoint.io\/blog\/visao-sistemica-ou-holistica-na-gestao-de-pessoas\/","og_site_name":"QRpoint","article_publisher":"https:\/\/pt-br.facebook.com\/qrpoint\/","article_published_time":"2020-04-07T16:20:34+00:00","article_modified_time":"2023-08-28T16:17:00+00:00","author":"Eduardo Lobo","twitter_card":"summary_large_image","twitter_misc":{"Escrito por":"Eduardo Lobo","Est. tempo de leitura":"5 minutos"},"schema":{"@context":"https:\/\/schema.org","@graph":[{"@type":"Article","@id":"https:\/\/qrpoint.io\/blog\/visao-sistemica-ou-holistica-na-gestao-de-pessoas\/#article","isPartOf":{"@id":"https:\/\/qrpoint.io\/blog\/visao-sistemica-ou-holistica-na-gestao-de-pessoas\/"},"author":{"name":"Eduardo Lobo","@id":"https:\/\/qrpoint.io\/blog\/#\/schema\/person\/a947229d2b2e8ab9057e4cde6f7cc567"},"headline":"Vis\u00e3o sist\u00eamica ou vis\u00e3o hol\u00edstica na gest\u00e3o de pessoas?","datePublished":"2020-04-07T16:20:34+00:00","dateModified":"2023-08-28T16:17:00+00:00","mainEntityOfPage":{"@id":"https:\/\/qrpoint.io\/blog\/visao-sistemica-ou-holistica-na-gestao-de-pessoas\/"},"wordCount":876,"commentCount":0,"publisher":{"@id":"https:\/\/qrpoint.io\/blog\/#organization"},"articleSection":["Gest\u00e3o de Pessoas"],"inLanguage":"pt-BR","potentialAction":[{"@type":"CommentAction","name":"Comment","target":["https:\/\/qrpoint.io\/blog\/visao-sistemica-ou-holistica-na-gestao-de-pessoas\/#respond"]}]},{"@type":"WebPage","@id":"https:\/\/qrpoint.io\/blog\/visao-sistemica-ou-holistica-na-gestao-de-pessoas\/","url":"https:\/\/qrpoint.io\/blog\/visao-sistemica-ou-holistica-na-gestao-de-pessoas\/","name":"Vis\u00e3o sist\u00eamica ou hol\u00edstica na gest\u00e3o de pessoas? - QRpoint","isPartOf":{"@id":"https:\/\/qrpoint.io\/blog\/#website"},"datePublished":"2020-04-07T16:20:34+00:00","dateModified":"2023-08-28T16:17:00+00:00","description":"Veja se sua empresa se adequa mais \u00e0 vis\u00e3o sist\u00eamica ou hol\u00edstica na gest\u00e3o de pessoas e descubra a diferen\u00e7a entre os dois modelos neste artigo.","breadcrumb":{"@id":"https:\/\/qrpoint.io\/blog\/visao-sistemica-ou-holistica-na-gestao-de-pessoas\/#breadcrumb"},"inLanguage":"pt-BR","potentialAction":[{"@type":"ReadAction","target":["https:\/\/qrpoint.io\/blog\/visao-sistemica-ou-holistica-na-gestao-de-pessoas\/"]}]},{"@type":"BreadcrumbList","@id":"https:\/\/qrpoint.io\/blog\/visao-sistemica-ou-holistica-na-gestao-de-pessoas\/#breadcrumb","itemListElement":[{"@type":"ListItem","position":1,"name":"Home","item":"https:\/\/qrpoint.io\/blog\/"},{"@type":"ListItem","position":2,"name":"Vis\u00e3o sist\u00eamica ou vis\u00e3o hol\u00edstica na gest\u00e3o de pessoas?"}]},{"@type":"WebSite","@id":"https:\/\/qrpoint.io\/blog\/#website","url":"https:\/\/qrpoint.io\/blog\/","name":"QRpoint","description":"Melhor Sistema de Controle de Ponto do Brasil! Tecnologia de RH capaz de simplificar os processos do RH da sua empresa! Confira!","publisher":{"@id":"https:\/\/qrpoint.io\/blog\/#organization"},"potentialAction":[{"@type":"SearchAction","target":{"@type":"EntryPoint","urlTemplate":"https:\/\/qrpoint.io\/blog\/?s={search_term_string}"},"query-input":"required name=search_term_string"}],"inLanguage":"pt-BR"},{"@type":"Organization","@id":"https:\/\/qrpoint.io\/blog\/#organization","name":"QRpoint","url":"https:\/\/qrpoint.io\/blog\/","logo":{"@type":"ImageObject","inLanguage":"pt-BR","@id":"https:\/\/qrpoint.io\/blog\/#\/schema\/logo\/image\/","url":"https:\/\/qrpoint.io\/wp-content\/uploads\/2022\/09\/Twitter-avatar-100x100-1.png","contentUrl":"https:\/\/qrpoint.io\/wp-content\/uploads\/2022\/09\/Twitter-avatar-100x100-1.png","width":100,"height":100,"caption":"QRpoint"},"image":{"@id":"https:\/\/qrpoint.io\/blog\/#\/schema\/logo\/image\/"},"sameAs":["https:\/\/pt-br.facebook.com\/qrpoint\/","https:\/\/www.instagram.com\/qrpoint\/"]},{"@type":"Person","@id":"https:\/\/qrpoint.io\/blog\/#\/schema\/person\/a947229d2b2e8ab9057e4cde6f7cc567","name":"Eduardo Lobo","image":{"@type":"ImageObject","inLanguage":"pt-BR","@id":"https:\/\/qrpoint.io\/blog\/#\/schema\/person\/image\/","url":"https:\/\/secure.gravatar.com\/avatar\/?s=96&d=mm&r=g","contentUrl":"https:\/\/secure.gravatar.com\/avatar\/?s=96&d=mm&r=g","caption":"Eduardo Lobo"},"url":"https:\/\/qrpoint.io\/blog\/author\/eduardo-lobo\/"}]}},"_links":{"self":[{"href":"https:\/\/qrpoint.io\/blog\/wp-json\/wp\/v2\/posts\/6494","targetHints":{"allow":["GET"]}}],"collection":[{"href":"https:\/\/qrpoint.io\/blog\/wp-json\/wp\/v2\/posts"}],"about":[{"href":"https:\/\/qrpoint.io\/blog\/wp-json\/wp\/v2\/types\/post"}],"author":[{"embeddable":true,"href":"https:\/\/qrpoint.io\/blog\/wp-json\/wp\/v2\/users\/3"}],"replies":[{"embeddable":true,"href":"https:\/\/qrpoint.io\/blog\/wp-json\/wp\/v2\/comments?post=6494"}],"version-history":[{"count":1,"href":"https:\/\/qrpoint.io\/blog\/wp-json\/wp\/v2\/posts\/6494\/revisions"}],"predecessor-version":[{"id":9102,"href":"https:\/\/qrpoint.io\/blog\/wp-json\/wp\/v2\/posts\/6494\/revisions\/9102"}],"wp:featuredmedia":[{"embeddable":true,"href":"https:\/\/qrpoint.io\/blog\/wp-json\/"}],"wp:attachment":[{"href":"https:\/\/qrpoint.io\/blog\/wp-json\/wp\/v2\/media?parent=6494"}],"wp:term":[{"taxonomy":"category","embeddable":true,"href":"https:\/\/qrpoint.io\/blog\/wp-json\/wp\/v2\/categories?post=6494"},{"taxonomy":"post_tag","embeddable":true,"href":"https:\/\/qrpoint.io\/blog\/wp-json\/wp\/v2\/tags?post=6494"}],"curies":[{"name":"wp","href":"https:\/\/api.w.org\/{rel}","templated":true}]}}